{"id":435,"count":6,"description":"","link":"https:\/\/www.bbyhaber.com\/bby\/tag\/feridun-buyukyildiz","name":"Feridun B\u00fcy\u00fcky\u0131ld\u0131z","slug":"feridun-buyukyildiz","taxonomy":"post_tag","meta":[],"_links":{"self":[{"href":"https:\/\/www.bbyhaber.com\/bby\/wp-json\/wp\/v2\/tags\/435"}],"collection":[{"href":"https:\/\/www.bbyhaber.com\/bby\/wp-json\/wp\/v2\/tags"}],"about":[{"href":"https:\/\/www.bbyhaber.com\/bby\/wp-json\/wp\/v2\/taxonomies\/post_tag"}],"wp:post_type":[{"href":"https:\/\/www.bbyhaber.com\/bby\/wp-json\/wp\/v2\/posts?tags=435"}],"curies":[{"name":"wp","href":"https:\/\/api.w.org\/{rel}","templated":true}]}}