{"id":9949,"date":"2013-03-06T09:54:56","date_gmt":"2013-03-06T07:54:56","guid":{"rendered":"http:\/\/www.bbyhaber.com\/bby\/?p=9949"},"modified":"2013-03-06T10:06:13","modified_gmt":"2013-03-06T08:06:13","slug":"bilgi-ve-belge-yonetimi-facebook-tanitim-sayfasi","status":"publish","type":"post","link":"https:\/\/www.bbyhaber.com\/bby\/2013\/03\/06\/bilgi-ve-belge-yonetimi-facebook-tanitim-sayfasi","title":{"rendered":"Bilgi ve Belge Y\u00f6netimi Facebook Tan\u0131t\u0131m Sayfas\u0131"},"content":{"rendered":"<p style=\"text-align: justify;\">Atat\u00fcrk \u00dcniversitesi BBY B\u00f6l\u00fcm\u00fc\u2019nden birka\u00e7 meslekta\u015f\u0131m\u0131z Bilgi ve Belge Y\u00f6netimi Facebook Tan\u0131t\u0131m Sayfas\u0131 ad\u0131 alt\u0131nda bir ekip olu\u015fturarak herkesi ortak bir platformda birle\u015ftirmeyi, b\u00f6l\u00fcm\u00fcm\u00fcz\u00fc b\u00f6yle bir ekiple tan\u0131tmay\u0131 ama\u00e7lamaktad\u0131rlar. bbyhaber\u2019de bu ekipte y\u00f6netici olarak yer alacak ve bu platforma destek vermeye \u00e7al\u0131\u015facakt\u0131r. Ekipte y\u00f6netici olarak g\u00f6rev alacak de\u011ferli meslekta\u015flar\u0131m\u0131zdan baz\u0131lar\u0131 ise \u015fu \u015fekilde belirlenmi\u015ftir; Ayd\u0131n \u0130leri, Emre Hasan Akbayrak, Meral Ar\u0131kan, Fatih Erdo\u011fan ve \u00c7i\u011fdem Odaba\u015f\u0131\u2019d\u0131r.<!--more--><\/p>\n<p>Tan\u0131t\u0131m ekibine ba\u015far\u0131lar diler, bbyhaber\u2019e de y\u00f6netici teklifinde bulunduklar\u0131 i\u00e7in te\u015fekk\u00fcr ederiz.<\/p>\n<p><a href=\"https:\/\/www.facebook.com\/BilgiVeBelgeYonetimiTanitimSayfasi\" target=\"_blank\"><span style=\"color: #0000ff;\"><strong>Bilgi ve Belge Y\u00f6netimi Facebook Tan\u0131t\u0131m Sayfas\u0131 i\u00e7in t\u0131klay\u0131n\u0131z<\/strong><\/span><\/a><\/p>\n<p><a href=\"http:\/\/www.bbyhaber.com\/bby\/wp-content\/uploads\/2013\/03\/bbytanitim-sayfasi.jpg\"><img loading=\"lazy\" decoding=\"async\" class=\"alignleft size-thumbnail wp-image-9950\" title=\"bbytanitim-sayfasi\" src=\"http:\/\/www.bbyhaber.com\/bby\/wp-content\/uploads\/2013\/03\/bbytanitim-sayfasi.jpg\" alt=\"\" width=\"439\" height=\"137\" \/><\/a><\/p>\n","protected":false},"excerpt":{"rendered":"<p>Atat\u00fcrk \u00dcniversitesi BBY B\u00f6l\u00fcm\u00fc\u2019nden birka\u00e7 meslekta\u015f\u0131m\u0131z Bilgi ve Belge Y\u00f6netimi Facebook Tan\u0131t\u0131m Sayfas\u0131 ad\u0131 alt\u0131nda bir ekip olu\u015fturarak herkesi ortak bir platformda birle\u015ftirmeyi, b\u00f6l\u00fcm\u00fcm\u00fcz\u00fc b\u00f6yle bir ekiple tan\u0131tmay\u0131 ama\u00e7lamaktad\u0131rlar. bbyhaber\u2019de bu ekipte y\u00f6netici olarak yer alacak ve bu platforma destek vermeye \u00e7al\u0131\u015facakt\u0131r. Ekipte y\u00f6netici olarak g\u00f6rev alacak de\u011ferli meslekta\u015flar\u0131m\u0131zdan baz\u0131lar\u0131 ise \u015fu \u015fekilde belirlenmi\u015ftir; Ayd\u0131n [&hellip;]<\/p>\n","protected":false},"author":1,"featured_media":0,"comment_status":"open","ping_status":"open","sticky":false,"template":"","format":"standard","meta":{"footnotes":""},"categories":[1541,1],"tags":[1413],"class_list":["post-9949","post","type-post","status-publish","format-standard","hentry","category-ataturk-universitesi-bilgi-ve-belge-yonetimi-bolumu","category-genel","tag-bby-bilgi-toplulugu-gruplari"],"_links":{"self":[{"href":"https:\/\/www.bbyhaber.com\/bby\/wp-json\/wp\/v2\/posts\/9949"}],"collection":[{"href":"https:\/\/www.bbyhaber.com\/bby\/wp-json\/wp\/v2\/posts"}],"about":[{"href":"https:\/\/www.bbyhaber.com\/bby\/wp-json\/wp\/v2\/types\/post"}],"author":[{"embeddable":true,"href":"https:\/\/www.bbyhaber.com\/bby\/wp-json\/wp\/v2\/users\/1"}],"replies":[{"embeddable":true,"href":"https:\/\/www.bbyhaber.com\/bby\/wp-json\/wp\/v2\/comments?post=9949"}],"version-history":[{"count":0,"href":"https:\/\/www.bbyhaber.com\/bby\/wp-json\/wp\/v2\/posts\/9949\/revisions"}],"wp:attachment":[{"href":"https:\/\/www.bbyhaber.com\/bby\/wp-json\/wp\/v2\/media?parent=9949"}],"wp:term":[{"taxonomy":"category","embeddable":true,"href":"https:\/\/www.bbyhaber.com\/bby\/wp-json\/wp\/v2\/categories?post=9949"},{"taxonomy":"post_tag","embeddable":true,"href":"https:\/\/www.bbyhaber.com\/bby\/wp-json\/wp\/v2\/tags?post=9949"}],"curies":[{"name":"wp","href":"https:\/\/api.w.org\/{rel}","templated":true}]}}