{"id":9946,"date":"2013-03-06T09:24:33","date_gmt":"2013-03-06T07:24:33","guid":{"rendered":"http:\/\/www.bbyhaber.com\/bby\/?p=9946"},"modified":"2013-03-06T09:26:27","modified_gmt":"2013-03-06T07:26:27","slug":"gorme-engelliler-icin-sesli-kutuphane-adana","status":"publish","type":"post","link":"https:\/\/www.bbyhaber.com\/bby\/2013\/03\/06\/gorme-engelliler-icin-sesli-kutuphane-adana","title":{"rendered":"G\u00f6rme engelliler i\u00e7in sesli k\u00fct\u00fcphane-Adana"},"content":{"rendered":"<p style=\"text-align: justify;\">Adana B\u00fcy\u00fck\u015fehir Belediye Ba\u015fkan Vekili Zihni Ald\u0131rmaz, O\u011fuz Ka\u011fan K\u00f6ksal G\u00f6rme Engelliler \u0130lk\u00f6\u011fretim Okulu&#8217;nu ziyaret etti, \u00f6\u011frencilere beyaz baston da\u011f\u0131tt\u0131. Okula geli\u015finde okul m\u00fcd\u00fcr\u00fc Ali B\u00fcy\u00fcko\u011flu ve \u00f6\u011frenciler taraf\u0131ndan kar\u015f\u0131lanan Zihni Ald\u0131rmaz, \u00fcniversite i\u015fbirli\u011fi ile \u00e7al\u0131\u015fma ba\u015flatt\u0131klar\u0131n\u0131, g\u00f6rme engelliler i\u00e7in Adana&#8217;ya sesli k\u00fct\u00fcphane kazand\u0131racaklar\u0131n\u0131 s\u00f6yledi.<!--more--> Zihni Ald\u0131rmaz, &#8220;Olu\u015fturaca\u011f\u0131m\u0131z sesli k\u00fct\u00fcphanede g\u00f6rme engelliler kulakl\u0131kla kitaplar\u0131 okuyabilecekler. Ayr\u0131ca her t\u00fcrl\u00fc konuda size deste\u011fe haz\u0131r\u0131z&#8221; dedi. \u00d6\u011frenciler de Zihni Ald\u0131rmaz&#8217;a mini bir konser verdi. Okul bah\u00e7esine spor sahalar\u0131 yap\u0131lmas\u0131 ve eksiklerinin giderilmesiyle ilgili talimat veren Zihni Ald\u0131rmaz&#8217;\u0131n ziyaretine Kent Konseyi Engelliler Meclisi Ba\u015fkan\u0131 Ali Duran Karakaya, \u00c7ukurova Milli E\u011fitim M\u00fcd\u00fcr\u00fc Hac\u0131 Mustafa Erdo\u011fan, \u015eube M\u00fcd\u00fcr\u00fc Bedrettin U\u00e7ka\u00e7 ve Alt\u0131 Nokta K\u00f6rler Derne\u011fi Ba\u015fkan\u0131 Osman Al\u0131c\u0131 da kat\u0131ld\u0131.<\/p>\n<p>Kaynak: http:\/\/www.sabah.com.tr\/<\/p>\n","protected":false},"excerpt":{"rendered":"<p>Adana B\u00fcy\u00fck\u015fehir Belediye Ba\u015fkan Vekili Zihni Ald\u0131rmaz, O\u011fuz Ka\u011fan K\u00f6ksal G\u00f6rme Engelliler \u0130lk\u00f6\u011fretim Okulu&#8217;nu ziyaret etti, \u00f6\u011frencilere beyaz baston da\u011f\u0131tt\u0131. Okula geli\u015finde okul m\u00fcd\u00fcr\u00fc Ali B\u00fcy\u00fcko\u011flu ve \u00f6\u011frenciler taraf\u0131ndan kar\u015f\u0131lanan Zihni Ald\u0131rmaz, \u00fcniversite i\u015fbirli\u011fi ile \u00e7al\u0131\u015fma ba\u015flatt\u0131klar\u0131n\u0131, g\u00f6rme engelliler i\u00e7in Adana&#8217;ya sesli k\u00fct\u00fcphane kazand\u0131racaklar\u0131n\u0131 s\u00f6yledi.<\/p>\n","protected":false},"author":1,"featured_media":0,"comment_status":"open","ping_status":"open","sticky":false,"template":"","format":"standard","meta":{"footnotes":""},"categories":[1,1487,1503],"tags":[],"class_list":["post-9946","post","type-post","status-publish","format-standard","hentry","category-genel","category-gorme-engelli-kutuphane","category-sesli-kutuphane"],"_links":{"self":[{"href":"https:\/\/www.bbyhaber.com\/bby\/wp-json\/wp\/v2\/posts\/9946"}],"collection":[{"href":"https:\/\/www.bbyhaber.com\/bby\/wp-json\/wp\/v2\/posts"}],"about":[{"href":"https:\/\/www.bbyhaber.com\/bby\/wp-json\/wp\/v2\/types\/post"}],"author":[{"embeddable":true,"href":"https:\/\/www.bbyhaber.com\/bby\/wp-json\/wp\/v2\/users\/1"}],"replies":[{"embeddable":true,"href":"https:\/\/www.bbyhaber.com\/bby\/wp-json\/wp\/v2\/comments?post=9946"}],"version-history":[{"count":0,"href":"https:\/\/www.bbyhaber.com\/bby\/wp-json\/wp\/v2\/posts\/9946\/revisions"}],"wp:attachment":[{"href":"https:\/\/www.bbyhaber.com\/bby\/wp-json\/wp\/v2\/media?parent=9946"}],"wp:term":[{"taxonomy":"category","embeddable":true,"href":"https:\/\/www.bbyhaber.com\/bby\/wp-json\/wp\/v2\/categories?post=9946"},{"taxonomy":"post_tag","embeddable":true,"href":"https:\/\/www.bbyhaber.com\/bby\/wp-json\/wp\/v2\/tags?post=9946"}],"curies":[{"name":"wp","href":"https:\/\/api.w.org\/{rel}","templated":true}]}}