{"id":994,"date":"2011-03-27T22:16:15","date_gmt":"2011-03-27T22:16:15","guid":{"rendered":"http:\/\/www.bbyhaber.com\/bby\/?p=994"},"modified":"2013-02-22T13:34:09","modified_gmt":"2013-02-22T11:34:09","slug":"kutuphanecilerden-korsana-hayir-yuruyusu","status":"publish","type":"post","link":"https:\/\/www.bbyhaber.com\/bby\/2011\/03\/27\/kutuphanecilerden-korsana-hayir-yuruyusu","title":{"rendered":"K\u00fct\u00fcphanecilerden &#8220;Korsana Hay\u0131r&#8221; Y\u00fcr\u00fcy\u00fc\u015f\u00fc"},"content":{"rendered":"<p style=\"text-align: justify;\" align=\"justify\">\u0130stanbul T\u00fcrk K\u00fct\u00fcphaneciler Derne\u011fi, &#8220;K\u00fct\u00fcphane Haftas\u0131&#8221; etkinliklerine dikkat \u00e7ekilmesi ve korsan yay\u0131nc\u0131l\u0131\u011f\u0131n \u00f6nlenmesi i\u00e7in Taksim&#8217;de y\u00fcr\u00fcy\u00fc\u015f yapt\u0131. \u0130stanbul B\u00fcy\u00fck\u015fehir Belediye Bandosu&#8217;nun da e\u015flik etti\u011fi y\u00fcr\u00fcy\u00fc\u015f y\u00fczlerce ki\u015finin kat\u0131l\u0131m\u0131yla T\u00fcnel&#8217;den Taksim Meydan\u0131&#8217;na kadar s\u00fcrd\u00fc. &#8220;K\u00fct\u00fcphaneleri Ke\u015ffedin, Korsan\u0131 Yok Edin&#8221; sloganlar\u0131 at\u0131lan y\u00fcr\u00fcy\u00fc\u015f\u00fcn ard\u0131ndan Taksim Meydan\u0131&#8217;nda bas\u0131n a\u00e7\u0131klamas\u0131 yap\u0131ld\u0131.<!--more--><\/p>\n<p style=\"text-align: justify;\" align=\"justify\">Grup ad\u0131na bas\u0131n a\u00e7\u0131klamas\u0131n\u0131 okuyan T\u00fcrk K\u00fct\u00fcphaneciler Derne\u011fi \u0130stanbul \u015eubesi Ba\u015fkan\u0131 Mehmet Manyas, bug\u00fcn burada kentin k\u00fct\u00fcphanelerini konu\u015fmak korsan yay\u0131nlara hay\u0131r demek i\u00e7in bir araya geldik. K\u00fct\u00fcphaneler bir \u00fclkenin zenginli\u011fidir. K\u00fct\u00fcphaneler ancak g\u00fcndelik ya\u015fam\u0131n i\u00e7inde i\u015flevsel bir bi\u00e7imde ya\u015fat\u0131ld\u0131\u011f\u0131 \u00f6l\u00e7\u00fcde i\u015flevini yerine getirir. Kentin farkl\u0131 yerlerindeki 300?den fazla k\u00fct\u00fcphaneyi ke\u015ffedin, yararlan\u0131n\u00f6 dedi.<\/p>\n<p style=\"text-align: justify;\" align=\"justify\">&#8220;KORSANA HAYIR&#8221;<\/p>\n<p style=\"text-align: justify;\" align=\"justify\">Korsan yay\u0131nc\u0131l\u0131\u011fa da tepki g\u00f6sterdiklerini belirten Manyas, bu kentin k\u00fct\u00fcphanecileri olarak cennet \u00fclkemizin korsan yay\u0131nc\u0131l\u0131k cenneti haline d\u00f6n\u00fc\u015fmesini \u00fcz\u00fcnt\u00fcyle kar\u015f\u0131l\u0131yor ve korsana hay\u0131r diyoruz\u00f6 diye konu\u015ftu. Grup a\u00e7\u0131klaman\u0131n ard\u0131ndan olays\u0131z da\u011f\u0131ld\u0131. <strong style=\"text-align: justify;\"><\/strong><\/p>\n<p style=\"text-align: justify;\" align=\"justify\">Kaynak: http:\/\/www.sondakika.com<\/p>\n<p>\u0130lgili video:<br \/>\n<iframe loading=\"lazy\" src=\"http:\/\/www.dailymotion.com\/embed\/video\/xhuy9c\" frameborder=\"0\" width=\"480\" height=\"360\"><\/iframe><br \/>\n<a href=\"http:\/\/www.dailymotion.com\/video\/xhuy9c_kutuphanecilerden-korsana-hayyr-yuruyuyu-tkd-ystanbul-yubesi_news\" target=\"_blank\">K\u00fct\u00fcphanecilerden Korsana Hay\u0131r Y\u00fcr\u00fcy\u00fc\u015f\u00fc-TKD&#8230;<\/a> <em> <a href=\"http:\/\/www.dailymotion.com\/bbyhaber\" target=\"_blank\">bbyhaber<\/a><\/em><\/p>\n","protected":false},"excerpt":{"rendered":"<p>\u0130stanbul T\u00fcrk K\u00fct\u00fcphaneciler Derne\u011fi, &#8220;K\u00fct\u00fcphane Haftas\u0131&#8221; etkinliklerine dikkat \u00e7ekilmesi ve korsan yay\u0131nc\u0131l\u0131\u011f\u0131n \u00f6nlenmesi i\u00e7in Taksim&#8217;de y\u00fcr\u00fcy\u00fc\u015f yapt\u0131. \u0130stanbul B\u00fcy\u00fck\u015fehir Belediye Bandosu&#8217;nun da e\u015flik etti\u011fi y\u00fcr\u00fcy\u00fc\u015f y\u00fczlerce ki\u015finin kat\u0131l\u0131m\u0131yla T\u00fcnel&#8217;den Taksim Meydan\u0131&#8217;na kadar s\u00fcrd\u00fc. &#8220;K\u00fct\u00fcphaneleri Ke\u015ffedin, Korsan\u0131 Yok Edin&#8221; sloganlar\u0131 at\u0131lan y\u00fcr\u00fcy\u00fc\u015f\u00fcn ard\u0131ndan Taksim Meydan\u0131&#8217;nda bas\u0131n a\u00e7\u0131klamas\u0131 yap\u0131ld\u0131.<\/p>\n","protected":false},"author":1,"featured_media":0,"comment_status":"open","ping_status":"open","sticky":false,"template":"","format":"standard","meta":{"footnotes":""},"categories":[1519],"tags":[468,1461],"class_list":["post-994","post","type-post","status-publish","format-standard","hentry","category-47-kutuphane-haftasi","tag-korsan-yayincilik","tag-kutuphane-haftasi"],"_links":{"self":[{"href":"https:\/\/www.bbyhaber.com\/bby\/wp-json\/wp\/v2\/posts\/994"}],"collection":[{"href":"https:\/\/www.bbyhaber.com\/bby\/wp-json\/wp\/v2\/posts"}],"about":[{"href":"https:\/\/www.bbyhaber.com\/bby\/wp-json\/wp\/v2\/types\/post"}],"author":[{"embeddable":true,"href":"https:\/\/www.bbyhaber.com\/bby\/wp-json\/wp\/v2\/users\/1"}],"replies":[{"embeddable":true,"href":"https:\/\/www.bbyhaber.com\/bby\/wp-json\/wp\/v2\/comments?post=994"}],"version-history":[{"count":0,"href":"https:\/\/www.bbyhaber.com\/bby\/wp-json\/wp\/v2\/posts\/994\/revisions"}],"wp:attachment":[{"href":"https:\/\/www.bbyhaber.com\/bby\/wp-json\/wp\/v2\/media?parent=994"}],"wp:term":[{"taxonomy":"category","embeddable":true,"href":"https:\/\/www.bbyhaber.com\/bby\/wp-json\/wp\/v2\/categories?post=994"},{"taxonomy":"post_tag","embeddable":true,"href":"https:\/\/www.bbyhaber.com\/bby\/wp-json\/wp\/v2\/tags?post=994"}],"curies":[{"name":"wp","href":"https:\/\/api.w.org\/{rel}","templated":true}]}}