{"id":9929,"date":"2013-03-04T23:28:41","date_gmt":"2013-03-04T21:28:41","guid":{"rendered":"http:\/\/www.bbyhaber.com\/bby\/?p=9929"},"modified":"2017-10-16T09:45:16","modified_gmt":"2017-10-16T06:45:16","slug":"hacettepe-bby-konferans-dizisiakademik-kutuphaneciligin-itici-gucu-ankos-13-mart-2013","status":"publish","type":"post","link":"https:\/\/www.bbyhaber.com\/bby\/2013\/03\/04\/hacettepe-bby-konferans-dizisiakademik-kutuphaneciligin-itici-gucu-ankos-13-mart-2013","title":{"rendered":"Hacettepe BBY Konferans Dizisi:Akademik K\u00fct\u00fcphanecili\u011fin \u0130tici G\u00fcc\u00fc: ANKOS-13 Mart 2013"},"content":{"rendered":"<p style=\"text-align: justify;\">Hacettepe \u00dcniversitesi Bilgi ve Belge Y\u00f6netimi B\u00f6l\u00fcm\u00fc ve H.\u00dc. Bilgi Toplulu\u011funun birlikte d\u00fczenledi\u011fi \u00c7ar\u015famba Konferanslar\u0131 dizisi, Kadir Has \u00dcniversitesi Bilgi Merkezi M\u00fcd\u00fcr\u00fc ve Ankos Ba\u015fkan\u0131 <strong>Ertu\u011frul \u00c7\u0130MEN<\/strong> taraf\u0131ndan verilecek olan \u201c<strong>Akademik K\u00fct\u00fcphanecili\u011fin \u0130tici G\u00fcc\u00fc: ANKOS<\/strong>\u201d ba\u015fl\u0131kl\u0131 sunumu ile devam ediyor. Konferansta ANKOS\u2019un geli\u015fimi, mevcut durumu ve organizasyon yap\u0131s\u0131 hakk\u0131nda bilgiler verilecektir. <!--more-->Ayr\u0131ca ANKOS\u2019un, kurulu\u015fundan g\u00fcn\u00fcm\u00fcze akademik k\u00fct\u00fcphanelere, k\u00fct\u00fcphanecilere ve bilimsel \u00fcretime olan katk\u0131lar\u0131 de\u011ferlendirilerek gelecekle ilgili projeleri ve hedefleri tart\u0131\u015f\u0131lacakt\u0131r.Detayl\u0131 bilgiler a\u015fa\u011f\u0131dad\u0131r.<\/p>\n<p style=\"text-align: justify;\">Konferans\u0131n Ad\u0131: <strong>Akademik K\u00fct\u00fcphanecili\u011fin \u0130tici G\u00fcc\u00fc: ANKOS<\/strong><br \/>\nKonu\u015fmac\u0131: <strong>Ertu\u011frul \u00c7\u0130MEN<\/strong><br \/>\nTarih: <span style=\"color: #0000ff;\"><strong>13 Mart 2013, \u00c7ar\u015famba<\/strong><\/span><br \/>\nSaat: <strong>14.30<\/strong><br \/>\nYer: <strong>Hacettepe \u00dcniversitesi Edebiyat Fak\u00fcltesi Amfi 1 (Eski Prof. Dr. Tu\u011frul \u0130nal Tiyatro ve Konferans Salonu, Beytepe Kamp\u00fcs\u00fc)<\/strong><\/p>\n","protected":false},"excerpt":{"rendered":"<p>Hacettepe \u00dcniversitesi Bilgi ve Belge Y\u00f6netimi B\u00f6l\u00fcm\u00fc ve H.\u00dc. Bilgi Toplulu\u011funun birlikte d\u00fczenledi\u011fi \u00c7ar\u015famba Konferanslar\u0131 dizisi, Kadir Has \u00dcniversitesi Bilgi Merkezi M\u00fcd\u00fcr\u00fc ve Ankos Ba\u015fkan\u0131 Ertu\u011frul \u00c7\u0130MEN taraf\u0131ndan verilecek olan \u201cAkademik K\u00fct\u00fcphanecili\u011fin \u0130tici G\u00fcc\u00fc: ANKOS\u201d ba\u015fl\u0131kl\u0131 sunumu ile devam ediyor. Konferansta ANKOS\u2019un geli\u015fimi, mevcut durumu ve organizasyon yap\u0131s\u0131 hakk\u0131nda bilgiler verilecektir.<\/p>\n","protected":false},"author":1,"featured_media":0,"comment_status":"open","ping_status":"open","sticky":false,"template":"","format":"standard","meta":{"footnotes":""},"categories":[1489],"tags":[1015,1395,860],"class_list":["post-9929","post","type-post","status-publish","format-standard","hentry","category-hacettepe-universitesi-bby-bilgi-toplulugu","tag-ankos","tag-bby-mesleki-etkinlikler-arsivi","tag-kariyer-gunleri"],"_links":{"self":[{"href":"https:\/\/www.bbyhaber.com\/bby\/wp-json\/wp\/v2\/posts\/9929"}],"collection":[{"href":"https:\/\/www.bbyhaber.com\/bby\/wp-json\/wp\/v2\/posts"}],"about":[{"href":"https:\/\/www.bbyhaber.com\/bby\/wp-json\/wp\/v2\/types\/post"}],"author":[{"embeddable":true,"href":"https:\/\/www.bbyhaber.com\/bby\/wp-json\/wp\/v2\/users\/1"}],"replies":[{"embeddable":true,"href":"https:\/\/www.bbyhaber.com\/bby\/wp-json\/wp\/v2\/comments?post=9929"}],"version-history":[{"count":1,"href":"https:\/\/www.bbyhaber.com\/bby\/wp-json\/wp\/v2\/posts\/9929\/revisions"}],"predecessor-version":[{"id":22816,"href":"https:\/\/www.bbyhaber.com\/bby\/wp-json\/wp\/v2\/posts\/9929\/revisions\/22816"}],"wp:attachment":[{"href":"https:\/\/www.bbyhaber.com\/bby\/wp-json\/wp\/v2\/media?parent=9929"}],"wp:term":[{"taxonomy":"category","embeddable":true,"href":"https:\/\/www.bbyhaber.com\/bby\/wp-json\/wp\/v2\/categories?post=9929"},{"taxonomy":"post_tag","embeddable":true,"href":"https:\/\/www.bbyhaber.com\/bby\/wp-json\/wp\/v2\/tags?post=9929"}],"curies":[{"name":"wp","href":"https:\/\/api.w.org\/{rel}","templated":true}]}}