{"id":992,"date":"2011-03-28T22:15:20","date_gmt":"2011-03-28T22:15:20","guid":{"rendered":"http:\/\/www.bbyhaber.com\/bby\/?p=992"},"modified":"2012-09-07T22:05:25","modified_gmt":"2012-09-07T19:05:25","slug":"5-milyonluk-sehirde-37-bin-kutuphane-uyesi-cok-az","status":"publish","type":"post","link":"https:\/\/www.bbyhaber.com\/bby\/2011\/03\/28\/5-milyonluk-sehirde-37-bin-kutuphane-uyesi-cok-az","title":{"rendered":"5 milyonluk \u015fehirde 37 bin k\u00fct\u00fcphane \u00fcyesi \u00e7ok az"},"content":{"rendered":"<p style=\"text-align: justify;\" align=\"justify\">Ankara Valisi Alaaddin Y\u00fcksel, ba\u015fkentte bulunan 40 k\u00fct\u00fcphaneye toplam 37 bin ki\u015finin \u00fcye oldu\u011funa dikkat \u00e7ekerek, &#8220;5 milyon n\u00fcfusa sahip bir \u015fehirde 37 bin \u00fcyeniz olacak. Bana g\u00f6re bunlar\u0131 konu\u015fmak gerekiyor.&#8221; dedi. Ankara Valisi Alaaddin Y\u00fcksel, 47. K\u00fct\u00fcphane Haftas\u0131 dolay\u0131s\u0131 ile d\u00fczenlenen t\u00f6rene kat\u0131ld\u0131. Y\u00fcksel, burada yapt\u0131\u011f\u0131 konu\u015fmada Ankara&#8217;da mevcut olan 40 k\u00fct\u00fcphanede yakla\u015f\u0131k 1 milyona yak\u0131n kitap bulundu\u011funu s\u00f6yledi. Bu k\u00fct\u00fcphanelere \u00fcye say\u0131s\u0131n\u0131n ise 37 bin oldu\u011funa dikkat \u00e7eken Y\u00fcksel, &#8220;Bana g\u00f6re bu salonlarda bunun cevab\u0131n\u0131 Ankara valisi de vermelidir, buradaki t\u00fcm kanaat \u00f6nderleri, akil insanlar vermelidir. Tart\u0131\u015f\u0131lmas\u0131 gereken hususu budur. 5 milyon n\u00fcfusa sahip olan bir \u015fehirde 37 bin \u00fcyeniz olacak. Bana g\u00f6re bunlar\u0131 konu\u015fmak gerekiyor.&#8221; dedi.<!--more--><\/p>\n<p style=\"text-align: justify;\" align=\"justify\">Almanya&#8217;da 11 bin, Fransa&#8217;da 5 bin k\u00fct\u00fcphane bulundu\u011funu s\u00f6yleyen Y\u00fcksel, &#8220;Fransa&#8217;da 5 bin k\u00fct\u00fcphaneye kay\u0131tl\u0131 \u00fcye say\u0131s\u0131 15 milyon. Meksika&#8217;da 36 milyon insan k\u00fct\u00fcphanelere \u00fcye. Bir \u00fclkede 400 bin kahvehane, bir \u00fclkede bin 500 k\u00fct\u00fcphane. 95 ki\u015fiye bir kahvehane, 65 bin ki\u015fiye bir k\u00fct\u00fcphane.&#8221; diye konu\u015ftu. T\u00fcrkiye&#8217;nin, 4 saat 10 dakika ile televizyon izleme konusunda d\u00fcnya birincisi oldu\u011funu aktaran Y\u00fcksel, &#8220;Ak\u015fam ailenin tamam\u0131 televizyonun kar\u015f\u0131s\u0131na ge\u00e7iyor, g\u00f6zler kapanana kadar kimse kimse ile konu\u015fmuyor.&#8221; ifadesini kulland\u0131.<\/p>\n<p style=\"text-align: justify;\" align=\"justify\">Y\u00fcksel, \u00fcniversitelerden mezun \u00f6\u011frenci say\u0131s\u0131n\u0131n 15 kat artarken, \u00fcniversite \u00f6\u011frencilerinin kitap okuma al\u0131\u015fkanl\u0131\u011f\u0131n\u0131n 10 kat geriledi\u011fini kaydetti. \u0130nsanlar\u0131n kitap yerine internet ba\u015f\u0131nda zaman ge\u00e7irmeye ba\u015flad\u0131\u011f\u0131n\u0131 belirten Y\u00fcksel, yakla\u015f\u0131k 8 ay \u00f6ncesinde Antalya&#8217;n\u0131n bir il\u00e7esinde ya\u015fad\u0131\u011f\u0131 olay\u0131 \u015f\u00f6yle anlatt\u0131: &#8220;\u0130l\u00e7eye gitti\u011fimde, il\u00e7e kaymakaml\u0131\u011f\u0131nda yap\u0131lan yeni binan\u0131n bir b\u00f6l\u00fcm\u00fcn\u00fcn k\u00fct\u00fcphane, bir b\u00f6l\u00fcm\u00fc de internet salonu gibi bir yer a\u00e7\u0131lm\u0131\u015f. Do\u011fruca k\u00fct\u00fcphaneye gittim. K\u00fct\u00fcphane son derece m\u00fckemmel. \u0130\u00e7erisinde 100 bine yak\u0131n kitap toplam\u0131\u015flar. Bir tek ki\u015fi yok i\u00e7eride. K\u00fct\u00fcphane m\u00fcd\u00fcr\u00fcne en son geleni sordu\u011fumda, iki ay kadar \u00f6nce bir delikanl\u0131 ders i\u00e7in geldi\u011fini s\u00f6yledi. Oradan \u00e7\u0131kt\u0131m, kar\u015f\u0131 salona girdi\u011fimde, bilgisayarlar\u0131n \u00f6n\u00fcnde tam 54 ki\u015fi vard\u0131&#8230; Son derece \u00fcz\u00fcld\u00fcm.&#8221; T\u00fcrk gen\u00e7lerinin internetle bulu\u015fmas\u0131na kar\u015f\u0131 olmad\u0131\u011f\u0131n\u0131n alt\u0131n\u0131 \u00e7izen Y\u00fcksel, internetin kitab\u0131n yerine ge\u00e7mesinin do\u011fru olmad\u0131\u011f\u0131n\u0131 vurgulad\u0131.<br \/>\nHavas\u0131z, susuz, ekmeksiz kalmaya haz\u0131r oldu\u011funu s\u00f6yleyen Y\u00fcksel, &#8220;Ama kitaps\u0131z kalamam.&#8221; diyerek s\u00f6zlerine son verdi.\u00a0<strong><\/strong><\/p>\n<p style=\"text-align: justify;\">Kaynak: <a href=\"http:\/\/www.timeturk.com\/\" target=\"_blank\">http:\/\/www.timeturk.com\/<\/a><\/p>\n","protected":false},"excerpt":{"rendered":"<p>Ankara Valisi Alaaddin Y\u00fcksel, ba\u015fkentte bulunan 40 k\u00fct\u00fcphaneye toplam 37 bin ki\u015finin \u00fcye oldu\u011funa dikkat \u00e7ekerek, &#8220;5 milyon n\u00fcfusa sahip bir \u015fehirde 37 bin \u00fcyeniz olacak. Bana g\u00f6re bunlar\u0131 konu\u015fmak gerekiyor.&#8221; dedi. Ankara Valisi Alaaddin Y\u00fcksel, 47. K\u00fct\u00fcphane Haftas\u0131 dolay\u0131s\u0131 ile d\u00fczenlenen t\u00f6rene kat\u0131ld\u0131. Y\u00fcksel, burada yapt\u0131\u011f\u0131 konu\u015fmada Ankara&#8217;da mevcut olan 40 k\u00fct\u00fcphanede yakla\u015f\u0131k 1 [&hellip;]<\/p>\n","protected":false},"author":1,"featured_media":0,"comment_status":"open","ping_status":"open","sticky":false,"template":"","format":"standard","meta":{"footnotes":""},"categories":[1519],"tags":[1461],"class_list":["post-992","post","type-post","status-publish","format-standard","hentry","category-47-kutuphane-haftasi","tag-kutuphane-haftasi"],"_links":{"self":[{"href":"https:\/\/www.bbyhaber.com\/bby\/wp-json\/wp\/v2\/posts\/992"}],"collection":[{"href":"https:\/\/www.bbyhaber.com\/bby\/wp-json\/wp\/v2\/posts"}],"about":[{"href":"https:\/\/www.bbyhaber.com\/bby\/wp-json\/wp\/v2\/types\/post"}],"author":[{"embeddable":true,"href":"https:\/\/www.bbyhaber.com\/bby\/wp-json\/wp\/v2\/users\/1"}],"replies":[{"embeddable":true,"href":"https:\/\/www.bbyhaber.com\/bby\/wp-json\/wp\/v2\/comments?post=992"}],"version-history":[{"count":0,"href":"https:\/\/www.bbyhaber.com\/bby\/wp-json\/wp\/v2\/posts\/992\/revisions"}],"wp:attachment":[{"href":"https:\/\/www.bbyhaber.com\/bby\/wp-json\/wp\/v2\/media?parent=992"}],"wp:term":[{"taxonomy":"category","embeddable":true,"href":"https:\/\/www.bbyhaber.com\/bby\/wp-json\/wp\/v2\/categories?post=992"},{"taxonomy":"post_tag","embeddable":true,"href":"https:\/\/www.bbyhaber.com\/bby\/wp-json\/wp\/v2\/tags?post=992"}],"curies":[{"name":"wp","href":"https:\/\/api.w.org\/{rel}","templated":true}]}}