{"id":990,"date":"2011-03-28T22:13:56","date_gmt":"2011-03-28T20:13:56","guid":{"rendered":"http:\/\/www.bbyhaber.com\/bby\/?p=990"},"modified":"2013-02-28T12:52:34","modified_gmt":"2013-02-28T10:52:34","slug":"bakan-gunaydan-kutuphane-raporu","status":"publish","type":"post","link":"https:\/\/www.bbyhaber.com\/bby\/2011\/03\/28\/bakan-gunaydan-kutuphane-raporu","title":{"rendered":"Bakan G\u00fcnay&#8217;dan k\u00fct\u00fcphane raporu"},"content":{"rendered":"<p style=\"text-align: justify;\" align=\"justify\">K\u00fclt\u00fcr ve Turizm Bakan\u0131 Ertu\u011frul G\u00fcnay, k\u00fct\u00fcphanelerdeki kitap say\u0131s\u0131n\u0131n 2002&#8217;de 12 milyon 433 bin 310 iken, 2009&#8217;da y\u00fczde 13,4 art\u0131\u015fla 14 milyon 93 bin 896&#8217;ya y\u00fckseldi\u011fini, Milli K\u00fct\u00fcphane koleksiyonundaki eser say\u0131s\u0131n\u0131n 2 milyon 919 bin 275&#8217;e, Milli K\u00fct\u00fcphane kullan\u0131c\u0131 say\u0131s\u0131n\u0131n da 771 bin 331 ki\u015fiye ula\u015ft\u0131\u011f\u0131n\u0131 kaydetti.<!--more--><\/p>\n<p style=\"text-align: justify;\" align=\"justify\">G\u00fcnay, &#8220;47.K\u00fct\u00fcphane Haftas\u0131&#8221; nedeniyle yay\u0131nlad\u0131\u011f\u0131 mesajda ya\u015fam boyu e\u011fitime katk\u0131 sa\u011flama sorumlulu\u011funu \u00fcstlenen k\u00fct\u00fcphanelerin bulunduklar\u0131 y\u00f6renin sosyal ve k\u00fclt\u00fcrel kalk\u0131nmas\u0131na geni\u015f \u00f6l\u00e7\u00fcde katk\u0131 sa\u011flad\u0131\u011f\u0131n\u0131 belirterek, &#8220;Bakanl\u0131\u011f\u0131m\u0131z da, k\u00fct\u00fcphanelerimizin birer k\u00fclt\u00fcr merkezine d\u00f6n\u00fc\u015ft\u00fcr\u00fclmesi, ya\u015fam\u0131n i\u00e7ine katarak bir i\u015flevsellik kazand\u0131r\u0131lmas\u0131 amac\u0131 do\u011frultusunda \u00e7al\u0131\u015fmalar\u0131n\u0131 b\u00fcy\u00fck bir gayretle s\u00fcrd\u00fcrmektedir&#8221; dedi.<\/p>\n<p style=\"text-align: justify;\" align=\"justify\">Bu \u00e7er\u00e7evede, T\u00fcrkiye&#8217;de ilk kez yeni bir k\u00fct\u00fcphane kavram\u0131 geli\u015ftirdiklerini, bir b\u00f6lgenin edebiyat de\u011ferlerinin \u00f6ne \u00e7\u0131kar\u0131lmas\u0131, y\u00f6reyle b\u00fct\u00fcnle\u015fmi\u015f \u015fair ve yazarlar\u0131n kendileri ve eserleri hakk\u0131nda olu\u015fturulmu\u015f koleksiyonlar\u0131n sergilenmesi amac\u0131yla, &#8220;Edebiyat K\u00fct\u00fcphaneleri&#8221; a\u00e7ma \u00e7al\u0131\u015fmalar\u0131na ba\u015flad\u0131klar\u0131n\u0131 ifade eden G\u00fcnay, &#8220;Bunlardan Ankara Mehmet Akif Ersoy Edebiyat M\u00fcze K\u00fct\u00fcphanesi ile Adana Karacao\u011flan Edebiyat M\u00fcze K\u00fct\u00fcphanesi&#8217;ni halk\u0131m\u0131z\u0131n hizmetine sunduk. \u00dclkemizin yedi b\u00f6lgesinde a\u00e7\u0131lmas\u0131 planlanan di\u011fer k\u00fct\u00fcphaneleri de y\u0131lsonuna kadar tamamlam\u0131\u015f olaca\u011f\u0131z&#8221; dedi. \u00d6te yandan, k\u00fct\u00fcphanelerdeki kitap say\u0131s\u0131n\u0131n 2002&#8217;de 12 milyon 433 bin 310 iken, 2009&#8217;da y\u00fczde 13.4 art\u0131\u015fla 14 milyon 93 bin 896&#8217;ya y\u00fckseldi\u011fini, ISB verilen yeni kitap say\u0131s\u0131n\u0131n 35 bin 775&#8217;i buldu\u011funu belirten G\u00fcnay, Milli K\u00fct\u00fcphane koleksiyonundaki eser say\u0131s\u0131n\u0131n 2 milyon 919 bin 275&#8217;e, Milli K\u00fct\u00fcphane kullan\u0131c\u0131 say\u0131s\u0131n\u0131n da 771 bin 331 ki\u015fiye ula\u015ft\u0131\u011f\u0131n\u0131 kaydetti. G\u00fcnay, &#8220;Bu d\u00fc\u015f\u00fcncelerle, &#8216;Antik \u00c7a\u011fdan G\u00fcn\u00fcm\u00fcze K\u00fct\u00fcphaneler&#8217; temas\u0131yla \u00e7ok say\u0131da etkinli\u011fin uluslararas\u0131 kat\u0131l\u0131mla ger\u00e7ekle\u015ftirilece\u011fi 47. K\u00fct\u00fcphane Haftas\u0131n\u0131 kutluyor, ya\u015fam\u0131m\u0131zdan k\u00fct\u00fcphanenin ve kitab\u0131n eksik olmamas\u0131n\u0131 diliyor, bu yolda emek verenlere te\u015fekk\u00fcr ediyorum&#8221; dedi.\u00a0<strong><\/strong><\/p>\n<p style=\"text-align: justify;\">Kaynak: <a href=\"http:\/\/www.haberx.com\/\" target=\"_blank\">http:\/\/www.haberx.coma<\/a><\/p>\n","protected":false},"excerpt":{"rendered":"<p>K\u00fclt\u00fcr ve Turizm Bakan\u0131 Ertu\u011frul G\u00fcnay, k\u00fct\u00fcphanelerdeki kitap say\u0131s\u0131n\u0131n 2002&#8217;de 12 milyon 433 bin 310 iken, 2009&#8217;da y\u00fczde 13,4 art\u0131\u015fla 14 milyon 93 bin 896&#8217;ya y\u00fckseldi\u011fini, Milli K\u00fct\u00fcphane koleksiyonundaki eser say\u0131s\u0131n\u0131n 2 milyon 919 bin 275&#8217;e, Milli K\u00fct\u00fcphane kullan\u0131c\u0131 say\u0131s\u0131n\u0131n da 771 bin 331 ki\u015fiye ula\u015ft\u0131\u011f\u0131n\u0131 kaydetti.<\/p>\n","protected":false},"author":1,"featured_media":0,"comment_status":"open","ping_status":"open","sticky":false,"template":"","format":"standard","meta":{"footnotes":""},"categories":[1519],"tags":[118,1461],"class_list":["post-990","post","type-post","status-publish","format-standard","hentry","category-47-kutuphane-haftasi","tag-ertugrul-gunay","tag-kutuphane-haftasi"],"_links":{"self":[{"href":"https:\/\/www.bbyhaber.com\/bby\/wp-json\/wp\/v2\/posts\/990"}],"collection":[{"href":"https:\/\/www.bbyhaber.com\/bby\/wp-json\/wp\/v2\/posts"}],"about":[{"href":"https:\/\/www.bbyhaber.com\/bby\/wp-json\/wp\/v2\/types\/post"}],"author":[{"embeddable":true,"href":"https:\/\/www.bbyhaber.com\/bby\/wp-json\/wp\/v2\/users\/1"}],"replies":[{"embeddable":true,"href":"https:\/\/www.bbyhaber.com\/bby\/wp-json\/wp\/v2\/comments?post=990"}],"version-history":[{"count":0,"href":"https:\/\/www.bbyhaber.com\/bby\/wp-json\/wp\/v2\/posts\/990\/revisions"}],"wp:attachment":[{"href":"https:\/\/www.bbyhaber.com\/bby\/wp-json\/wp\/v2\/media?parent=990"}],"wp:term":[{"taxonomy":"category","embeddable":true,"href":"https:\/\/www.bbyhaber.com\/bby\/wp-json\/wp\/v2\/categories?post=990"},{"taxonomy":"post_tag","embeddable":true,"href":"https:\/\/www.bbyhaber.com\/bby\/wp-json\/wp\/v2\/tags?post=990"}],"curies":[{"name":"wp","href":"https:\/\/api.w.org\/{rel}","templated":true}]}}