{"id":9847,"date":"2013-03-02T14:42:55","date_gmt":"2013-03-02T12:42:55","guid":{"rendered":"http:\/\/www.bbyhaber.com\/bby\/?p=9847"},"modified":"2013-03-02T14:43:22","modified_gmt":"2013-03-02T12:43:22","slug":"eislingen-sehir-kutuphanesi%e2%80%99nde-turkce-bolumu-acildi","status":"publish","type":"post","link":"https:\/\/www.bbyhaber.com\/bby\/2013\/03\/02\/eislingen-sehir-kutuphanesi%e2%80%99nde-turkce-bolumu-acildi","title":{"rendered":"Eislingen \u015eehir K\u00fct\u00fcphanesi\u2019nde T\u00fcrk\u00e7e b\u00f6l\u00fcm\u00fc a\u00e7\u0131ld\u0131"},"content":{"rendered":"<p style=\"text-align: justify;\">Eislingen Belediye Ba\u015fkan\u0131 Klaus Heininger ve Stuttgart Ba\u015fkonsoloslu\u011fu E\u011fitim Ata\u015fesi Zeynel Abidin Karag\u00f6z\u2019\u00fcn de haz\u0131r bulundu\u011fu a\u00e7\u0131l\u0131\u015f t\u00f6renine, Alman okul m\u00fcd\u00fcrleri, T\u00fcrk Okul Aile Birlikleri dernek ba\u015fkanlar\u0131, veliler ve \u00f6\u011frenciler kat\u0131ld\u0131. Tamam\u0131 ba\u011f\u0131\u015flardan olu\u015fan 358 se\u00e7me kitab\u0131n yer ald\u0131\u011f\u0131 b\u00f6l\u00fcm\u00fcn T\u00fcrk\u00e7e \u00f6\u011frenen \u00f6\u011frencilerin dil geli\u015fimine ve e\u011fitimlerine katk\u0131 sa\u011flamas\u0131 bekleniyor. A\u00e7\u0131l\u0131\u015f t\u00f6reninde yapt\u0131\u011f\u0131 konu\u015fmada, T\u00fcrk\u00e7e\u2019nin \u00e7ok konu\u015fulan diller aras\u0131nda be\u015finci s\u0131rada oldu\u011funu vurgulayan E\u011fitim Ata\u015fesi Karag\u00f6z, \u201cBu b\u00f6l\u00fcm \u00e7ocuklar\u0131m\u0131za okuma al\u0131\u015fkanl\u0131\u011f\u0131 kazand\u0131r\u0131lmas\u0131nda fayda sa\u011flayacak\u201d dedi.<!--more--><\/p>\n<p style=\"text-align: justify;\"><a href=\"http:\/\/zaman-online.de\/wp-content\/uploads\/turkce-bolumu.jpg\"><img loading=\"lazy\" decoding=\"async\" class=\"alignleft\" src=\"http:\/\/zaman-online.de\/wp-content\/uploads\/turkce-bolumu.jpg\" alt=\"\" width=\"257\" height=\"141\" \/><\/a>Ata\u015feli\u011fin sorumluluk alan\u0131nda bulunan k\u00fct\u00fcphanenin belediye ba\u015fkan\u0131 ile birlikte organizeli bir \u015fekilde a\u00e7\u0131lm\u0131\u015f olmas\u0131ndan mutluluk duyduklar\u0131n\u0131 belirten Karag\u00f6z, \u201cBa\u015fkonsoloslu\u011fumuz ve E\u011fitim Ata\u015feli\u011fimiz bu t\u00fcr faaliyetlere gereken deste\u011fi her zaman oldu\u011fu gibi vermeye devam edecektir\u201d diye konu\u015ftu. Belediye Ba\u015fkan\u0131 Klaus Heininger ise k\u00fct\u00fcphanenin Eislingen \u015fehri i\u00e7in bir zenginlik olaca\u011f\u0131n\u0131 ve T\u00fcrk-Alman dostlu\u011funu daha da peki\u015ftirece\u011fini vurgulad\u0131.<\/p>\n<p style=\"text-align: justify;\">\u015eehir k\u00fct\u00fcphanesine yap\u0131lan bu kitap ba\u011f\u0131\u015f\u0131ndan dolay\u0131 \u00e7ok memnun olduklar\u0131n\u0131 belirten Heininger, \u201cKat\u0131l\u0131m\u0131n bu kadar yo\u011fun olmas\u0131 beni olduk\u00e7a sevindirdi. Stuttgart Ba\u015fkonsoloslu\u011fu E\u011fitim Ata\u015fesi\u2019nin aram\u0131zda olmas\u0131 da bizleri mutlu etti. K\u00fct\u00fcphane \u00f6zellikle T\u00fcrk \u00e7ocuklar\u0131n\u0131n dil geli\u015fimine ve e\u011fitimlerine katk\u0131 sa\u011flayacakt\u0131r.\u201d \u015feklinde konu\u015ftu.<\/p>\n<p>Kaynak: http:\/\/zaman-online.de\/<\/p>\n","protected":false},"excerpt":{"rendered":"<p>Eislingen Belediye Ba\u015fkan\u0131 Klaus Heininger ve Stuttgart Ba\u015fkonsoloslu\u011fu E\u011fitim Ata\u015fesi Zeynel Abidin Karag\u00f6z\u2019\u00fcn de haz\u0131r bulundu\u011fu a\u00e7\u0131l\u0131\u015f t\u00f6renine, Alman okul m\u00fcd\u00fcrleri, T\u00fcrk Okul Aile Birlikleri dernek ba\u015fkanlar\u0131, veliler ve \u00f6\u011frenciler kat\u0131ld\u0131. Tamam\u0131 ba\u011f\u0131\u015flardan olu\u015fan 358 se\u00e7me kitab\u0131n yer ald\u0131\u011f\u0131 b\u00f6l\u00fcm\u00fcn T\u00fcrk\u00e7e \u00f6\u011frenen \u00f6\u011frencilerin dil geli\u015fimine ve e\u011fitimlerine katk\u0131 sa\u011flamas\u0131 bekleniyor. A\u00e7\u0131l\u0131\u015f t\u00f6reninde yapt\u0131\u011f\u0131 konu\u015fmada, T\u00fcrk\u00e7e\u2019nin [&hellip;]<\/p>\n","protected":false},"author":1,"featured_media":0,"comment_status":"open","ping_status":"open","sticky":false,"template":"","format":"standard","meta":{"footnotes":""},"categories":[1],"tags":[],"class_list":["post-9847","post","type-post","status-publish","format-standard","hentry","category-genel"],"_links":{"self":[{"href":"https:\/\/www.bbyhaber.com\/bby\/wp-json\/wp\/v2\/posts\/9847"}],"collection":[{"href":"https:\/\/www.bbyhaber.com\/bby\/wp-json\/wp\/v2\/posts"}],"about":[{"href":"https:\/\/www.bbyhaber.com\/bby\/wp-json\/wp\/v2\/types\/post"}],"author":[{"embeddable":true,"href":"https:\/\/www.bbyhaber.com\/bby\/wp-json\/wp\/v2\/users\/1"}],"replies":[{"embeddable":true,"href":"https:\/\/www.bbyhaber.com\/bby\/wp-json\/wp\/v2\/comments?post=9847"}],"version-history":[{"count":0,"href":"https:\/\/www.bbyhaber.com\/bby\/wp-json\/wp\/v2\/posts\/9847\/revisions"}],"wp:attachment":[{"href":"https:\/\/www.bbyhaber.com\/bby\/wp-json\/wp\/v2\/media?parent=9847"}],"wp:term":[{"taxonomy":"category","embeddable":true,"href":"https:\/\/www.bbyhaber.com\/bby\/wp-json\/wp\/v2\/categories?post=9847"},{"taxonomy":"post_tag","embeddable":true,"href":"https:\/\/www.bbyhaber.com\/bby\/wp-json\/wp\/v2\/tags?post=9847"}],"curies":[{"name":"wp","href":"https:\/\/api.w.org\/{rel}","templated":true}]}}