{"id":9844,"date":"2013-03-02T14:40:03","date_gmt":"2013-03-02T12:40:03","guid":{"rendered":"http:\/\/www.bbyhaber.com\/bby\/?p=9844"},"modified":"2013-03-02T14:40:35","modified_gmt":"2013-03-02T12:40:35","slug":"atilla-ilhan-edebiyat-muze-ve-kutuphanesi-izmir","status":"publish","type":"post","link":"https:\/\/www.bbyhaber.com\/bby\/2013\/03\/02\/atilla-ilhan-edebiyat-muze-ve-kutuphanesi-izmir","title":{"rendered":"Atilla \u0130lhan Edebiyat M\u00fcze ve K\u00fct\u00fcphanesi-\u0130zmir"},"content":{"rendered":"<p style=\"text-align: justify;\">\u0130ngiliz bir tacir taraf\u0131ndan 150 y\u0131l \u00f6nce in\u015fa ettirilen 38 odal\u0131 k\u00f6\u015fk\u00fcn Turizm ve Gen\u00e7lik Merkezi ile Atilla \u0130lhan Edebiyat M\u00fcze ve K\u00fct\u00fcphanesi haline getirilmesi i\u00e7in K\u00fclt\u00fcr ve Turizm Bakanl\u0131\u011f\u0131 ile \u0130zmir B\u00fcy\u00fck\u015fehir Belediyesi ortak \u00e7al\u0131\u015fma y\u00fcr\u00fctecek. \u0130zmir K\u00fclt\u00fcr ve Turizm \u0130l M\u00fcd\u00fcr\u00fc Abd\u00fclaziz Ediz, yapt\u0131\u011f\u0131 a\u00e7\u0131klamada, Bornova il\u00e7esindeki Peterson K\u00f6\u015fk\u00fc\u2018n\u00fcn projelendirilmesi i\u00e7in \u0130zmir B\u00fcy\u00fck\u015fehir Belediyesi yetkilileri ile \u00e7al\u0131\u015fma y\u00fcr\u00fctt\u00fcklerini belirtti. K\u00f6kl\u00fc ge\u00e7mi\u015fine kar\u015f\u0131n uzun s\u00fcredir bak\u0131ms\u0131z kalan k\u00f6\u015fk\u00fcn, Turizm, Gen\u00e7lik Merkezi ve Atilla \u0130lhan Edebiyat M\u00fcze ve K\u00fct\u00fcphanesi haline getirilece\u011fini s\u00f6yleyen Abd\u00fclaziz Ediz, \u201dBinan\u0131n iki amaca uygun hizmet vermesi i\u00e7in \u00e7al\u0131\u015faca\u011f\u0131z\u201d dedi.<!--more--><\/p>\n<p style=\"text-align: justify;\">\u0130zmir\u2019in Menemen il\u00e7esinde d\u00fcnyaya gelen Atilla \u0130lhan\u2019\u0131n ad\u0131n\u0131 m\u00fczede ya\u015fatmak istediklerini anlatan Abd\u00fclaziz Ediz, k\u00f6\u015fk\u00fcn baz\u0131 odalar\u0131n\u0131n Atilla \u0130lhan Edebiyat M\u00fczesi i\u00e7in ayr\u0131laca\u011f\u0131n\u0131, \u0130lhan\u2019a ait eserlerin, e\u015fyalar\u0131n ve objelerin burada sergilenece\u011fini kaydetti. K\u00f6\u015fk\u00fcn ayn\u0131 zamanda gen\u00e7lere de hizmet verece\u011fini duyuran Ediz, \u015f\u00f6yle konu\u015ftu:\u201dBornova, \u00e7ok say\u0131da \u00fcniversite \u00f6\u011frencisinin ya\u015fad\u0131\u011f\u0131 bir b\u00f6lge. Gen\u00e7lerin Peterson K\u00f6\u015fk\u00fc\u2019nde k\u00fclt\u00fcrel aktivitelere kat\u0131lmas\u0131n\u0131 istiyoruz. Tiyatro, s\u00f6yle\u015fi gibi etkinlikler k\u00f6\u015fkte d\u00fczenlenebilir. Alan\u0131n \u00e7ok say\u0131da gencin kullan\u0131m\u0131na uygun hale getirilmesi gerekiyor. \u0130zmir B\u00fcy\u00fck\u015fehir Belediyesi k\u0131sa s\u00fcre i\u00e7inde projenin ihalesini yapacak. Bakanl\u0131k olarak biz de k\u00f6\u015fk\u00fcn baz\u0131 odalar\u0131n\u0131 Atilla \u0130lhan\u2019a yak\u0131\u015f\u0131r \u015fekilde m\u00fcze haline getirece\u011fiz. 1 y\u0131l i\u00e7inde projeyi tamamlamay\u0131 hedefliyoruz.\u201d\u201dTurizm ve Gen\u00e7lik Merkezi\u201d ile \u201dAtilla \u0130lhan Edebiyat M\u00fcze ve K\u00fct\u00fcphanesi\u201d projesinin \u0130zmir i\u00e7in b\u00fcy\u00fck \u00f6nem ta\u015f\u0131d\u0131\u011f\u0131na dikkati \u00e7eken Ediz, \u0130zmir\u2019in yeti\u015ftirdi\u011fi \u00fcnl\u00fc edebiyat\u00e7\u0131lar\u0131n eserlerinin de k\u00f6\u015fkte tan\u0131t\u0131laca\u011f\u0131n\u0131 s\u00f6zlerine ekledi.<br \/>\nKullan\u0131m haklar\u0131 tart\u0131\u015fma yaratm\u0131\u015ft\u0131<\/p>\n<p style=\"text-align: justify;\">K\u00fclt\u00fcr ve Turizm eski Bakan\u0131 Ertu\u011frul G\u00fcnay, 2008\u2032de restore edilip gen\u00e7lik ve k\u00fclt\u00fcr merkezi yap\u0131lmas\u0131 i\u00e7in \u0130zmir B\u00fcy\u00fck\u015fehir Belediyesi\u2019ne 25 y\u0131ll\u0131\u011f\u0131na tahsis ettikleri Bornova\u2019daki Peterson K\u00f6\u015fk\u00fc\u2019n\u00fc hi\u00e7bir \u00e7al\u0131\u015fma yapmad\u0131\u011f\u0131 gerek\u00e7esiyle geri alacaklar\u0131n\u0131 a\u00e7\u0131klam\u0131\u015ft\u0131.\u0130zmir B\u00fcy\u00fck\u015fehir Belediye Ba\u015fkan\u0131 Aziz Kocao\u011flu ise tahsis s\u00fcrecinin uzad\u0131\u011f\u0131n\u0131, bu nedenle projenin gecikmesinde K\u00fclt\u00fcr ve Turizm Bakanl\u0131\u011f\u0131\u2019n\u0131n da pay\u0131 oldu\u011funu savunmu\u015f, Peterson K\u00f6\u015fk\u00fc\u2019n\u00fcn kullan\u0131m hakk\u0131 konusu uzun s\u00fcre tart\u0131\u015f\u0131lm\u0131\u015ft\u0131.<\/p>\n<p style=\"text-align: justify;\">K\u00f6\u015fk\u00fcn tarihi<\/p>\n<p style=\"text-align: justify;\">\u0130ngiliz tacir John Peterson taraf\u0131ndan 1859 y\u0131l\u0131nda in\u015fas\u0131 ba\u015flat\u0131lan Peterson K\u00f6\u015fk\u00fc\u2019n\u00fcn yap\u0131m\u0131nda Avrupa ve \u0130ngiltere\u2019den getirilen yap\u0131 malzemelerinin kullan\u0131ld\u0131\u011f\u0131 biliniyor.Mustafa Kemal Caddesi \u00fczerinde bulunan ve yap\u0131m\u0131ndan bu yana 7 kez de\u011fi\u015fikli\u011fe u\u011frayan 38 odal\u0131 k\u00f6\u015fkte, 1991 y\u0131l\u0131nda alanda K\u00fclt\u00fcr Bakanl\u0131\u011f\u0131 taraf\u0131ndan restorasyon \u00e7al\u0131\u015fmalar\u0131 ba\u015flat\u0131ld\u0131.An\u0131tlar Y\u00fcksek Kurulu\u2019nun onay\u0131 ile k\u00f6\u015fk\u00fcn \u00e7evresindeki 54 bin metrekarelik alanda B\u00fcy\u00fck\u015fehir Belediyesi taraf\u0131ndan \u00e7evre d\u00fczenlemesi yap\u0131lm\u0131\u015f, K\u00fclt\u00fcr Bakanl\u0131\u011f\u0131 k\u00f6\u015fk\u00fcn kullan\u0131m hakk\u0131n\u0131 \u0130zmir B\u00fcy\u00fck\u015fehir Belediyesi\u2019ne kiralam\u0131\u015ft\u0131.<\/p>\n<p style=\"text-align: justify;\">Kaynak: http:\/\/haber.stargazete.com<\/p>\n","protected":false},"excerpt":{"rendered":"<p>\u0130ngiliz bir tacir taraf\u0131ndan 150 y\u0131l \u00f6nce in\u015fa ettirilen 38 odal\u0131 k\u00f6\u015fk\u00fcn Turizm ve Gen\u00e7lik Merkezi ile Atilla \u0130lhan Edebiyat M\u00fcze ve K\u00fct\u00fcphanesi haline getirilmesi i\u00e7in K\u00fclt\u00fcr ve Turizm Bakanl\u0131\u011f\u0131 ile \u0130zmir B\u00fcy\u00fck\u015fehir Belediyesi ortak \u00e7al\u0131\u015fma y\u00fcr\u00fctecek. \u0130zmir K\u00fclt\u00fcr ve Turizm \u0130l M\u00fcd\u00fcr\u00fc Abd\u00fclaziz Ediz, yapt\u0131\u011f\u0131 a\u00e7\u0131klamada, Bornova il\u00e7esindeki Peterson K\u00f6\u015fk\u00fc\u2018n\u00fcn projelendirilmesi i\u00e7in \u0130zmir B\u00fcy\u00fck\u015fehir [&hellip;]<\/p>\n","protected":false},"author":1,"featured_media":0,"comment_status":"open","ping_status":"open","sticky":false,"template":"","format":"standard","meta":{"footnotes":""},"categories":[71,1],"tags":[],"class_list":["post-9844","post","type-post","status-publish","format-standard","hentry","category-muze-kutuphaneleri-2","category-genel"],"_links":{"self":[{"href":"https:\/\/www.bbyhaber.com\/bby\/wp-json\/wp\/v2\/posts\/9844"}],"collection":[{"href":"https:\/\/www.bbyhaber.com\/bby\/wp-json\/wp\/v2\/posts"}],"about":[{"href":"https:\/\/www.bbyhaber.com\/bby\/wp-json\/wp\/v2\/types\/post"}],"author":[{"embeddable":true,"href":"https:\/\/www.bbyhaber.com\/bby\/wp-json\/wp\/v2\/users\/1"}],"replies":[{"embeddable":true,"href":"https:\/\/www.bbyhaber.com\/bby\/wp-json\/wp\/v2\/comments?post=9844"}],"version-history":[{"count":0,"href":"https:\/\/www.bbyhaber.com\/bby\/wp-json\/wp\/v2\/posts\/9844\/revisions"}],"wp:attachment":[{"href":"https:\/\/www.bbyhaber.com\/bby\/wp-json\/wp\/v2\/media?parent=9844"}],"wp:term":[{"taxonomy":"category","embeddable":true,"href":"https:\/\/www.bbyhaber.com\/bby\/wp-json\/wp\/v2\/categories?post=9844"},{"taxonomy":"post_tag","embeddable":true,"href":"https:\/\/www.bbyhaber.com\/bby\/wp-json\/wp\/v2\/tags?post=9844"}],"curies":[{"name":"wp","href":"https:\/\/api.w.org\/{rel}","templated":true}]}}