{"id":9839,"date":"2013-03-04T13:49:00","date_gmt":"2013-03-04T11:49:00","guid":{"rendered":"http:\/\/www.bbyhaber.com\/bby\/?p=9839"},"modified":"2013-03-04T13:49:00","modified_gmt":"2013-03-04T11:49:00","slug":"600-yillik-tarihi-hafiza-guvende-mi","status":"publish","type":"post","link":"https:\/\/www.bbyhaber.com\/bby\/2013\/03\/04\/600-yillik-tarihi-hafiza-guvende-mi","title":{"rendered":"600 y\u0131ll\u0131k tarihi haf\u0131za g\u00fcvende mi?"},"content":{"rendered":"<p style=\"text-align: justify;\"><a href=\"http:\/\/www.bbyhaber.com\/bby\/wp-content\/uploads\/2013\/02\/osmanli-arsivi-milli-arsiv-sitesi.jpeg\"><img loading=\"lazy\" decoding=\"async\" class=\"alignleft\" src=\"http:\/\/www.bbyhaber.com\/bby\/wp-content\/uploads\/2013\/02\/osmanli-arsivi-milli-arsiv-sitesi.jpeg\" alt=\"\" width=\"234\" height=\"152\" \/><\/a>Uzmanlara g\u00f6re 100 milyon belgeyle 365 bin defter, sel ve nem riskiyle kar\u015f\u0131 kar\u015f\u0131ya. Projenin mimar\u0131 \u015eenalp ise \u201cMilyonda bir risk ihtimali bile s\u00f6z konusu de\u011fil\u201d dedi.\u0130stanbul Ka\u011f\u0131thane&#8217;de in\u015fa edilen, Osmanl\u0131&#8217;n\u0131n t\u00fcm ar\u015fivlerininin toplayaca\u011f\u0131 Osmanl\u0131 Ar\u015fiv Sitesi Proje tart\u0131\u015fmalara neden oldu. Uzmanlar, b\u00f6lgede ta\u015fk\u0131n riski bulundu\u011funu s\u00f6yleyerek ar\u015fivin ta\u015f\u0131nmas\u0131na kar\u015f\u0131 \u00e7\u0131kt\u0131. Gerek\u00e7e olarak da Devlet Su \u0130\u015fleri (DS\u0130) Genel M\u00fcd\u00fcrl\u00fc\u011f\u00fc&#8217;n\u00fcn 1997&#8217;de haz\u0131rlam\u0131\u015f oldu\u011fu raporu g\u00f6sterdi. B\u00f6lgenin \u00e7ok nemli oldu\u011fu ve belgelerin bundan etkilenece\u011fini dikkat \u00e7eken uzmanlar\u0131n g\u00f6r\u00fc\u015fleri \u015f\u00f6yle:<!--more--><\/p>\n<p style=\"text-align: justify;\">&#8220;DERE DE\u011e\u0130L, SEL YATA\u011eI&#8221;<\/p>\n<p style=\"text-align: justify;\">* \u0130stanbul Teknik \u00dcniversitesi (\u0130T\u00dc) Afet Y\u00f6netimi Ara\u015ft\u0131rma ve Uygulama Merkezi M\u00fcd\u00fcr\u00fc Prof. Dr. Mikdat Kad\u0131o\u011flu: Derenin i\u00e7inde de\u011fil ancak sel yata\u011f\u0131nda. \u00c7\u00fcnk\u00fc orada 3 adet zon (ku\u015fak) var; dere yata\u011f\u0131, sel yata\u011f\u0131 ve sel tehlike b\u00f6lgesi. Bina 2. zonda yani sel yata\u011f\u0131nda in\u015fa edildi. Dolay\u0131s\u0131yla risk s\u00f6z konusu. Bina yap\u0131l\u0131rken 100 y\u0131ll\u0131k su seviyesinin y\u00fcksekli\u011fine g\u00f6re yap\u0131lmal\u0131yd\u0131. Bu da y\u00fcksek giri\u015fli olmas\u0131 gerekti\u011fini g\u00f6steriyor. Son zamanlarda sel bask\u0131n\u0131 olmamas\u0131 olmayaca\u011f\u0131 anlam\u0131na gelmez. Sel yata\u011f\u0131ndaki bina sel riski alt\u0131ndad\u0131r. Da\u011f\u0131n ba\u015f\u0131na bina yapar gibi o b\u00f6lgeye bina yap\u0131lmaz. Yaparsalar cezas\u0131 a\u011f\u0131r olur.<\/p>\n<p style=\"text-align: justify;\">POTANS\u0130YEL R\u0130SK ALANI<\/p>\n<p style=\"text-align: justify;\">* TMMOB \u015eehir Planc\u0131lar\u0131 Odas\u0131 \u0130stanbul \u015eube Ba\u015fkan\u0131 Tayfun Kahraman: \u0130stanbul&#8217;daki dere yataklar\u0131 her anlamda tehlike arz ediyor. Bina ilk yap\u0131lmaya ba\u015flad\u0131\u011f\u0131nda \u00e7evresi bo\u015ftu, toprak ge\u00e7irgendi. Yani toprak suyu emme kapasitesine sahipti. \u015euan ise alan tamamen yap\u0131la\u015fm\u0131\u015f durumda. Dolay\u0131s\u0131yla topra\u011f\u0131n emme g\u00fcc\u00fc kalmad\u0131. \u0130stanbul&#8217;da ya\u015fanan seller de daha \u00e7ok bu nedenle meydana gelmi\u015fti. Buras\u0131 da bu anlamda potansiyel risk alan\u0131, ayn\u0131 felaketlerin ger\u00e7ekle\u015fme ihtimali \u00e7ok y\u00fcksek. Se\u00e7ilebilecek pek \u00e7ok alan varken neden buras\u0131 se\u00e7ildi anlamak g\u00fc\u00e7. Sonu\u00e7ta oras\u0131 ayn\u0131 zamanda bir rekreasyon b\u00f6lgesi. Rekreasyon olarak b\u0131rak\u0131lmas\u0131 \u00e7ok daha uygun olurdu.<\/p>\n<p style=\"text-align: justify;\">AFYONCU: NEM SORUNU DA VAR<\/p>\n<p style=\"text-align: justify;\">Tarih\u00e7i Do\u00e7. Dr. Erhan Afyoncu: Bir\u00e7ok tarih\u00e7inin oldu\u011fu gibi benimde kanaatim yerin uygun olmad\u0131\u011f\u0131d\u0131r. B\u00f6lge dere yak\u0131n\u0131. Binay\u0131 her ne kadar teknolojiyle donatsan\u0131z mutlaka bir sel bask\u0131n\u0131 olacak. Sadece sel riski yok. Bir de nemlilik sorunu da var. Binada 100 depo bulunuyor. Depolardan biri havuzun alt\u0131nda, birka\u00e7\u0131n\u0131n da yamaca yak\u0131n yerde oldu\u011fu s\u00f6yleniyor. Bunlar nem olu\u015fmas\u0131 i\u00e7in gereken durumlar. S\u00f6z konusu ka\u011f\u0131tlar her ortamda idame edilecek ka\u011f\u0131tlar de\u011fil. \u00c7ok \u00f6zel bir ortamda saklanmas\u0131 laz\u0131m. Aksi halde bozulur. Ayr\u0131ca bu ar\u015fivlerin sur i\u00e7inde kalmas\u0131 gerekir. Buras\u0131 bizim tarihi milli haf\u0131zam\u0131z. Allah g\u00f6stermesin herhangi bir risk an\u0131nda geri d\u00f6n\u00fc\u015f\u00fcm\u00fc olamayacak bir \u015fey. Milyonda bir ihtimal dahi olsa bu riske girilmemeli. Elbette bu \u015fekilde bir giri\u015fim iyi niyetli, fakat se\u00e7ilen yer yanl\u0131\u015f.&#8221;<\/p>\n<p style=\"text-align: justify;\">&#8216;M\u0130LYONDA B\u0130R B\u0130LE R\u0130SK YOK&#8217;<\/p>\n<p style=\"text-align: justify;\">Projenin Mimar\u0131 Hilmi \u015eenalp, iddialar\u0131n as\u0131ls\u0131z oldu\u011funu savundu. &#8220;Hem sel riski hem nemlilik a\u00e7\u0131s\u0131ndan milyonda bir bile risk ihtimali s\u00f6z konusu de\u011fil&#8221; diyen \u015eenalp \u015funlad\u0131 s\u00f6yledi:\u00a0 &#8220;Bu kadar b\u00fct\u00e7e ay\u0131ran devlet herhalde bunlar\u0131 d\u00fc\u015f\u00fcnm\u00fc\u015ft\u00fcr, ilgili uzmanlara inceletmi\u015ftir. Belli ki iddialarda bulunanlar ar\u015fivden \u00e7\u0131kmak istemeyen ki\u015filerin dedikodusundan ba\u015fka bir \u015fey de\u011fil. Her \u015feyi en ba\u015f\u0131ndan beri inceledik, ara\u015ft\u0131rd\u0131k.<\/p>\n<p style=\"text-align: justify;\">Ondan sonra projeye ba\u015fland\u0131. Dayanak g\u00f6sterilen DS\u0130&#8217;nin raporu 1973 y\u0131l\u0131ndaki bir kanuna ba\u011fl\u0131 olarak haz\u0131rland\u0131. Ondan sonra 1997 y\u0131l\u0131nda Ka\u011f\u0131thane Deresinin \u0131slah\u0131 yap\u0131ld\u0131. Art\u0131k \u0131slah\u0131 yap\u0131lan bir yerde ta\u015fk\u0131n kodundan bahsedilmez, kret kodundan bahsedilir. Kret kodu da suyun geldi\u011fi kodla arazinin kesi\u015fti\u011fi noktad\u0131r. Art\u0131k orada Ka\u011f\u0131thane deresi diye bir \u015feyden bahsedemeyiz.<\/p>\n<p style=\"text-align: justify;\">E\u011fer rivayet edildi\u011fi 5,5 metre ta\u015fk\u0131n gelirse oraya Ey\u00fcp Sultan Cami bahrir kat\u0131na kadar Yeni Cami de merdivenlerin \u00fcst\u00fcne kadar 1 metre su dolar. Bu kadar. Bunun \u00f6tesine ge\u00e7mez. B\u00f6lgenin nemli olmas\u0131 da s\u00f6z konusu de\u011fil. Kald\u0131 ki nemli bir b\u00f6lgede insan bile ya\u015famazken belge nas\u0131l saklans\u0131n. Denizin s\u0131f\u0131r kodundan 5,5 metre afet oluyor ve Ka\u011f\u0131thane Deresi, Nil Nehri haline geliyorsa ne Ey\u00fcp ne de Emin\u00f6n\u00fc kal\u0131r. Sur i\u00e7i \u0130stanbul diye bir \u015fehir kalmaz. O zaman da ar\u015fivden bahsedilmez.&#8221;<\/p>\n<p style=\"text-align: justify;\">12 binadan olu\u015fuyor<\/p>\n<p style=\"text-align: justify;\">Ba\u015fbakanl\u0131k Devlet Ar\u015fivleri Genel M\u00fcd\u00fcrl\u00fc\u011f\u00fc\u2019n\u00fcn y\u00fcr\u00fctt\u00fc\u011f\u00fc projenin in\u015fas\u0131 i\u00e7in, Ka\u011f\u0131thane\u2019deki Hazine arazisi se\u00e7ildi. May\u0131s 2013\u2019te bitirilmesi planlanan bina 122 binmetrekarelik alanda 12 binadan olu\u015fuyor. Yakla\u015f\u0131k 50 bin metrekarelik k\u0131sm\u0131 yeralt\u0131nda bulunuyor.<\/p>\n<p style=\"text-align: justify;\">Ta\u015f\u0131nacak 100 milyon belge ile 365 bin defterin 2020\u2019ye kadar dijital ortama aktar\u0131lmas\u0131 bekleniyor. 100milyon dolara mal olacak Osmanl\u0131 Ar\u015fiv Sitesi Projesi\u2019nin yap\u0131laca\u011f\u0131 arazide yine Osmanl\u0131\u2019ya ait tarihi kal\u0131nt\u0131lar ortaya \u00e7\u0131k\u0131nca tart\u0131\u015fmalara neden olmu\u015ftu.<\/p>\n<p style=\"text-align: justify;\">Kaynak:http:\/\/gundem.bugun.com.tr<\/p>\n","protected":false},"excerpt":{"rendered":"<p>Uzmanlara g\u00f6re 100 milyon belgeyle 365 bin defter, sel ve nem riskiyle kar\u015f\u0131 kar\u015f\u0131ya. Projenin mimar\u0131 \u015eenalp ise \u201cMilyonda bir risk ihtimali bile s\u00f6z konusu de\u011fil\u201d dedi.\u0130stanbul Ka\u011f\u0131thane&#8217;de in\u015fa edilen, Osmanl\u0131&#8217;n\u0131n t\u00fcm ar\u015fivlerininin toplayaca\u011f\u0131 Osmanl\u0131 Ar\u015fiv Sitesi Proje tart\u0131\u015fmalara neden oldu. Uzmanlar, b\u00f6lgede ta\u015fk\u0131n riski bulundu\u011funu s\u00f6yleyerek ar\u015fivin ta\u015f\u0131nmas\u0131na kar\u015f\u0131 \u00e7\u0131kt\u0131. Gerek\u00e7e olarak da Devlet [&hellip;]<\/p>\n","protected":false},"author":1,"featured_media":0,"comment_status":"open","ping_status":"open","sticky":false,"template":"","format":"standard","meta":{"footnotes":""},"categories":[1,1593],"tags":[227,1096,226],"class_list":["post-9839","post","type-post","status-publish","format-standard","hentry","category-genel","category-osmanli-arsiv-sitesi","tag-arsiv-sitesi","tag-arsivcilik","tag-milli-arsiv-sitesi"],"_links":{"self":[{"href":"https:\/\/www.bbyhaber.com\/bby\/wp-json\/wp\/v2\/posts\/9839"}],"collection":[{"href":"https:\/\/www.bbyhaber.com\/bby\/wp-json\/wp\/v2\/posts"}],"about":[{"href":"https:\/\/www.bbyhaber.com\/bby\/wp-json\/wp\/v2\/types\/post"}],"author":[{"embeddable":true,"href":"https:\/\/www.bbyhaber.com\/bby\/wp-json\/wp\/v2\/users\/1"}],"replies":[{"embeddable":true,"href":"https:\/\/www.bbyhaber.com\/bby\/wp-json\/wp\/v2\/comments?post=9839"}],"version-history":[{"count":0,"href":"https:\/\/www.bbyhaber.com\/bby\/wp-json\/wp\/v2\/posts\/9839\/revisions"}],"wp:attachment":[{"href":"https:\/\/www.bbyhaber.com\/bby\/wp-json\/wp\/v2\/media?parent=9839"}],"wp:term":[{"taxonomy":"category","embeddable":true,"href":"https:\/\/www.bbyhaber.com\/bby\/wp-json\/wp\/v2\/categories?post=9839"},{"taxonomy":"post_tag","embeddable":true,"href":"https:\/\/www.bbyhaber.com\/bby\/wp-json\/wp\/v2\/tags?post=9839"}],"curies":[{"name":"wp","href":"https:\/\/api.w.org\/{rel}","templated":true}]}}