{"id":9833,"date":"2013-03-01T15:40:30","date_gmt":"2013-03-01T13:40:30","guid":{"rendered":"http:\/\/www.bbyhaber.com\/bby\/?p=9833"},"modified":"2013-03-01T15:45:55","modified_gmt":"2013-03-01T13:45:55","slug":"kutuphaneye-engelli-rampasi-konya","status":"publish","type":"post","link":"https:\/\/www.bbyhaber.com\/bby\/2013\/03\/01\/kutuphaneye-engelli-rampasi-konya","title":{"rendered":"K\u00fct\u00fcphane&#8217;ye engelli rampas\u0131-Konya"},"content":{"rendered":"<p style=\"text-align: justify;\"><img loading=\"lazy\" decoding=\"async\" class=\"alignleft\" src=\"http:\/\/www.saraymedya.com\/upload\/resimler\/haber\/k%C3%BCt%C3%BCphane%20engelli.JPG\" alt=\"\" width=\"215\" height=\"163\" \/>Saray\u00f6n\u00fc&#8217;nde engellilerin rahat bir \u015fekilde hayat\u0131n\u0131 s\u00fcrd\u00fcrebilmesi i\u00e7in yap\u0131lan \u00e7al\u0131\u015fmalara Saray\u00f6n\u00fc K\u00fct\u00fcphanesi&#8217;de eklendi. Saray\u00f6n\u00fc Halk K\u00fct\u00fcphanesi&#8217;ne engelli okurlar i\u00e7in rampa in\u015fa edildi. Saray\u00f6n\u00fc \u0130l\u00e7e K\u00fct\u00fcphanesi yetkilileri, engellilerin okuma \u00f6zg\u00fcrl\u00fc\u011f\u00fc i\u00e7in engellilerin k\u00fct\u00fcphaneye giri\u015f \u00e7\u0131k\u0131\u015f\u0131nda kolayl\u0131k sa\u011flanmas\u0131 amac\u0131yla engelli rampas\u0131n\u0131n yap\u0131ld\u0131\u011f\u0131n\u0131 a\u00e7\u0131klad\u0131.<!--more--><\/p>\n<p style=\"text-align: justify;\">\u0130l\u00e7ede engellilerin de okuma hakk\u0131 oldu\u011funu belirten k\u00fct\u00fcphane yetkilileri, &#8220;Bizim tek amac\u0131m\u0131z Saray\u00f6n\u00fc il\u00e7esinde okuma al\u0131\u015fkanl\u0131\u011f\u0131n\u0131 herkese kazand\u0131rarak halk\u0131m\u0131z\u0131n okuma k\u00fclt\u00fcr\u00fcn\u00fc geli\u015ftirmektir. Bu kapsamda il\u00e7emizde ya\u015fayan engelli vatanda\u015flar\u0131m\u0131zda k\u00fct\u00fcphanemizden faydalanmas\u0131 i\u00e7in elimizden gelen her \u015feyi yapmaktay\u0131z&#8221; dedi. Engelliler i\u00e7in yapt\u0131r\u0131lan rampan\u0131n gideri Saray\u00f6n\u00fc K\u00f6ylere Hizmet G\u00f6t\u00fcrme Birli\u011fi taraf\u0131ndan kar\u015f\u0131land\u0131.<\/p>\n<p style=\"text-align: justify;\">Kaynak: http:\/\/www.saraymedya.com\/<\/p>\n","protected":false},"excerpt":{"rendered":"<p>Saray\u00f6n\u00fc&#8217;nde engellilerin rahat bir \u015fekilde hayat\u0131n\u0131 s\u00fcrd\u00fcrebilmesi i\u00e7in yap\u0131lan \u00e7al\u0131\u015fmalara Saray\u00f6n\u00fc K\u00fct\u00fcphanesi&#8217;de eklendi. Saray\u00f6n\u00fc Halk K\u00fct\u00fcphanesi&#8217;ne engelli okurlar i\u00e7in rampa in\u015fa edildi. Saray\u00f6n\u00fc \u0130l\u00e7e K\u00fct\u00fcphanesi yetkilileri, engellilerin okuma \u00f6zg\u00fcrl\u00fc\u011f\u00fc i\u00e7in engellilerin k\u00fct\u00fcphaneye giri\u015f \u00e7\u0131k\u0131\u015f\u0131nda kolayl\u0131k sa\u011flanmas\u0131 amac\u0131yla engelli rampas\u0131n\u0131n yap\u0131ld\u0131\u011f\u0131n\u0131 a\u00e7\u0131klad\u0131.<\/p>\n","protected":false},"author":1,"featured_media":0,"comment_status":"open","ping_status":"open","sticky":false,"template":"","format":"standard","meta":{"footnotes":""},"categories":[1],"tags":[848],"class_list":["post-9833","post","type-post","status-publish","format-standard","hentry","category-genel","tag-halk-kutuphaneleri"],"_links":{"self":[{"href":"https:\/\/www.bbyhaber.com\/bby\/wp-json\/wp\/v2\/posts\/9833"}],"collection":[{"href":"https:\/\/www.bbyhaber.com\/bby\/wp-json\/wp\/v2\/posts"}],"about":[{"href":"https:\/\/www.bbyhaber.com\/bby\/wp-json\/wp\/v2\/types\/post"}],"author":[{"embeddable":true,"href":"https:\/\/www.bbyhaber.com\/bby\/wp-json\/wp\/v2\/users\/1"}],"replies":[{"embeddable":true,"href":"https:\/\/www.bbyhaber.com\/bby\/wp-json\/wp\/v2\/comments?post=9833"}],"version-history":[{"count":0,"href":"https:\/\/www.bbyhaber.com\/bby\/wp-json\/wp\/v2\/posts\/9833\/revisions"}],"wp:attachment":[{"href":"https:\/\/www.bbyhaber.com\/bby\/wp-json\/wp\/v2\/media?parent=9833"}],"wp:term":[{"taxonomy":"category","embeddable":true,"href":"https:\/\/www.bbyhaber.com\/bby\/wp-json\/wp\/v2\/categories?post=9833"},{"taxonomy":"post_tag","embeddable":true,"href":"https:\/\/www.bbyhaber.com\/bby\/wp-json\/wp\/v2\/tags?post=9833"}],"curies":[{"name":"wp","href":"https:\/\/api.w.org\/{rel}","templated":true}]}}