{"id":9821,"date":"2013-02-28T19:00:31","date_gmt":"2013-02-28T17:00:31","guid":{"rendered":"http:\/\/www.bbyhaber.com\/bby\/?p=9821"},"modified":"2013-02-28T19:01:04","modified_gmt":"2013-02-28T17:01:04","slug":"mugla%e2%80%99da-148-yillik-mevlevi-kutuphanesi-hizmete-acildi","status":"publish","type":"post","link":"https:\/\/www.bbyhaber.com\/bby\/2013\/02\/28\/mugla%e2%80%99da-148-yillik-mevlevi-kutuphanesi-hizmete-acildi","title":{"rendered":"Mu\u011fla\u2019da 148 y\u0131ll\u0131k Mevlevi K\u00fct\u00fcphanesi hizmete a\u00e7\u0131ld\u0131"},"content":{"rendered":"<p style=\"text-align: justify;\"><img loading=\"lazy\" decoding=\"async\" class=\"alignleft\" src=\"http:\/\/www.muglayenigun.com\/wp-content\/uploads\/2013\/02\/2100-300x200.jpg\" alt=\"\" width=\"233\" height=\"155\" \/>Mu\u011fla\u2019da tarih\u00ee \u015eeyh Camisi\u2019nin bah\u00e7esindeki, Mevlevi Hoca Mustafa Efendi taraf\u0131ndan 1865 y\u0131l\u0131nda yapt\u0131r\u0131lan k\u00fct\u00fcphane restore edilerek hizmete a\u00e7\u0131ld\u0131. O d\u00f6nemde Hoca Mustafa Efendi\u2019ye ait olan 4 bin 426 adet \u00e7e\u015fitli eserin tekrar k\u00fct\u00fcphaneye kazand\u0131r\u0131lmas\u0131 i\u00e7in de \u00e7al\u0131\u015fma ba\u015flat\u0131ld\u0131. \u015eeyh Camisi\u2019nde \u00f6\u011fle namaz\u0131ndan \u00f6nce d\u00fczenlenen a\u00e7\u0131l\u0131\u015f t\u00f6renine AK Parti milletvekilleri Ali Bo\u011fa ve Y\u00fcksel \u00d6zden, Vali Fatih \u015eahin, \u0130l M\u00fcft\u00fcs\u00fc Hasan Ba\u015fi\u015f, Mu\u011fla S\u0131tk\u0131 Ko\u00e7man \u00dcniversitesi Rekt\u00f6r\u00fc Prof. Dr. Mansur Harmandar, daire m\u00fcd\u00fcrleri, Kur\u2019\u00e2n kursu \u00f6\u011frencileri ve cami cemaati kat\u0131ld\u0131. <!--more--><\/p>\n<p style=\"text-align: justify;\">M\u00fcft\u00fc Ba\u015fi\u015f, a\u00e7\u0131l\u0131\u015f konu\u015fmas\u0131nda, \u201cK\u00fct\u00fcphane, cumhuriyetin ilan\u0131ndan sonra de\u011fi\u015fik \u015fekillerde kullan\u0131lm\u0131\u015f, hatt\u00e2 bir d\u00f6nem noter olarak hizmet vermi\u015f. Ayd\u0131n Vak\u0131flar B\u00f6lge M\u00fcd\u00fcrl\u00fc\u011f\u00fc\u2019ne ait olan k\u00fct\u00fcphane, Mu\u011fla Hay\u0131rseverler Vakf\u0131 taraf\u0131ndan kiras\u0131 \u00f6denerek bug\u00fcne kadar depo ve \u00f6\u011frenci yurdu olarak kullan\u0131ld\u0131. Say\u0131n Valimiz Fatih \u015eahin\u2019in destekleriyle \u0130l \u00d6zel \u0130daresi taraf\u0131ndan restore edilen bina, bundan sonra k\u00fct\u00fcphane olarak hizmet verecek.\u201d dedi. Hoca Mustafa Efendi\u2019ye ait olan kitaplar\u0131 da tekrar k\u00fct\u00fcphaneye kazand\u0131rmak i\u00e7in \u00e7al\u0131\u015fma ba\u015flatt\u0131klar\u0131n\u0131 anlatan Ba\u015fi\u015f, \u201cHocan\u0131n 3 bin 804\u2019\u00fc T\u00fcrk\u00e7e, 510\u2019u Arap\u00e7a, 57\u2019si Frans\u0131zca, 53\u2019\u00fc Fars\u00e7a ve ikisi \u0130ngilizce olmak \u00fczere 4 bin 426 eseri bulunuyor. \u0130n\u015fallah bu eserleri k\u00fct\u00fcphanemize kazand\u0131raca\u011f\u0131z. Benin bir istirham\u0131m olacak; Hoca Mustafa Efendi\u2019nin mezar\u0131 \u015fu anki hastanenin alt\u0131nda bulunmaktad\u0131r. Sembolik de olsa hastane bah\u00e7esine bir mezar ta\u015f\u0131 yap\u0131lmas\u0131n\u0131 istiyoruz.\u201d diye konu\u015ftu.<\/p>\n<p style=\"text-align: justify;\">Milletvekili \u00d6zden ise buradaki Kur\u2019\u00e2n kursunun 1990 sonralar\u0131nda ba\u015flayan tramvayla adeta \u00e7al\u0131\u015famaz hale getirildi\u011fini vurgulayarak, \u201cBurada e\u011fitim g\u00f6rd\u00fc\u011f\u00fcm d\u00f6nemde p\u0131r\u0131l p\u0131r\u0131l i\u015fleyen bir binayd\u0131. 2000\u2019li y\u0131llar\u0131n ba\u015flar\u0131nda metruk, \u00e7\u00fcr\u00fcm\u00fc\u015f, \u00e7\u00f6km\u00fc\u015f ve i\u00e7ine girilemez hale gelmi\u015fti. Buralarda olman\u0131n neredeyse su\u00e7 oldu\u011fu bir atmosferin \u00fcr\u00fcn\u00fc olarak bu binalar \u00e7ok k\u00f6t\u00fcyd\u00fc. Bug\u00fcn \u00e7ok \u015f\u00fck\u00fcr modernize edilerek, i\u00e7i p\u0131r\u0131l p\u0131r\u0131l hale geldi. Bug\u00fcne kadar Mu\u011fla\u2019y\u0131 ba\u015fkalar\u0131, ba\u015fka \u015fekilde anlamay\u0131 tercih etti. D\u0131\u015far\u0131dan alg\u0131lamayla Mu\u011flal\u0131n\u0131n dinle diyanetle al\u00e2kas\u0131 yok, irtibat\u0131n\u0131 kesmi\u015f, muhafazak\u00e2rl\u0131k, Kur\u2019\u00e2n, \u0130sl\u00e2m, hadis, dindarl\u0131k kelimeleri ge\u00e7meyen bir yer san\u0131yorlar. Oysa ki buradaki ta\u015f gibi kitabe diyor ki Mu\u011flal\u0131 Mevlevi\u201d \u015feklinde konu\u015ftu. Mu\u011fla\u2019da 1937 y\u0131l\u0131nda Vali Recai G\u00fcreli ve Hoca Mustafa Efendi\u2019nin torunu \u0130skender Alp Er\u2019in belediye ba\u015fkan\u0131 oldu\u011fu d\u00f6nemde ge\u00e7mi\u015fin izlerinin silindi\u011fini belirten \u00d6zden, \u201cTarihimize ait izlerin her biri silinmeye, yok edilmeye \u00e7al\u0131\u015f\u0131l\u0131yor. Mezar ta\u015flar\u0131 dahi s\u00f6k\u00fcl\u00fcyor, imha ediliyor. Mezarlar al\u0131n\u0131p bir yerlere ta\u015f\u0131nm\u0131yor. Adeta sembolik olarak mezar\u0131n de\u011fil, ge\u00e7mi\u015fimizin \u00fczerine beton d\u00f6k\u00fcl\u00fcyor. Allah bizi bu topraklarda bu \u015fekilde l\u00fctfuyla ya\u015fat\u0131yor. Kendi ge\u00e7mi\u015fine, tarihine, atas\u0131na, dedesine, dinine, diyanetine beton d\u00f6ken bir zihniyetin arkas\u0131ndan biz iyi ya\u015f\u0131yoruz. Burada onun i\u00e7in bu alg\u0131n\u0131n de\u011fi\u015fmesi laz\u0131m. \u00dczerindeki insanlar\u0131n durumu \u015fu anda ne olursa olsun, biz bu topraklar\u0131n \u00fczerinde olan t\u00fcm hem\u015fehrilerimizin de\u011ferlerine ba\u011fl\u0131, k\u00f6kenine inanan nesiller olarak devam etmek istedi\u011fine inan\u0131yoruz.\u201d ifadelerini kulland\u0131.<\/p>\n<p>Kaynak:http:\/\/www.muglayenigun.com\/<\/p>\n","protected":false},"excerpt":{"rendered":"<p>Mu\u011fla\u2019da tarih\u00ee \u015eeyh Camisi\u2019nin bah\u00e7esindeki, Mevlevi Hoca Mustafa Efendi taraf\u0131ndan 1865 y\u0131l\u0131nda yapt\u0131r\u0131lan k\u00fct\u00fcphane restore edilerek hizmete a\u00e7\u0131ld\u0131. O d\u00f6nemde Hoca Mustafa Efendi\u2019ye ait olan 4 bin 426 adet \u00e7e\u015fitli eserin tekrar k\u00fct\u00fcphaneye kazand\u0131r\u0131lmas\u0131 i\u00e7in de \u00e7al\u0131\u015fma ba\u015flat\u0131ld\u0131. \u015eeyh Camisi\u2019nde \u00f6\u011fle namaz\u0131ndan \u00f6nce d\u00fczenlenen a\u00e7\u0131l\u0131\u015f t\u00f6renine AK Parti milletvekilleri Ali Bo\u011fa ve Y\u00fcksel \u00d6zden, Vali [&hellip;]<\/p>\n","protected":false},"author":1,"featured_media":0,"comment_status":"open","ping_status":"open","sticky":false,"template":"","format":"standard","meta":{"footnotes":""},"categories":[1],"tags":[],"class_list":["post-9821","post","type-post","status-publish","format-standard","hentry","category-genel"],"_links":{"self":[{"href":"https:\/\/www.bbyhaber.com\/bby\/wp-json\/wp\/v2\/posts\/9821"}],"collection":[{"href":"https:\/\/www.bbyhaber.com\/bby\/wp-json\/wp\/v2\/posts"}],"about":[{"href":"https:\/\/www.bbyhaber.com\/bby\/wp-json\/wp\/v2\/types\/post"}],"author":[{"embeddable":true,"href":"https:\/\/www.bbyhaber.com\/bby\/wp-json\/wp\/v2\/users\/1"}],"replies":[{"embeddable":true,"href":"https:\/\/www.bbyhaber.com\/bby\/wp-json\/wp\/v2\/comments?post=9821"}],"version-history":[{"count":0,"href":"https:\/\/www.bbyhaber.com\/bby\/wp-json\/wp\/v2\/posts\/9821\/revisions"}],"wp:attachment":[{"href":"https:\/\/www.bbyhaber.com\/bby\/wp-json\/wp\/v2\/media?parent=9821"}],"wp:term":[{"taxonomy":"category","embeddable":true,"href":"https:\/\/www.bbyhaber.com\/bby\/wp-json\/wp\/v2\/categories?post=9821"},{"taxonomy":"post_tag","embeddable":true,"href":"https:\/\/www.bbyhaber.com\/bby\/wp-json\/wp\/v2\/tags?post=9821"}],"curies":[{"name":"wp","href":"https:\/\/api.w.org\/{rel}","templated":true}]}}