{"id":980,"date":"2011-04-01T22:07:48","date_gmt":"2011-04-01T22:07:48","guid":{"rendered":"http:\/\/www.bbyhaber.com\/bby\/?p=980"},"modified":"2012-09-07T22:05:18","modified_gmt":"2012-09-07T19:05:18","slug":"elektronik-kitap-satislari-artiyor-sahaflik-sekil-degistiriyor","status":"publish","type":"post","link":"https:\/\/www.bbyhaber.com\/bby\/2011\/04\/01\/elektronik-kitap-satislari-artiyor-sahaflik-sekil-degistiriyor","title":{"rendered":"Elektronik Kitap Sat\u0131\u015flar\u0131 Art\u0131yor Sahafl\u0131k \u015eekil De\u011fi\u015ftiriyor"},"content":{"rendered":"<p style=\"text-align: justify;\" align=\"justify\">New York Times 4 y\u0131l sonra tamamen elektronik olacak. 2018 y\u0131l\u0131ndaelektronik kitap sat\u0131\u015flar\u0131n\u0131n bas\u0131l\u0131 kitap sat\u0131\u015flar\u0131yla ayn\u0131 sat\u0131\u015f oranlar\u0131n\u0131yakalayaca\u011f\u0131 tahmin ediliyor. Sahaflara elinde kitap listesi ile u\u011frayankalmad\u0131. Gidi\u015fat neyi g\u00f6steriyor, bas\u0131l\u0131 kitab\u0131n sonu mu geliyor? \u0130stanbul\u015eehir \u00dcniversitesi\u2019nde d\u00fczenlenen &#8220;Sahaftan Amazon.Com&#8217;a: Kitab\u0131nd\u00fcnyas\u0131ndan d\u00fcnyan\u0131n kitab\u0131na&#8221; konulu panelde bu sorunun cevab\u0131tart\u0131\u015f\u0131ld\u0131.<!--more--><\/p>\n<p style=\"text-align: justify;\" align=\"justify\">\u0130stanbul \u015eehir \u00dcniversitesi\u2019nde K\u00fct\u00fcphane Haftas\u0131 kapsam\u0131nda &#8220;SahaftanAmazon.com&#8217;a: Kitab\u0131n d\u00fcnyas\u0131ndan d\u00fcnyan\u0131n kitab\u0131na&#8221; konulu bir paneld\u00fczenlendi. Moderat\u00f6rl\u00fc\u011f\u00fcn\u00fc \u0130stanbul \u015eehir \u00dcniversitesi Rekt\u00f6r Yard\u0131mc\u0131s\u0131 Prof.Dr. Co\u015fkun \u00c7ak\u0131r&#8217;\u0131n yapt\u0131\u011f\u0131 panele \u0130stanbul Bilgi \u00dcniversitesi \u00d6\u011fretim \u00dcyesi Prof.Dr. Ayhan Aktar, Elektronik Bilgi \u0130leti\u015fim A.\u015e. (Idefixe) Genel M\u00fcd\u00fcr\u00fc Mehmet\u0130nhan, Turkuaz Antiquariat &amp; Publishing Limited Company \u2018nin Sahibi E. Nedret\u0130\u015fli ve Hiperlink Genel M\u00fcd\u00fcr\u00fc Hayri Yavuz konu\u015fmac\u0131 olarak kat\u0131ld\u0131.<\/p>\n<p style=\"text-align: justify;\" align=\"justify\">Kitap fiyatlar\u0131 artacak<\/p>\n<p style=\"text-align: justify;\" align=\"justify\">\u0130leti\u015fim teknolojileri ne kadar geli\u015firse geli\u015fsin bas\u0131l\u0131 kitab\u0131n yok olmayaca\u011f\u0131n\u0131ifade eden \u0130stanbul Bilgi \u00dcniversitesi \u00d6\u011fretim \u00dcyesi Prof.Dr. Ayhan Aktar, \u201cAmakitab\u0131n hammaddesi olan ka\u011f\u0131t her ge\u00e7en y\u0131l daha da de\u011ferleniyor. Bunu kitapfiyatlar\u0131ndaki art\u0131\u015fa bakt\u0131\u011f\u0131m\u0131zda da g\u00f6r\u00fcyoruz. Son 5 y\u0131lda ka\u011f\u0131t fiyatlar\u0131ndakiart\u0131\u015fa paralel olarak kitap fiyatlar\u0131nda da art\u0131\u015f trendi var. Bundan sonra kitaplarbelki 500-1000 adet gibi k\u00fc\u00e7\u00fck adetlerle bas\u0131lacak. Dolay\u0131s\u0131yla ben kitaplar\u0131nbask\u0131 adetlerinin d\u00fc\u015fece\u011fi ama fiyat\u0131n\u0131n artaca\u011f\u0131 bir d\u00f6nem ya\u015fanaca\u011f\u0131n\u0131d\u00fc\u015f\u00fcn\u00fcyorum\u201d dedi.D\u00fcnyan\u0131n en ciddi gazetelerinden biri olan New York Times\u2019in 4 y\u0131l sonraelektronik olarak \u00e7\u0131kaca\u011f\u0131n\u0131 hat\u0131rlatan Ayhan Aktar, internetin hayat\u0131n \u00f6nemli birpar\u00e7as\u0131 oldu\u011funu belirterek, \u201cBen de evime iki gazete al\u0131yorum ama di\u011fergazeteleri internetten okuyorum\u201ddiye konu\u015ftu.<\/p>\n<p style=\"text-align: justify;\" align=\"justify\">Sahafl\u0131k \u015fekil de\u011fi\u015ftiriyor<\/p>\n<p style=\"text-align: justify;\" align=\"justify\">Liseden mezun oldu\u011fu 1978 y\u0131l\u0131ndan beri eski kitaplarla u\u011fra\u015ft\u0131\u011f\u0131n\u0131 anlatanTurkuaz Sahaf Artiquariat &amp; Publishing Limited Company \u2018nin Sahibi E. Nedret\u0130\u015fli, \u201c\u0130nternetin yay\u0131lmas\u0131 ile birlikte \u0130stanbul\u2019da direnen 1-2 sahaf d\u0131\u015f\u0131nda di\u011fersahaflar kendi web sitelerini kurdular veya kitap sitelerinde b\u00f6l\u00fcmleri mevcut.Dolay\u0131s\u0131yla d\u00fckk\u00e2nlar art\u0131k \u00e7ok fazla kitap merakl\u0131s\u0131n\u0131 g\u00f6rm\u00fcyor. Bu nedenle de sahafl\u0131k giderek \u015fekil de\u011fi\u015ftiriyor. \u0130leride bizi nas\u0131l bir gelece\u011fin bekledi\u011finikestirmek olduk\u00e7a g\u00fc\u00e7\u201d g\u00f6r\u00fc\u015flerini dile getirdi.<\/p>\n<p style=\"text-align: justify;\" align=\"justify\">Elektronik kitap sat\u0131\u015flar\u0131 art\u0131yor<\/p>\n<p style=\"text-align: justify;\" align=\"justify\">Amerikan Yay\u0131nc\u0131lar Birli\u011fi\u2019nin rakamlar\u0131na g\u00f6re 2006-2009 y\u0131llar\u0131 aras\u0131ndaelektronik kitap sat\u0131\u015flar\u0131nda y\u00fczde 400-500 oran\u0131nda art\u0131\u015f oldu\u011funu anlatanElektronik Bilgi \u0130leti\u015fim A.\u015e. (Idefixe) Genel M\u00fcd\u00fcr\u00fc Mehmet \u0130nhan, \u201c2010 y\u0131l\u0131ndatoplam sat\u0131\u015flar i\u00e7inde elektronik kitaplar\u0131n oran\u0131 y\u00fczde 7 civar\u0131nda ger\u00e7ekle\u015fti.Ama 2018 y\u0131l\u0131nda bu oran\u0131n y\u00fczde 50-50 \u015feklinde ger\u00e7ekle\u015fece\u011fi tahmin ediliyor.Yani 2018 y\u0131l\u0131nda sat\u0131lan kitaplar\u0131n y\u00fczde 50\u2019si elektronik olacak. Ama ben det\u00fcm bunlara ra\u011fmen bas\u0131l\u0131 kitab\u0131n ortadan kalkaca\u011f\u0131na inanm\u0131yorum\u201d dedi.<\/p>\n<p>Elektronik kitab\u0131n bir\u00e7ok \u00f6nemli avantaj\u0131 oldu\u011funu ifade eden \u0130nhan, \u201cBask\u0131n\u0131nt\u00fckenmesi sorunu yok. Bask\u0131, stok ve benzer maliyetleri ortadan kald\u0131r\u0131yor.Kitaba eri\u015fimi anl\u0131k hale getiriyor. Kitap fiyatlar\u0131n\u0131 d\u00fc\u015f\u00fcr\u00fcyor. Ayr\u0131ca sadece bas\u0131l\u0131olarak sat\u0131lamayacak kitaplarda elektronik olarak yay\u0131nland\u0131\u011f\u0131nda al\u0131c\u0131 buluyor.\u00d6rne\u011fin bizim ciromuzun \u00e7ok k\u00fc\u00e7\u00fck bir k\u0131sm\u0131 \u00e7ok satan kitaplardan olu\u015fuyor.Buna kar\u015f\u0131n ortalama sat\u0131\u015f rakam\u0131 5 adedi ge\u00e7meyen 10 binlerce kitap sat\u0131yoruz\u201d diye konu\u015ftu.<br \/>\n\u0130lk elektronik k\u00fct\u00fcphane<\/p>\n<p style=\"text-align: justify;\" align=\"justify\">T\u00fcrkiye\u2019nin ilk elektronik k\u00fct\u00fcphanesini kurmak \u00fczere 2007 y\u0131l\u0131nda \u00e7al\u0131\u015fmalaraba\u015flad\u0131klar\u0131n\u0131 anlatan Hiperlink Genel M\u00fcd\u00fcr\u00fc Hayri Yavuz ise \u015funlar\u0131 s\u00f6yledi:\u201c2008\u2019de bir yaz\u0131l\u0131m geli\u015ftirdik. Daha sonra da yay\u0131nevleri ile g\u00f6r\u00fc\u015ferek telif haklar\u0131 anla\u015fmalar\u0131 yapt\u0131k. Bu i\u015fin esas zor k\u0131sm\u0131n\u0131n da bu oldu\u011funu g\u00f6rd\u00fck.3500 civar\u0131nda kitapla T\u00fcrkiye\u2019nin ilk elektronik k\u00fct\u00fcphanesini kurduk. Bug\u00fcnkitap say\u0131m\u0131z 8 bin. \u00c7al\u0131\u015ft\u0131\u011f\u0131m\u0131z 200 civar\u0131nda yay\u0131nevi var.\u201d\u00a0<strong><\/strong><\/p>\n<p style=\"text-align: justify;\">Kaynak: <a href=\"http:\/\/www.scribd.com\/\" target=\"_blank\">http:\/\/www.scribd.com\/<\/a><\/p>\n","protected":false},"excerpt":{"rendered":"<p>New York Times 4 y\u0131l sonra tamamen elektronik olacak. 2018 y\u0131l\u0131ndaelektronik kitap sat\u0131\u015flar\u0131n\u0131n bas\u0131l\u0131 kitap sat\u0131\u015flar\u0131yla ayn\u0131 sat\u0131\u015f oranlar\u0131n\u0131yakalayaca\u011f\u0131 tahmin ediliyor. Sahaflara elinde kitap listesi ile u\u011frayankalmad\u0131. Gidi\u015fat neyi g\u00f6steriyor, bas\u0131l\u0131 kitab\u0131n sonu mu geliyor? \u0130stanbul\u015eehir \u00dcniversitesi\u2019nde d\u00fczenlenen &#8220;Sahaftan Amazon.Com&#8217;a: Kitab\u0131nd\u00fcnyas\u0131ndan d\u00fcnyan\u0131n kitab\u0131na&#8221; konulu panelde bu sorunun cevab\u0131tart\u0131\u015f\u0131ld\u0131.<\/p>\n","protected":false},"author":1,"featured_media":0,"comment_status":"open","ping_status":"open","sticky":false,"template":"","format":"standard","meta":{"footnotes":""},"categories":[1519],"tags":[1461,116],"class_list":["post-980","post","type-post","status-publish","format-standard","hentry","category-47-kutuphane-haftasi","tag-kutuphane-haftasi","tag-sahaflik"],"_links":{"self":[{"href":"https:\/\/www.bbyhaber.com\/bby\/wp-json\/wp\/v2\/posts\/980"}],"collection":[{"href":"https:\/\/www.bbyhaber.com\/bby\/wp-json\/wp\/v2\/posts"}],"about":[{"href":"https:\/\/www.bbyhaber.com\/bby\/wp-json\/wp\/v2\/types\/post"}],"author":[{"embeddable":true,"href":"https:\/\/www.bbyhaber.com\/bby\/wp-json\/wp\/v2\/users\/1"}],"replies":[{"embeddable":true,"href":"https:\/\/www.bbyhaber.com\/bby\/wp-json\/wp\/v2\/comments?post=980"}],"version-history":[{"count":0,"href":"https:\/\/www.bbyhaber.com\/bby\/wp-json\/wp\/v2\/posts\/980\/revisions"}],"wp:attachment":[{"href":"https:\/\/www.bbyhaber.com\/bby\/wp-json\/wp\/v2\/media?parent=980"}],"wp:term":[{"taxonomy":"category","embeddable":true,"href":"https:\/\/www.bbyhaber.com\/bby\/wp-json\/wp\/v2\/categories?post=980"},{"taxonomy":"post_tag","embeddable":true,"href":"https:\/\/www.bbyhaber.com\/bby\/wp-json\/wp\/v2\/tags?post=980"}],"curies":[{"name":"wp","href":"https:\/\/api.w.org\/{rel}","templated":true}]}}