{"id":9793,"date":"2013-02-28T09:48:38","date_gmt":"2013-02-28T07:48:38","guid":{"rendered":"http:\/\/www.bbyhaber.com\/bby\/?p=9793"},"modified":"2016-03-15T18:10:52","modified_gmt":"2016-03-15T16:10:52","slug":"kadinca-bir-kutuphane","status":"publish","type":"post","link":"https:\/\/www.bbyhaber.com\/bby\/2013\/02\/28\/kadinca-bir-kutuphane","title":{"rendered":"Kad\u0131nca bir k\u00fct\u00fcphane"},"content":{"rendered":"<p style=\"text-align: justify;\"><strong>T\u00fcrkiye\u2019nin ilk ve tek kad\u0131n konulu k\u00fct\u00fcphane ve ar\u015fivi 25 y\u0131ld\u0131r faaliyetlerini aral\u0131ks\u0131z s\u00fcrd\u00fcr\u00fcyor.<\/strong><\/p>\n<p style=\"text-align: justify;\">1990 y\u0131l\u0131nda Jale Baysal, F\u00fcsun Akatl\u0131, \u015eirin Tekeli, F\u00fcsun Yara ve Asl\u0131 Davaz taraf\u0131ndan kurulan ilk ve tek kad\u0131n konulu k\u00fct\u00fcphane kurulu\u015fundan itibaren \u0130stanbul\u2019un Fener semtindeki tarihi binada \u00e7al\u0131\u015fmalar\u0131na devam ediyor. \u00d6nceleri harap halde olan k\u00fct\u00fcphane binas\u0131 yap\u0131lan yenileme \u00e7al\u0131\u015fmalar\u0131ndan sonra \u0130stanbul B\u00fcy\u00fck\u015fehir Belediyesi taraf\u0131ndan k\u00fct\u00fcphaneye tahsis edildi.<!--more--><\/p>\n<p style=\"text-align: justify;\">K\u00fct\u00fcphane Y\u00f6netim Kurulu ba\u015fkan\u0131 ayn\u0131 zamanda Marmara \u00dcniversitesi Bilgi ve Belge B\u00f6l\u00fcm Ba\u015fkan yard\u0131mc\u0131s\u0131 Tuba \u00c7avdar, k\u00fct\u00fcphanenin kurulu\u015f amac\u0131na dikkat \u00e7ekerek ;\u00a0 \u201dEn b\u00fcy\u00fck amac\u0131m\u0131z kad\u0131nlarla ilgili ge\u00e7mi\u015fte yap\u0131lan \u00e7al\u0131\u015fmalar\u0131 ar\u015fivleyerek gelecek nesillere aktarmakt\u0131r. Zaten kurulu\u015f amac\u0131m\u0131z da kad\u0131nlar i\u00e7in yap\u0131lm\u0131\u015f olan ara\u015ft\u0131rmalar\u0131 d\u00fczenli bir \u015fekilde bozulmadan saklay\u0131p eri\u015filebilir k\u0131lmakt\u0131r\u201d dedi. K\u00fct\u00fcphanenin kad\u0131nlarla ilgili olarak yap\u0131lan bir\u00e7ok ara\u015ft\u0131rmaya kaynakl\u0131k edebilece\u011fini vurgulayan \u00c7avdar; \u201dKitap say\u0131m\u0131z o kadar iddial\u0131 de\u011fil, daha ziyade koleksiyon k\u0131sm\u0131na \u00f6nem veriyoruz\u201d ifadesini kulland\u0131.<\/p>\n<p style=\"text-align: justify;\"><strong>K\u00fct\u00fcphanenin \u0130\u00e7eri\u011fi<\/strong><\/p>\n<p style=\"text-align: justify;\">Sadece kad\u0131n yazarlar\u0131n ve kad\u0131nlarla ilgili eserlerin bulundu\u011fu k\u00fct\u00fcphanede bir milyon kaynak bulunuyor. Bu kaynaklar i\u00e7inde bir\u00e7ok makalenin yan\u0131 s\u0131ra y\u00fcksek lisans ve doktora tezleri bulunuyor. K\u00fct\u00fcphanenin muhafaza etti\u011fi \u201cnadir eser\u201d koleksiyonunda eski harfli kitaplar, 19. y\u00fczy\u0131lda kad\u0131nlar taraf\u0131ndan yay\u0131nlanm\u0131\u015f, kad\u0131nlar\u0131n yazd\u0131\u011f\u0131 eserler bulunuyor. Bu eserler aras\u0131nda yerli ve yabanc\u0131 bir\u00e7ok kaynak mevcut.<\/p>\n<p style=\"text-align: justify;\">Bunlar\u0131n yan\u0131 s\u0131ra Tanzimat d\u00f6neminde yay\u0131nlanan kad\u0131n dergileri Latin harfleriyle haz\u0131rlanarak kitap haline d\u00f6n\u00fc\u015ft\u00fcr\u00fclm\u00fc\u015f. Her biri farkl\u0131 renklerde bas\u0131lan kitaplar Tanzimat d\u00f6neminde T\u00fcrkiye\u2019 deki kad\u0131n\u0131n hayata ve d\u00fcnyaya bak\u0131\u015f\u0131n\u0131 yans\u0131tmas\u0131 ve kad\u0131n\u0131n ge\u00e7mi\u015fini anlamam\u0131z a\u00e7\u0131s\u0131ndan bize kaynakl\u0131k edebilecek nitelikte.<\/p>\n<p style=\"text-align: justify;\">T\u00fcm bunlara ilaven k\u00fct\u00fcphanenin bir de dijital koleksiyonu bulunuyor. K\u00fct\u00fcphane b\u00fcnyesindeki 21 adet ajanda, 8 kitab\u0131n \u00f6ns\u00f6z\u00fc ve 4 bibliyografya vakf\u0131n sitesinden eri\u015filebiliyor.\u00a0 Kad\u0131n dergileri koleksiyonunda ise 1929 y\u0131l\u0131nda yeni harflerle \u00e7\u0131kan ilk dergiden 2000 y\u0131l\u0131nda \u00e7\u0131kan reng\u00e2renk k\u0131rm\u0131z\u0131 isimli dergiye kadar on bin sayfal\u0131k bir ar\u015five ula\u015f\u0131lm\u0131\u015f durumda. K\u00fct\u00fcphanenin kap\u0131lar\u0131 ara\u015ft\u0131rma yapmak isteyen herkese hafta i\u00e7i her g\u00fcn a\u00e7\u0131k.<\/p>\n<p style=\"text-align: justify;\">Kaynak: http:\/\/haber.marmara.edu.tr<\/p>\n<p style=\"text-align: justify;\"><strong><a href=\"http:\/\/www.kadineserleri.org\/\" target=\"_blank\">Kad\u0131n Eserleri K\u00fct\u00fcphanesi i\u00e7in t\u0131klay\u0131n\u0131z<\/a><\/strong><\/p>\n","protected":false},"excerpt":{"rendered":"<p>T\u00fcrkiye\u2019nin ilk ve tek kad\u0131n konulu k\u00fct\u00fcphane ve ar\u015fivi 25 y\u0131ld\u0131r faaliyetlerini aral\u0131ks\u0131z s\u00fcrd\u00fcr\u00fcyor. 1990 y\u0131l\u0131nda Jale Baysal, F\u00fcsun Akatl\u0131, \u015eirin Tekeli, F\u00fcsun Yara ve Asl\u0131 Davaz taraf\u0131ndan kurulan ilk ve tek kad\u0131n konulu k\u00fct\u00fcphane kurulu\u015fundan itibaren \u0130stanbul\u2019un Fener semtindeki tarihi binada \u00e7al\u0131\u015fmalar\u0131na devam ediyor. \u00d6nceleri harap halde olan k\u00fct\u00fcphane binas\u0131 yap\u0131lan yenileme \u00e7al\u0131\u015fmalar\u0131ndan sonra [&hellip;]<\/p>\n","protected":false},"author":1,"featured_media":0,"comment_status":"open","ping_status":"open","sticky":false,"template":"","format":"standard","meta":{"footnotes":""},"categories":[1],"tags":[178,175],"class_list":["post-9793","post","type-post","status-publish","format-standard","hentry","category-genel","tag-kadin-eserleri-kutuphanesi","tag-kadin-kutuphaneleri"],"_links":{"self":[{"href":"https:\/\/www.bbyhaber.com\/bby\/wp-json\/wp\/v2\/posts\/9793"}],"collection":[{"href":"https:\/\/www.bbyhaber.com\/bby\/wp-json\/wp\/v2\/posts"}],"about":[{"href":"https:\/\/www.bbyhaber.com\/bby\/wp-json\/wp\/v2\/types\/post"}],"author":[{"embeddable":true,"href":"https:\/\/www.bbyhaber.com\/bby\/wp-json\/wp\/v2\/users\/1"}],"replies":[{"embeddable":true,"href":"https:\/\/www.bbyhaber.com\/bby\/wp-json\/wp\/v2\/comments?post=9793"}],"version-history":[{"count":0,"href":"https:\/\/www.bbyhaber.com\/bby\/wp-json\/wp\/v2\/posts\/9793\/revisions"}],"wp:attachment":[{"href":"https:\/\/www.bbyhaber.com\/bby\/wp-json\/wp\/v2\/media?parent=9793"}],"wp:term":[{"taxonomy":"category","embeddable":true,"href":"https:\/\/www.bbyhaber.com\/bby\/wp-json\/wp\/v2\/categories?post=9793"},{"taxonomy":"post_tag","embeddable":true,"href":"https:\/\/www.bbyhaber.com\/bby\/wp-json\/wp\/v2\/tags?post=9793"}],"curies":[{"name":"wp","href":"https:\/\/api.w.org\/{rel}","templated":true}]}}