{"id":9789,"date":"2013-02-28T09:39:11","date_gmt":"2013-02-28T07:39:11","guid":{"rendered":"http:\/\/www.bbyhaber.com\/bby\/?p=9789"},"modified":"2013-02-28T09:45:58","modified_gmt":"2013-02-28T07:45:58","slug":"bilkentin-ayakli-kitaplari-yurumeye-devam-ediyor","status":"publish","type":"post","link":"https:\/\/www.bbyhaber.com\/bby\/2013\/02\/28\/bilkentin-ayakli-kitaplari-yurumeye-devam-ediyor","title":{"rendered":"Bilkent&#8217;in ayakl\u0131 kitaplar\u0131 y\u00fcr\u00fcmeye devam ediyor"},"content":{"rendered":"<p style=\"text-align: justify;\"><img loading=\"lazy\" decoding=\"async\" class=\"alignleft\" src=\"http:\/\/cdn.internethaber.com\/news\/170x129\/284567.jpg\" alt=\"\" width=\"170\" height=\"129\" \/>Bilkent \u00dcniversitesi kamp\u00fcs\u00fcnde oturaca\u011f\u0131n\u0131z bir bank\u0131n \u00fczerinde, bir kafede ya da herhangi bir genel alanda g\u00f6rece\u011finiz sahipsiz bir kitap &#8220;Ayakl\u0131 Kitap Projesi&#8221;&#8216;nin bir par\u00e7as\u0131 olabilir. Bilkent&#8217;in \u00f6\u011frenci kul\u00fcplerinden olan Edebiyat Toplulu\u011fu taraf\u0131ndan bir y\u0131la yak\u0131n bir zamand\u0131r y\u00fcr\u00fct\u00fclen proje 200 kitaba ula\u015ft\u0131. Toplulu\u011fa ait kitaplar \u00f6nce zarar g\u00f6rmemeleri i\u00e7in kaplan\u0131yor sonra kay\u0131p san\u0131lmamas\u0131 i\u00e7in etiketleniyor. \u0130\u00e7ine bir de kullan\u0131m talimat\u0131 ekleniyor ve topluluk \u00fcyeleri taraf\u0131ndan genel bir mekana b\u0131rak\u0131l\u0131yor. <!--more-->Bunu bulan \u00f6\u011frenci kitab\u0131 almak ve okumak isterse talimata uygun olarak internetten ad\u0131n\u0131 kaydettiriyor ve okumas\u0131 bittikten sonra yine ayn\u0131 \u015fekilde bir ba\u015fka arkada\u015f\u0131n\u0131n okumas\u0131 i\u00e7in kitab\u0131 b\u0131rak\u0131yor. Okumay\u0131 te\u015fvik etmek, kitab\u0131 hat\u0131rlatmak amac\u0131yla d\u00fc\u015f\u00fcn\u00fclen bu proje ilgi g\u00f6r\u00fcyor.<\/p>\n<p style=\"text-align: justify;\">Kaynak: http:\/\/www.internethaber.com<\/p>\n","protected":false},"excerpt":{"rendered":"<p>Bilkent \u00dcniversitesi kamp\u00fcs\u00fcnde oturaca\u011f\u0131n\u0131z bir bank\u0131n \u00fczerinde, bir kafede ya da herhangi bir genel alanda g\u00f6rece\u011finiz sahipsiz bir kitap &#8220;Ayakl\u0131 Kitap Projesi&#8221;&#8216;nin bir par\u00e7as\u0131 olabilir. Bilkent&#8217;in \u00f6\u011frenci kul\u00fcplerinden olan Edebiyat Toplulu\u011fu taraf\u0131ndan bir y\u0131la yak\u0131n bir zamand\u0131r y\u00fcr\u00fct\u00fclen proje 200 kitaba ula\u015ft\u0131. Toplulu\u011fa ait kitaplar \u00f6nce zarar g\u00f6rmemeleri i\u00e7in kaplan\u0131yor sonra kay\u0131p san\u0131lmamas\u0131 i\u00e7in etiketleniyor. [&hellip;]<\/p>\n","protected":false},"author":1,"featured_media":0,"comment_status":"open","ping_status":"open","sticky":false,"template":"","format":"standard","meta":{"footnotes":""},"categories":[1],"tags":[470],"class_list":["post-9789","post","type-post","status-publish","format-standard","hentry","category-genel","tag-ayakli-kitap-projesi"],"_links":{"self":[{"href":"https:\/\/www.bbyhaber.com\/bby\/wp-json\/wp\/v2\/posts\/9789"}],"collection":[{"href":"https:\/\/www.bbyhaber.com\/bby\/wp-json\/wp\/v2\/posts"}],"about":[{"href":"https:\/\/www.bbyhaber.com\/bby\/wp-json\/wp\/v2\/types\/post"}],"author":[{"embeddable":true,"href":"https:\/\/www.bbyhaber.com\/bby\/wp-json\/wp\/v2\/users\/1"}],"replies":[{"embeddable":true,"href":"https:\/\/www.bbyhaber.com\/bby\/wp-json\/wp\/v2\/comments?post=9789"}],"version-history":[{"count":0,"href":"https:\/\/www.bbyhaber.com\/bby\/wp-json\/wp\/v2\/posts\/9789\/revisions"}],"wp:attachment":[{"href":"https:\/\/www.bbyhaber.com\/bby\/wp-json\/wp\/v2\/media?parent=9789"}],"wp:term":[{"taxonomy":"category","embeddable":true,"href":"https:\/\/www.bbyhaber.com\/bby\/wp-json\/wp\/v2\/categories?post=9789"},{"taxonomy":"post_tag","embeddable":true,"href":"https:\/\/www.bbyhaber.com\/bby\/wp-json\/wp\/v2\/tags?post=9789"}],"curies":[{"name":"wp","href":"https:\/\/api.w.org\/{rel}","templated":true}]}}