{"id":9781,"date":"2013-02-27T12:42:45","date_gmt":"2013-02-27T10:42:45","guid":{"rendered":"http:\/\/www.bbyhaber.com\/bby\/?p=9781"},"modified":"2016-05-20T13:22:23","modified_gmt":"2016-05-20T10:22:23","slug":"bu-kutuphanede-enstruman-calmak-serbest-erzurum","status":"publish","type":"post","link":"https:\/\/www.bbyhaber.com\/bby\/2013\/02\/27\/bu-kutuphanede-enstruman-calmak-serbest-erzurum","title":{"rendered":"Bu k\u00fct\u00fcphanede enstr\u00fcman \u00e7almak serbest-Erzurum"},"content":{"rendered":"<p style=\"text-align: justify;\"><img loading=\"lazy\" decoding=\"async\" class=\"alignleft\" src=\"http:\/\/www.memurlar.net\/common\/news\/images\/345889\/headline.jpg\" alt=\"\" width=\"254\" height=\"127\" \/>K\u00fclt\u00fcr ve Turizm M\u00fcd\u00fcrl\u00fc\u011f\u00fc ile \u0130l Milli E\u011fitim M\u00fcd\u00fcrl\u00fc\u011f\u00fc&#8217;nce imzalanan protokol kapsam\u0131nda, \u0130l Halk K\u00fct\u00fcphanesi b\u00fcnyesinde ilk kez okul \u00f6ncesi b\u00f6l\u00fcm\u00fc olu\u015fturuldu. \u00c7e\u015fitli e\u011fitici materyallerin, okul \u00f6ncesi ya\u015f grubuna y\u00f6nelik oyuncaklar\u0131n ve \u00f6\u011fretici kitaplar\u0131n bulundu\u011fu mekanda, 4-6 ya\u015f grubundaki \u00e7ocuklar kitap okuma ve k\u00fct\u00fcphane al\u0131\u015fkanl\u0131\u011f\u0131 kazan\u0131yor. \u00c7e\u015fitli m\u00fczik aletlerinin de bulundu\u011fu k\u00fct\u00fcphanede, minik \u00f6\u011frenciler hem oyun oynay\u0131p hem de \u00e7ocuklar i\u00e7in yap\u0131lan m\u0131z\u0131ka, trampet, def gibi \u00e7e\u015fitli enstr\u00fcmanlar\u0131 \u00e7alarak e\u011flenirken ayn\u0131 zamanda k\u00fct\u00fcphane ve kitab\u0131n \u00f6nemi konusunda bilin\u00e7leniyor. <!--more-->\u00c7ocuklar, okul \u00f6ncesi \u00f6\u011fretmeni Nurdan Efe g\u00f6zetiminde teorik ald\u0131klar\u0131 e\u011fitimi prati\u011fe d\u00f6k\u00fcyor.<\/p>\n<p style=\"text-align: justify;\">\u0130l K\u00fclt\u00fcr ve Turizm M\u00fcd\u00fcr\u00fc Fikret \u00d6zt\u00fcrk, AA muhabirine yapt\u0131\u011f\u0131 a\u00e7\u0131klamada, Milli E\u011fitim M\u00fcd\u00fcrl\u00fc\u011f\u00fc ile yapt\u0131klar\u0131 bir protokol kapsam\u0131nda k\u00fct\u00fcphane b\u00fcnyesinde mekan olu\u015fturduklar\u0131n\u0131 belirterek, okul \u00f6ncesi b\u00f6l\u00fcm\u00fcn hizmete girdi\u011fini s\u00f6yledi. K\u00fct\u00fcphanede bulunan b\u00f6l\u00fcme kay\u0131tlar\u0131n ba\u015flad\u0131\u011f\u0131n\u0131 anlatan \u00d6zt\u00fcrk, &#8221;Okul \u00f6ncesi b\u00f6l\u00fcmde tamamen kitap yok. 4-6 ya\u015f grubuna y\u00f6nelik oyuncaklar var, oyun materyalleri var. Mekanlar \u00e7ocuklara g\u00f6re d\u00fczenlendi. Raflar ona g\u00f6re yap\u0131ld\u0131, yerdeki hal\u0131s\u0131na varana kadar bu ya\u015f grubuna hitap edebilecek \u015fekilde d\u00fczenlendi&#8221; dedi.<\/p>\n<p style=\"text-align: justify;\">-&#8221;\u0130n\u015fallah bu \u00e7al\u0131\u015fmam\u0131z \u00f6rnek te\u015fkil edecek&#8221;-<\/p>\n<p style=\"text-align: justify;\">K\u00fct\u00fcphanede okul \u00f6ncesi b\u00f6l\u00fcm\u00fcn T\u00fcrkiye&#8217;de ilk oldu\u011funu savunan \u00d6zt\u00fcrk, \u015funlar\u0131 kaydetti: &#8221;K\u00fct\u00fcphane insan hayat\u0131 a\u00e7\u0131s\u0131ndan ger\u00e7ekten \u00e7ok \u00f6nemli. Erzurum&#8217;da bizim hedef kitlemiz sadece \u00f6\u011frenciler de\u011fil. Biz k\u00fct\u00fcphane hizmetinde 7&#8217;den 70&#8217;e her ya\u015f grubundaki bireylere hitap ediyoruz. \u00d6zellikle \u0130l Halk K\u00fct\u00fcphanesi ve di\u011fer k\u00fct\u00fcphanelerde 7 ya\u015f\u0131ndan ba\u015flayarak, \u00fcst ya\u015flara kadar b\u00fct\u00fcn ya\u015f grubuna y\u00f6nelik kitaplar\u0131m\u0131z, etkinliklerimiz var. Bu kapsamda \u0130l Halk K\u00fct\u00fcphanesi b\u00fcnyesinde okul \u00f6ncesi b\u00f6l\u00fcm\u00fc olu\u015fturduk. Bu \u00e7al\u0131\u015fma T\u00fcrkiye&#8217;de bir ilk. Amac\u0131m\u0131z \u00e7ocuklara okul \u00e7a\u011f\u0131na gelmeden k\u00fct\u00fcphaneyi, kitab\u0131 sevdirebilmek. G\u00fczel bir mekan\u0131m\u0131z oldu.<\/p>\n<p style=\"text-align: justify;\">Burada hizmet vermeye ba\u015flad\u0131k. Yani hedef kitlemiz iyice alt ya\u015flara kadar inmi\u015f oldu.&#8221; B\u00f6l\u00fcmde \u00e7al\u0131\u015fmalar\u0131, \u0130l Milli E\u011fitim M\u00fcd\u00fcrl\u00fc\u011f\u00fc ile y\u00fcr\u00fctt\u00fcklerini anlatan \u00d6zt\u00fcrk, &#8221;Bu hafta itibar\u0131yla b\u00f6l\u00fcm\u00fcm\u00fcz hizmete a\u00e7\u0131ld\u0131. K\u00fct\u00fcphanemizin i\u00e7erisinde art\u0131k okul \u00f6ncesi b\u00f6l\u00fcm\u00fcm\u00fcz de mevcut. \u0130n\u015fallah bu \u00e7al\u0131\u015fmam\u0131z \u00f6rnek te\u015fkil edecek&#8221; diye konu\u015ftu. Okul \u00f6ncesi \u00f6\u011fretmeni Nurdan Efe de k\u00fct\u00fcphanede olu\u015fturulan b\u00f6l\u00fcme bir haftada 12 \u00e7ocu\u011fun kay\u0131t yapt\u0131rd\u0131\u011f\u0131n\u0131, 15 ki\u015fiye kadar kay\u0131t alabileceklerini belirterek, 4-6 ya\u015f grubundaki \u00e7ocuklara e\u011fitim verdi\u011fini s\u00f6yledi. -&#8221;K\u00fct\u00fcphanenin avantajlar\u0131 oldu&#8221;- Oyunla \u00f6\u011fretim yapt\u0131\u011f\u0131 i\u00e7in \u00e7ocuklar\u0131n k\u00fct\u00fcphaneyi \u00e7ok sevdi\u011fini ifade eden Efe, &#8221;Burada \u00f6nce \u00f6z bak\u0131m becerilerini kazand\u0131rmaya \u00e7al\u0131\u015f\u0131yoruz.<\/p>\n<p style=\"text-align: justify;\">Yemek yeme kurallar\u0131, tuvalet al\u0131\u015fkanl\u0131klar\u0131n\u0131 kazand\u0131r\u0131yoruz. Buras\u0131 k\u00fct\u00fcphane oldu\u011fu i\u00e7in daha \u00e7ok kitap a\u011f\u0131rl\u0131kl\u0131. Yani kitaplar\u0131m\u0131z daha yo\u011fun. Bir \u00e7ok ana s\u0131n\u0131f\u0131nda bu kadar kitap ve kitapl\u0131k yoktur. Biz kitaba a\u011f\u0131rl\u0131k verdik ki k\u00fct\u00fcphanenin ana s\u0131n\u0131f\u0131 oldu\u011fu belli olsun&#8221; diye konu\u015ftu. \u00c7ocuklar\u0131n k\u00fct\u00fcphanede sessiz olmay\u0131, k\u00fc\u00e7\u00fck ya\u015flarda temelden \u00f6\u011frendi\u011fini anlatan Efe, &#8221;K\u00fct\u00fcphanede sessiz olmalar\u0131 gerekti\u011fini hemen \u00f6\u011frendiler. Oyun oynarken mesela \u00e7ok ses yapmamaya \u00e7al\u0131\u015f\u0131yorlar. K\u00fct\u00fcphanenin avantajlar\u0131 oldu. Temelden bu e\u011fitimi ald\u0131lar&#8221; ifadelerini kulland\u0131.<\/p>\n<p style=\"text-align: justify;\">\u00c7ocuklardan Berkhan I\u015f\u0131k (5) k\u00fct\u00fcphanede resim yapt\u0131\u011f\u0131n\u0131, oyun oynad\u0131\u011f\u0131n\u0131 belirterek, sulu, kuru boyalarla resim yaparak, hamurla oynayarak e\u011flendiklerini s\u00f6yledi. Furkan Karag\u00f6l (5) ise oyuncaklarla, kitaplarla g\u00fczel vakit ge\u00e7irdiklerini ifade ederek, kukla yapmay\u0131 \u00e7ok sevdigini, kitaplardan hayvanlar\u0131n ismini \u00f6\u011frendi\u011fini s\u00f6yledi. \u0130rem Ergin (4) de k\u00fct\u00fcphanede oyunlar oynayarak, k\u00fct\u00fcphaneyi \u00f6\u011frendi\u011fini belirterek, &#8221;Kukla yap\u0131yoruz. K\u00fct\u00fcphaneye ilk kez geldim ama \u00e7ok sevdim&#8221; dedi.<\/p>\n<p>Kaynak:<a href=\"http:\/\/www.memurlar.net\/\" target=\"_blank\">http:\/\/www.memurlar.net\/<\/a><\/p>\n","protected":false},"excerpt":{"rendered":"<p>K\u00fclt\u00fcr ve Turizm M\u00fcd\u00fcrl\u00fc\u011f\u00fc ile \u0130l Milli E\u011fitim M\u00fcd\u00fcrl\u00fc\u011f\u00fc&#8217;nce imzalanan protokol kapsam\u0131nda, \u0130l Halk K\u00fct\u00fcphanesi b\u00fcnyesinde ilk kez okul \u00f6ncesi b\u00f6l\u00fcm\u00fc olu\u015fturuldu. \u00c7e\u015fitli e\u011fitici materyallerin, okul \u00f6ncesi ya\u015f grubuna y\u00f6nelik oyuncaklar\u0131n ve \u00f6\u011fretici kitaplar\u0131n bulundu\u011fu mekanda, 4-6 ya\u015f grubundaki \u00e7ocuklar kitap okuma ve k\u00fct\u00fcphane al\u0131\u015fkanl\u0131\u011f\u0131 kazan\u0131yor. \u00c7e\u015fitli m\u00fczik aletlerinin de bulundu\u011fu k\u00fct\u00fcphanede, minik \u00f6\u011frenciler hem [&hellip;]<\/p>\n","protected":false},"author":1,"featured_media":0,"comment_status":"open","ping_status":"open","sticky":false,"template":"","format":"standard","meta":{"footnotes":""},"categories":[1],"tags":[1439,848],"class_list":["post-9781","post","type-post","status-publish","format-standard","hentry","category-genel","tag-cocuk-kutuphaneleri","tag-halk-kutuphaneleri"],"_links":{"self":[{"href":"https:\/\/www.bbyhaber.com\/bby\/wp-json\/wp\/v2\/posts\/9781"}],"collection":[{"href":"https:\/\/www.bbyhaber.com\/bby\/wp-json\/wp\/v2\/posts"}],"about":[{"href":"https:\/\/www.bbyhaber.com\/bby\/wp-json\/wp\/v2\/types\/post"}],"author":[{"embeddable":true,"href":"https:\/\/www.bbyhaber.com\/bby\/wp-json\/wp\/v2\/users\/1"}],"replies":[{"embeddable":true,"href":"https:\/\/www.bbyhaber.com\/bby\/wp-json\/wp\/v2\/comments?post=9781"}],"version-history":[{"count":0,"href":"https:\/\/www.bbyhaber.com\/bby\/wp-json\/wp\/v2\/posts\/9781\/revisions"}],"wp:attachment":[{"href":"https:\/\/www.bbyhaber.com\/bby\/wp-json\/wp\/v2\/media?parent=9781"}],"wp:term":[{"taxonomy":"category","embeddable":true,"href":"https:\/\/www.bbyhaber.com\/bby\/wp-json\/wp\/v2\/categories?post=9781"},{"taxonomy":"post_tag","embeddable":true,"href":"https:\/\/www.bbyhaber.com\/bby\/wp-json\/wp\/v2\/tags?post=9781"}],"curies":[{"name":"wp","href":"https:\/\/api.w.org\/{rel}","templated":true}]}}