{"id":978,"date":"2011-04-02T22:06:14","date_gmt":"2011-04-02T22:06:14","guid":{"rendered":"http:\/\/www.bbyhaber.com\/bby\/?p=978"},"modified":"2012-09-07T22:05:15","modified_gmt":"2012-09-07T19:05:15","slug":"kutuphane-haftasinda-tramvayda-kitap-okudular","status":"publish","type":"post","link":"https:\/\/www.bbyhaber.com\/bby\/2011\/04\/02\/kutuphane-haftasinda-tramvayda-kitap-okudular","title":{"rendered":"K\u00fct\u00fcphane haftas\u0131nda tramvayda kitap okudular"},"content":{"rendered":"<p style=\"text-align: justify;\">47&#8217;inci K\u00fct\u00fcphane Haftas\u0131 Etkinlikleri kapsam\u0131nda 30 \u00f6\u011frenci farkl\u0131 bir etkinli\u011fe imza att\u0131. \u0130stanbul, Ba\u011fc\u0131lar dura\u011f\u0131ndan tramvaya binen \u00f6\u011frenciler, Beyaz\u0131t&#8217;a kadar tramvayda kitap okuyarak, vatanda\u015flara kitap da\u011f\u0131tt\u0131. Sahaflar \u00c7ar\u015f\u0131s\u0131&#8217;n\u0131 gezen \u00f6\u011frenciler, \u0130ETT otob\u00fcslerinde kitap okuyarak Ba\u011fc\u0131lar&#8217;a geri d\u00f6nd\u00fc. K\u00fct\u00fcphane Haftas\u0131 etkinlikleri kapsam\u0131nda Ba\u011fc\u0131lar&#8217;da bilgi evi \u00f6\u011frencileri ile izci \u00f6\u011frenciler toplu ta\u015f\u0131ma ara\u00e7lar\u0131nda kitap okuyarak vatanda\u015flara kitap da\u011f\u0131tt\u0131. 47&#8217;inci K\u00fct\u00fcphane Haftas\u0131 etkinlikleri kapsam\u0131nda Ba\u011fc\u0131lar Belediyesi taraf\u0131ndan d\u00fczenlenen etkinlik Ba\u011fc\u0131lar&#8217;dan tramvaya binilmesiyle ba\u015flad\u0131.<!--more--><\/p>\n<p style=\"text-align: justify;\" align=\"justify\">Ba\u011fc\u0131lar Belediyesi&#8217;nin bilgi evi \u00f6\u011frencileri ve izci kul\u00fcb\u00fc \u00f6\u011frencilerinin kat\u0131ld\u0131\u011f\u0131 etkinli\u011fe vatanda\u015flar yo\u011fun ilgi g\u00f6sterdi. \u00d6\u011frenciler, bir taraftan ya\u015f gruplar\u0131na g\u00f6re kitap okurken, di\u011fer taraftan tramvaya binen vatanda\u015flara kitap hediye etti. \u00c7ocuklara \u00e7 ocuk kitaplar\u0131 hediye edilirken, b\u00fcy\u00fcklere ara\u015ft\u0131rma-inceleme, roman ve \u015fiir kitaplar\u0131 hediye edildi. Toplu Ta\u015f\u0131ma Ara\u00e7lar\u0131nda Kitap Okuma Etkinli\u011fi&#8217;ne Ba\u011fc\u0131lar Belediye Ba\u015fkan\u0131 Lokman \u00c7a\u011f\u0131r\u0131c\u0131 ve baz\u0131 belediye meclis \u00fcyeleri de kat\u0131ld\u0131.<\/p>\n<p style=\"text-align: justify;\" align=\"justify\">Kitap Okuma Haftas\u0131 dolay\u0131s\u0131yla geni\u015f kapsaml\u0131 etkinlikler ger\u00e7ekle\u015ftirdiklerini ifade eden Ba\u015fkan \u00c7a\u011f\u0131r\u0131c\u0131, toplu ta\u015f\u0131ma ara\u00e7lar\u0131nda kitap okuman\u0131n da bunlardan biri oldu\u011funu belirtti. &#8220;Toplumda kitap okuma al\u0131\u015fkanl\u0131\u011f\u0131n\u0131n yayg\u0131nla\u015ft\u0131r\u0131lmas\u0131 amac\u0131yla b\u00f6yle bir etkinlik d \u00fczenledik&#8221; diye \u00c7a\u011f\u0131r\u0131c\u0131 \u015funlar\u0131 s\u00f6yledi: &#8220;Bat\u0131 \u00fclkelerine gitti\u011fimizde insanlar\u0131n toplu ta\u015f\u0131ma ara\u00e7lar\u0131nda da yayg\u0131n olarak kitap okuduklar\u0131n\u0131 g\u00f6r\u00fcyoruz. Bu bizim \u00fclkemizde neden olmas\u0131n. Yapt\u0131\u011f\u0131m\u0131z etkinlikle bunu g\u00f6stermek istedik.&#8221; Beyaz\u0131t&#8217;ta tramvaydan inen \u00f6\u011frenciler, Sahaflar \u00c7ar\u015f\u0131s\u0131&#8217;n\u0131 gezerek, kitap\u00e7\u0131lara etkinlik hakk\u0131nda bilgi verdi. Sahaflar \u00c7ar\u015f\u0131s\u0131ndaki esnaf ise etkinlikten dolay\u0131 \u00f6\u011frencileri tebrik etti. Sahafla \u00c7ar\u015f\u0131s\u0131&#8217;ndaki gezilerini tamamlayan \u00f6\u011frenciler ayn\u0131 etkinli\u011fi ger\u00e7ekle\u015ftirmek i\u00e7in \u0130ETT otob\u00fcsleriyle Ba\u011fc\u0131lar&#8217;a geri d\u00f6nd\u00fc.<strong><br \/>\n<\/strong><\/p>\n<p style=\"text-align: justify;\">Kaynak: <a href=\"http:\/\/www.haber3.com\/\" target=\"_blank\">http:\/\/www.haber3.com\/<\/a><\/p>\n","protected":false},"excerpt":{"rendered":"<p>47&#8217;inci K\u00fct\u00fcphane Haftas\u0131 Etkinlikleri kapsam\u0131nda 30 \u00f6\u011frenci farkl\u0131 bir etkinli\u011fe imza att\u0131. \u0130stanbul, Ba\u011fc\u0131lar dura\u011f\u0131ndan tramvaya binen \u00f6\u011frenciler, Beyaz\u0131t&#8217;a kadar tramvayda kitap okuyarak, vatanda\u015flara kitap da\u011f\u0131tt\u0131. Sahaflar \u00c7ar\u015f\u0131s\u0131&#8217;n\u0131 gezen \u00f6\u011frenciler, \u0130ETT otob\u00fcslerinde kitap okuyarak Ba\u011fc\u0131lar&#8217;a geri d\u00f6nd\u00fc. K\u00fct\u00fcphane Haftas\u0131 etkinlikleri kapsam\u0131nda Ba\u011fc\u0131lar&#8217;da bilgi evi \u00f6\u011frencileri ile izci \u00f6\u011frenciler toplu ta\u015f\u0131ma ara\u00e7lar\u0131nda kitap okuyarak vatanda\u015flara kitap [&hellip;]<\/p>\n","protected":false},"author":1,"featured_media":0,"comment_status":"open","ping_status":"open","sticky":false,"template":"","format":"standard","meta":{"footnotes":""},"categories":[1519],"tags":[1461],"class_list":["post-978","post","type-post","status-publish","format-standard","hentry","category-47-kutuphane-haftasi","tag-kutuphane-haftasi"],"_links":{"self":[{"href":"https:\/\/www.bbyhaber.com\/bby\/wp-json\/wp\/v2\/posts\/978"}],"collection":[{"href":"https:\/\/www.bbyhaber.com\/bby\/wp-json\/wp\/v2\/posts"}],"about":[{"href":"https:\/\/www.bbyhaber.com\/bby\/wp-json\/wp\/v2\/types\/post"}],"author":[{"embeddable":true,"href":"https:\/\/www.bbyhaber.com\/bby\/wp-json\/wp\/v2\/users\/1"}],"replies":[{"embeddable":true,"href":"https:\/\/www.bbyhaber.com\/bby\/wp-json\/wp\/v2\/comments?post=978"}],"version-history":[{"count":0,"href":"https:\/\/www.bbyhaber.com\/bby\/wp-json\/wp\/v2\/posts\/978\/revisions"}],"wp:attachment":[{"href":"https:\/\/www.bbyhaber.com\/bby\/wp-json\/wp\/v2\/media?parent=978"}],"wp:term":[{"taxonomy":"category","embeddable":true,"href":"https:\/\/www.bbyhaber.com\/bby\/wp-json\/wp\/v2\/categories?post=978"},{"taxonomy":"post_tag","embeddable":true,"href":"https:\/\/www.bbyhaber.com\/bby\/wp-json\/wp\/v2\/tags?post=978"}],"curies":[{"name":"wp","href":"https:\/\/api.w.org\/{rel}","templated":true}]}}