{"id":9779,"date":"2013-02-27T12:39:30","date_gmt":"2013-02-27T10:39:30","guid":{"rendered":"http:\/\/www.bbyhaber.com\/bby\/?p=9779"},"modified":"2013-02-27T12:39:30","modified_gmt":"2013-02-27T10:39:30","slug":"kutuphane%e2%80%99den-%e2%80%9dmavi-kapak%e2%80%9d-kampanyasina-destek-kirklareli","status":"publish","type":"post","link":"https:\/\/www.bbyhaber.com\/bby\/2013\/02\/27\/kutuphane%e2%80%99den-%e2%80%9dmavi-kapak%e2%80%9d-kampanyasina-destek-kirklareli","title":{"rendered":"K\u00fct\u00fcphane\u2019den \u201dMavi Kapak\u201d Kampanyas\u0131na Destek-K\u0131rklareli"},"content":{"rendered":"<p style=\"text-align: justify;\">K\u0131rklareli \u0130l Halk K\u00fct\u00fcphanesi\u2019nden mavi kapak kampanyas\u0131na destek.K\u0131rklareli \u0130l Halk K\u00fct\u00fcphanesi M\u00fcd\u00fcr Vekili Hilal S\u0131cak, T\u00fcrkiye genelinde devam etmekte olan \u201cMavi Kapak\u201d kampanyas\u0131na K\u0131rklareli \u0130l Halk K\u00fct\u00fcphanesi personeli ve k\u00fct\u00fcphaneden yararlanan vatanda\u015flar olarak destek verdiklerini s\u00f6yledi. K\u0131sa s\u00fcrede yakla\u015f\u0131k 10 kilogram mavi kapak toplad\u0131klar\u0131n\u0131 belirten S\u0131cak; <!--more-->\u201c Mavi kapak toplama projemiz G\u00fcvenlik G\u00f6revlisi Ayhan Yanarda\u011f\u2019\u0131n fikriydi. Yanarda\u011f k\u00fct\u00fcphanemize gelen \u00f6\u011frencilerin b\u0131rakt\u0131klar\u0131 su \u015fi\u015felerinin kapaklar\u0131n\u0131 toplad\u0131\u011f\u0131n\u0131 s\u00f6yledi. K\u00fct\u00fcphane personeli olarak, mavi kapak projesine destek olmak i\u00e7in t\u00fcm personelimiz mavi kapak toplamaya ba\u015flad\u0131k. Projeyi biraz daha geli\u015ftirerek k\u00fct\u00fcphanemize gelen \u00f6\u011frencileri bu konuda bilgilendirerek mavi kapak toplad\u0131\u011f\u0131m\u0131z\u0131 s\u00f6yledik. \u00d6\u011frenciler ve vatanda\u015flar bize destek olarak mavi kapak toplamaya ba\u015flad\u0131. Toplad\u0131\u011f\u0131m\u0131z mavi kapaklar bir tekerlekli sandalye alacak kadar oldu\u011funda ilgili yerlere teslim edece\u011fiz\u201d dedi<\/p>\n<p>Kaynak:http:\/\/www.haberx.com<\/p>\n","protected":false},"excerpt":{"rendered":"<p>K\u0131rklareli \u0130l Halk K\u00fct\u00fcphanesi\u2019nden mavi kapak kampanyas\u0131na destek.K\u0131rklareli \u0130l Halk K\u00fct\u00fcphanesi M\u00fcd\u00fcr Vekili Hilal S\u0131cak, T\u00fcrkiye genelinde devam etmekte olan \u201cMavi Kapak\u201d kampanyas\u0131na K\u0131rklareli \u0130l Halk K\u00fct\u00fcphanesi personeli ve k\u00fct\u00fcphaneden yararlanan vatanda\u015flar olarak destek verdiklerini s\u00f6yledi. K\u0131sa s\u00fcrede yakla\u015f\u0131k 10 kilogram mavi kapak toplad\u0131klar\u0131n\u0131 belirten S\u0131cak;<\/p>\n","protected":false},"author":1,"featured_media":0,"comment_status":"open","ping_status":"open","sticky":false,"template":"","format":"standard","meta":{"footnotes":""},"categories":[1],"tags":[848],"class_list":["post-9779","post","type-post","status-publish","format-standard","hentry","category-genel","tag-halk-kutuphaneleri"],"_links":{"self":[{"href":"https:\/\/www.bbyhaber.com\/bby\/wp-json\/wp\/v2\/posts\/9779"}],"collection":[{"href":"https:\/\/www.bbyhaber.com\/bby\/wp-json\/wp\/v2\/posts"}],"about":[{"href":"https:\/\/www.bbyhaber.com\/bby\/wp-json\/wp\/v2\/types\/post"}],"author":[{"embeddable":true,"href":"https:\/\/www.bbyhaber.com\/bby\/wp-json\/wp\/v2\/users\/1"}],"replies":[{"embeddable":true,"href":"https:\/\/www.bbyhaber.com\/bby\/wp-json\/wp\/v2\/comments?post=9779"}],"version-history":[{"count":0,"href":"https:\/\/www.bbyhaber.com\/bby\/wp-json\/wp\/v2\/posts\/9779\/revisions"}],"wp:attachment":[{"href":"https:\/\/www.bbyhaber.com\/bby\/wp-json\/wp\/v2\/media?parent=9779"}],"wp:term":[{"taxonomy":"category","embeddable":true,"href":"https:\/\/www.bbyhaber.com\/bby\/wp-json\/wp\/v2\/categories?post=9779"},{"taxonomy":"post_tag","embeddable":true,"href":"https:\/\/www.bbyhaber.com\/bby\/wp-json\/wp\/v2\/tags?post=9779"}],"curies":[{"name":"wp","href":"https:\/\/api.w.org\/{rel}","templated":true}]}}