{"id":9776,"date":"2013-02-27T09:59:35","date_gmt":"2013-02-27T07:59:35","guid":{"rendered":"http:\/\/www.bbyhaber.com\/bby\/?p=9776"},"modified":"2016-03-23T15:34:47","modified_gmt":"2016-03-23T13:34:47","slug":"bilgi-ve-belge-yonetiminde-bolgesel-isbirligi-olanaklari-paneli-kirklareli-universitesi","status":"publish","type":"post","link":"https:\/\/www.bbyhaber.com\/bby\/2013\/02\/27\/bilgi-ve-belge-yonetiminde-bolgesel-isbirligi-olanaklari-paneli-kirklareli-universitesi","title":{"rendered":"Bilgi ve Belge Y\u00f6netiminde B\u00f6lgesel \u0130\u015fbirli\u011fi Olanaklar\u0131 Paneli-K\u0131rklareli \u00dcniversitesi"},"content":{"rendered":"<p style=\"text-align: justify;\"><strong>49. K\u00fct\u00fcphane Haftas\u0131<\/strong> etkinlikleri kapsam\u0131nda K\u0131rklareli \u00dcniversitesi P\u0131narhisar Meslek Y\u00fcksekokulu taraf\u0131ndan d\u00fczenlenecek &#8220;<span style=\"color: #0000ff;\"><strong>Bilgi ve Belge Y\u00f6netiminde B\u00f6lgesel \u0130\u015fbirli\u011fi Olanaklar\u0131<\/strong><\/span>&#8221; isimli\u00a0 panel, <span style=\"color: #0000ff;\"><strong>26 Mart 2013 Sal\u0131 g\u00fcn\u00fc\u00a0 saat 14:00<\/strong><\/span>&#8216;de <span style=\"color: #ff0000;\"><strong>K\u0131rklareli \u00dcniversitesi Rekt\u00f6rl\u00fc\u011f\u00fc K\u00fclt\u00fcr Merkezi Salonu<\/strong><\/span>nda ger\u00e7ekle\u015ftirilecektir. Panel y\u00f6neticili\u011fini \u0130stanbul \u00dcniversitesi Edebiyat Fak\u00fcltesi Bilgi ve Belge Y\u00f6netimi B\u00f6l\u00fcm Ba\u015fkan\u0131 <strong>Prof.Dr. Mehmet CANATAR<\/strong>\u2019\u0131n yapaca\u011f\u0131 panele; <!--more--><\/p>\n<p style=\"text-align: justify;\">Hacettepe \u00dcniversitesi Edebiyat Fak\u00fcltesi Bilgi ve Belge Y\u00f6netimi B\u00f6l\u00fcm Ba\u015fkan\u0131 <strong>Prof.Dr. Serap KURBANO\u011eLU<\/strong>, \u201cHacettepe \u00dcniversitesi Bilgi ve Belge Y\u00f6netimi B\u00f6l\u00fcm\u00fc\u2019n\u00fcn Uluslararas\u0131 Proje ve \u0130\u015fbirlikleri\u201d<\/p>\n<p style=\"text-align: justify;\">Sofya K\u00fct\u00fcphanecilik \u00c7al\u0131\u015fmalar\u0131 ve Bilgi Teknolojileri \u00dcniversitesi \u00d6\u011fretim \u00fcyeleri <strong>Prof.Dr. \u0130vanka YANKOVA<\/strong> ve <strong>Yrd.Do\u00e7.Dr. Tanya TODOROVA<\/strong> \u201cImplementation in LIS programs in SULSIT of the findings from international research about Reference Service Competencies.\u201d<\/p>\n<p style=\"text-align: justify;\">Bulgaristan Ulusal K\u00fct\u00fcphanesi Yazma Eserler Departman\u0131 Sorumlusu <strong>Prof.Dr. Stoyanka KENDEROVA<\/strong>, \u201cT\u00fcrk ve Bulgar Tarihinin Ortak K\u00fclt\u00fcr Miras\u0131: Bulgaristan Ulusal K\u00fct\u00fcphanesi\u2019ndeki Osmanl\u0131 Ar\u015fiv Dok\u00fcmanlar\u0131\u201d<\/p>\n<p style=\"text-align: justify;\">Sofya K\u00fct\u00fcphanecilik \u00c7al\u0131\u015fmalar\u0131 ve Bilgi Teknolojileri \u00dcniversitesi \u00d6\u011fretim \u00fcyesi <strong>Yrd.Do\u00e7.Dr. Dobri BOYADZH\u0130EV<\/strong>, \u201cThe Website of State University of Library Studies and Information Technologies \u2013 an information model for relationship between LIS education and practice\u201d<\/p>\n<p style=\"text-align: justify;\">Balkan K\u00fct\u00fcphaneler Birli\u011fi Ba\u015fkan\u0131 <strong>Recep ZOGO<\/strong>, \u201cBalkanlarda Bilgi ve Belge Y\u00f6netimi Alan\u0131nda \u0130\u015fbirli\u011fi F\u0131rsatlar\u0131 ve Balkan K\u00fct\u00fcphaneler Birli\u011fi\u201d isimli sunumlar\u0131yla kat\u0131lacaklard\u0131r.<\/p>\n<p style=\"text-align: justify;\">Kaynak: \u00d6\u011fr. G\u00f6r. Ahmet ALTAY-K\u0131rklareli \u00dcniversitesi P\u0131narhisar Meslek Y\u00fcksekokulu Bilgi Y\u00f6netimi Program\u0131<\/p>\n","protected":false},"excerpt":{"rendered":"<p>49. K\u00fct\u00fcphane Haftas\u0131 etkinlikleri kapsam\u0131nda K\u0131rklareli \u00dcniversitesi P\u0131narhisar Meslek Y\u00fcksekokulu taraf\u0131ndan d\u00fczenlenecek &#8220;Bilgi ve Belge Y\u00f6netiminde B\u00f6lgesel \u0130\u015fbirli\u011fi Olanaklar\u0131&#8221; isimli\u00a0 panel, 26 Mart 2013 Sal\u0131 g\u00fcn\u00fc\u00a0 saat 14:00&#8216;de K\u0131rklareli \u00dcniversitesi Rekt\u00f6rl\u00fc\u011f\u00fc K\u00fclt\u00fcr Merkezi Salonunda ger\u00e7ekle\u015ftirilecektir. Panel y\u00f6neticili\u011fini \u0130stanbul \u00dcniversitesi Edebiyat Fak\u00fcltesi Bilgi ve Belge Y\u00f6netimi B\u00f6l\u00fcm Ba\u015fkan\u0131 Prof.Dr. Mehmet CANATAR\u2019\u0131n yapaca\u011f\u0131 panele;<\/p>\n","protected":false},"author":1,"featured_media":0,"comment_status":"open","ping_status":"open","sticky":false,"template":"","format":"standard","meta":{"footnotes":""},"categories":[1470],"tags":[1461],"class_list":["post-9776","post","type-post","status-publish","format-standard","hentry","category-49-kutuphane-haftasi","tag-kutuphane-haftasi"],"_links":{"self":[{"href":"https:\/\/www.bbyhaber.com\/bby\/wp-json\/wp\/v2\/posts\/9776"}],"collection":[{"href":"https:\/\/www.bbyhaber.com\/bby\/wp-json\/wp\/v2\/posts"}],"about":[{"href":"https:\/\/www.bbyhaber.com\/bby\/wp-json\/wp\/v2\/types\/post"}],"author":[{"embeddable":true,"href":"https:\/\/www.bbyhaber.com\/bby\/wp-json\/wp\/v2\/users\/1"}],"replies":[{"embeddable":true,"href":"https:\/\/www.bbyhaber.com\/bby\/wp-json\/wp\/v2\/comments?post=9776"}],"version-history":[{"count":0,"href":"https:\/\/www.bbyhaber.com\/bby\/wp-json\/wp\/v2\/posts\/9776\/revisions"}],"wp:attachment":[{"href":"https:\/\/www.bbyhaber.com\/bby\/wp-json\/wp\/v2\/media?parent=9776"}],"wp:term":[{"taxonomy":"category","embeddable":true,"href":"https:\/\/www.bbyhaber.com\/bby\/wp-json\/wp\/v2\/categories?post=9776"},{"taxonomy":"post_tag","embeddable":true,"href":"https:\/\/www.bbyhaber.com\/bby\/wp-json\/wp\/v2\/tags?post=9776"}],"curies":[{"name":"wp","href":"https:\/\/api.w.org\/{rel}","templated":true}]}}