{"id":9764,"date":"2013-02-26T15:58:03","date_gmt":"2013-02-26T13:58:03","guid":{"rendered":"http:\/\/www.bbyhaber.com\/bby\/?p=9764"},"modified":"2013-02-26T15:59:31","modified_gmt":"2013-02-26T13:59:31","slug":"4-tkd-sube-baskanlari-toplantisi-yapildi","status":"publish","type":"post","link":"https:\/\/www.bbyhaber.com\/bby\/2013\/02\/26\/4-tkd-sube-baskanlari-toplantisi-yapildi","title":{"rendered":"4.TKD \u015eube Ba\u015fkanlar\u0131 Toplant\u0131s\u0131 Yap\u0131ld\u0131."},"content":{"rendered":"<p style=\"text-align: justify;\">22 \u015eube&#8217;den 13 \u015eube Ba\u015fkan\u0131&#8217;n\u0131n ve Ankara ile \u0130stanbul \u015eubeleri&#8217;nin yazman ve saymanlar\u0131n\u0131n kat\u0131l\u0131m\u0131yla ger\u00e7ekle\u015fen toplant\u0131da Genel Merkez Y\u00f6netim Kurulu \u00fcyelerinin t\u00fcm\u00fc haz\u0131r bulundu. \u0130ki g\u00fcn s\u00fcren toplant\u0131da Genel Ba\u015fkan Ali Fuat Kartal&#8217;\u0131n a\u00e7\u0131l\u0131\u015f konu\u015fmas\u0131n\u0131n ard\u0131ndan TKD Y\u00f6netim Kurulu \u00dcyesi ve \u015eubelerden Sorumlu Ba\u015fkan Yard\u0131mc\u0131s\u0131 Didar Bay\u0131r &#8220;TKD \u015eubeleri 1. Raporu&#8221;nu sundu. Bu raporda, TKD \u015eubelerinin mevcut durumlar\u0131, sorunlar\u0131 ve \u00f6nerilerine dikkat \u00e7ekildi.<!--more--><\/p>\n<p>Toplant\u0131da; Dernek Y\u00f6netimi ve Mevzuat, \u00d6rg\u00fctlenme ve T\u00fcz\u00fck De\u011fi\u015fikli\u011fi ve hali haz\u0131rda TKD Genel Merkez Y\u00f6netim Kurulu taraf\u0131ndan \u00e7al\u0131\u015fmalar\u0131 s\u00fcrd\u00fcr\u00fclen Stratejik Plan konular\u0131 \u00fczerinde duruldu ve bu konular tart\u0131\u015fmaya a\u00e7\u0131ld\u0131.<\/p>\n<p>Kaynak: K\u00fct\u00fcp-L<\/p>\n","protected":false},"excerpt":{"rendered":"<p>22 \u015eube&#8217;den 13 \u015eube Ba\u015fkan\u0131&#8217;n\u0131n ve Ankara ile \u0130stanbul \u015eubeleri&#8217;nin yazman ve saymanlar\u0131n\u0131n kat\u0131l\u0131m\u0131yla ger\u00e7ekle\u015fen toplant\u0131da Genel Merkez Y\u00f6netim Kurulu \u00fcyelerinin t\u00fcm\u00fc haz\u0131r bulundu. \u0130ki g\u00fcn s\u00fcren toplant\u0131da Genel Ba\u015fkan Ali Fuat Kartal&#8217;\u0131n a\u00e7\u0131l\u0131\u015f konu\u015fmas\u0131n\u0131n ard\u0131ndan TKD Y\u00f6netim Kurulu \u00dcyesi ve \u015eubelerden Sorumlu Ba\u015fkan Yard\u0131mc\u0131s\u0131 Didar Bay\u0131r &#8220;TKD \u015eubeleri 1. Raporu&#8221;nu sundu. Bu raporda, TKD [&hellip;]<\/p>\n","protected":false},"author":1,"featured_media":0,"comment_status":"open","ping_status":"open","sticky":false,"template":"","format":"standard","meta":{"footnotes":""},"categories":[1],"tags":[],"class_list":["post-9764","post","type-post","status-publish","format-standard","hentry","category-genel"],"_links":{"self":[{"href":"https:\/\/www.bbyhaber.com\/bby\/wp-json\/wp\/v2\/posts\/9764"}],"collection":[{"href":"https:\/\/www.bbyhaber.com\/bby\/wp-json\/wp\/v2\/posts"}],"about":[{"href":"https:\/\/www.bbyhaber.com\/bby\/wp-json\/wp\/v2\/types\/post"}],"author":[{"embeddable":true,"href":"https:\/\/www.bbyhaber.com\/bby\/wp-json\/wp\/v2\/users\/1"}],"replies":[{"embeddable":true,"href":"https:\/\/www.bbyhaber.com\/bby\/wp-json\/wp\/v2\/comments?post=9764"}],"version-history":[{"count":0,"href":"https:\/\/www.bbyhaber.com\/bby\/wp-json\/wp\/v2\/posts\/9764\/revisions"}],"wp:attachment":[{"href":"https:\/\/www.bbyhaber.com\/bby\/wp-json\/wp\/v2\/media?parent=9764"}],"wp:term":[{"taxonomy":"category","embeddable":true,"href":"https:\/\/www.bbyhaber.com\/bby\/wp-json\/wp\/v2\/categories?post=9764"},{"taxonomy":"post_tag","embeddable":true,"href":"https:\/\/www.bbyhaber.com\/bby\/wp-json\/wp\/v2\/tags?post=9764"}],"curies":[{"name":"wp","href":"https:\/\/api.w.org\/{rel}","templated":true}]}}