{"id":9760,"date":"2013-02-26T10:37:20","date_gmt":"2013-02-26T08:37:20","guid":{"rendered":"http:\/\/www.bbyhaber.com\/bby\/?p=9760"},"modified":"2014-02-19T13:34:20","modified_gmt":"2014-02-19T11:34:20","slug":"cahit-kulebiye-de-sansur","status":"publish","type":"post","link":"https:\/\/www.bbyhaber.com\/bby\/2013\/02\/26\/cahit-kulebiye-de-sansur","title":{"rendered":"Cahit K\u00fclebi&#8217;ye de sans\u00fcr!"},"content":{"rendered":"<p style=\"text-align: justify;\">Milli E\u011fitim Bakanl\u0131\u011f\u0131 taraf\u0131ndan lise 9\u2019uncu s\u0131n\u0131flarda okutulan T\u00fcrk Edebiyat\u0131 kitab\u0131nda Cahit K\u00fclebi\u2019nin en fazla bilinen \u015fiirlerinden \u201cHik\u00e2ye\u201d de sans\u00fcre u\u011frad\u0131. Daha \u00f6nce de \u201cFareler ve \u0130nsanlar\u201d ile \u201c\u015eeker Portakal\u0131\u201d kitaplar\u0131 sak\u0131ncal\u0131 bulunmu\u015f, Yunus Emre, Kaygusuz Abdal, Edip Cansever gibi T\u00fcrk edebiyat\u0131n\u0131n \u00f6nde gelen \u015fairlerinin \u015fiirleri de makaslanm\u0131\u015ft\u0131.\u00a0<!--more--><\/p>\n<p style=\"text-align: justify;\">Onur Caymaz\u2019\u0131n bilgicag\u0131.com sitesindeki haberine g\u00f6re, bu sefer Cahit K\u00fclebi\u2019nin \u201cHik\u00e2ye\u201d \u015fiiri lise kitaplar\u0131nda sans\u00fcre u\u011frad\u0131. 9\u2019uncu s\u0131n\u0131flarda okutulan ve edit\u00f6rl\u00fc\u011f\u00fc Dr. Sakin \u00d6ner\u2019in yapt\u0131\u011f\u0131 ders kitab\u0131nda K\u00fclebi\u2019nin \u201cBenim do\u011fdu\u011fum k\u00f6ylerde \/\u00a0<a name=\"aspx1\" target=\"_blank\"><\/a><span><strong>kuzey<\/strong><\/span>\u00a0r\u00fczg\u00e2rlar\u0131 eserdi \/ ve bu y\u00fczden dudaklar\u0131m \u00e7atlakt\u0131r \/ \u00f6p biraz!&#8221; dizeleri silinerek, yerine (\u2026) \u00fc\u00e7 nokta konuldu.<\/p>\n<p>Cahit K\u00fclebi&#8217;nin \u015fiirinin tamam\u0131 \u015f\u00f6yleydi:<\/p>\n<p><strong>Hik\u00e2ye\u00a0<\/strong><br \/>\nSenin dudaklar\u0131n pembe<br \/>\nEllerin beyaz,<br \/>\nAl tut ellerimi bebek<br \/>\nTut biraz!<\/p>\n<p>Benim do\u011fdu\u011fum k\u00f6ylerde<br \/>\nCeviz a\u011fa\u00e7lar\u0131 yoktu,<br \/>\nBen bu y\u00fczden serinli\u011fe hasretim<br \/>\nOk\u015fa biraz!<\/p>\n<p>Benim do\u011fdu\u011fum k\u00f6ylerde<br \/>\nBu\u011fday tarlalar\u0131 yoktu,<br \/>\nDa\u011f\u0131t sa\u00e7lar\u0131n\u0131 bebek<br \/>\nSavur biraz!<\/p>\n<p>Benim do\u011fdu\u011fum k\u00f6yleri<br \/>\nAk\u015famlar\u0131 e\u015fk\u0131yalar basard\u0131.<br \/>\nBen bu y\u00fczden yaln\u0131zl\u0131\u011f\u0131 hi\u00e7 sevmem<br \/>\nKonu\u015f biraz!<\/p>\n<p>Benim do\u011fdu\u011fum k\u00f6ylerde<br \/>\nKuzey r\u00fczg\u00e2rlar\u0131 eserdi,<br \/>\nVe bu y\u00fczden dudaklar\u0131m \u00e7atlakt\u0131r<br \/>\n\u00d6p biraz!<\/p>\n<p>Sen T\u00fcrkiye gibi ayd\u0131nl\u0131k ve g\u00fczelsin!<br \/>\nBenim do\u011fdu\u011fum k\u00f6yler de g\u00fczeldi,<br \/>\nSen de anlat do\u011fdu\u011fun yerleri,<br \/>\nAnlat biraz!<\/p>\n<p>Kaynak: http:\/\/www.radikal.com.tr<\/p>\n","protected":false},"excerpt":{"rendered":"<p>Milli E\u011fitim Bakanl\u0131\u011f\u0131 taraf\u0131ndan lise 9\u2019uncu s\u0131n\u0131flarda okutulan T\u00fcrk Edebiyat\u0131 kitab\u0131nda Cahit K\u00fclebi\u2019nin en fazla bilinen \u015fiirlerinden \u201cHik\u00e2ye\u201d de sans\u00fcre u\u011frad\u0131. Daha \u00f6nce de \u201cFareler ve \u0130nsanlar\u201d ile \u201c\u015eeker Portakal\u0131\u201d kitaplar\u0131 sak\u0131ncal\u0131 bulunmu\u015f, Yunus Emre, Kaygusuz Abdal, Edip Cansever gibi T\u00fcrk edebiyat\u0131n\u0131n \u00f6nde gelen \u015fairlerinin \u015fiirleri de makaslanm\u0131\u015ft\u0131.\u00a0<\/p>\n","protected":false},"author":1,"featured_media":0,"comment_status":"open","ping_status":"open","sticky":false,"template":"","format":"standard","meta":{"footnotes":""},"categories":[519],"tags":[],"class_list":["post-9760","post","type-post","status-publish","format-standard","hentry","category-sansur-2"],"_links":{"self":[{"href":"https:\/\/www.bbyhaber.com\/bby\/wp-json\/wp\/v2\/posts\/9760"}],"collection":[{"href":"https:\/\/www.bbyhaber.com\/bby\/wp-json\/wp\/v2\/posts"}],"about":[{"href":"https:\/\/www.bbyhaber.com\/bby\/wp-json\/wp\/v2\/types\/post"}],"author":[{"embeddable":true,"href":"https:\/\/www.bbyhaber.com\/bby\/wp-json\/wp\/v2\/users\/1"}],"replies":[{"embeddable":true,"href":"https:\/\/www.bbyhaber.com\/bby\/wp-json\/wp\/v2\/comments?post=9760"}],"version-history":[{"count":0,"href":"https:\/\/www.bbyhaber.com\/bby\/wp-json\/wp\/v2\/posts\/9760\/revisions"}],"wp:attachment":[{"href":"https:\/\/www.bbyhaber.com\/bby\/wp-json\/wp\/v2\/media?parent=9760"}],"wp:term":[{"taxonomy":"category","embeddable":true,"href":"https:\/\/www.bbyhaber.com\/bby\/wp-json\/wp\/v2\/categories?post=9760"},{"taxonomy":"post_tag","embeddable":true,"href":"https:\/\/www.bbyhaber.com\/bby\/wp-json\/wp\/v2\/tags?post=9760"}],"curies":[{"name":"wp","href":"https:\/\/api.w.org\/{rel}","templated":true}]}}