{"id":9730,"date":"2013-02-24T23:18:16","date_gmt":"2013-02-24T21:18:16","guid":{"rendered":"http:\/\/www.bbyhaber.com\/bby\/?p=9730"},"modified":"2013-02-24T23:19:48","modified_gmt":"2013-02-24T21:19:48","slug":"konya-bolge-yazma-eserler-kutuphanesinde-tip-tarihi-koleksiyonu","status":"publish","type":"post","link":"https:\/\/www.bbyhaber.com\/bby\/2013\/02\/24\/konya-bolge-yazma-eserler-kutuphanesinde-tip-tarihi-koleksiyonu","title":{"rendered":"Konya B\u00f6lge Yazma Eserler K\u00fct\u00fcphanesi&#8217;nde T\u0131p Tarihi Koleksiyonu"},"content":{"rendered":"<p style=\"text-align: justify;\"><a href=\"http:\/\/www.bbyhaber.com\/bby\/wp-content\/uploads\/2013\/02\/uzlukun-tip-tarihi-koleksiyonu-konya-kutuphanesine-kazandirildi.jpg\"><img loading=\"lazy\" decoding=\"async\" class=\"alignleft size-thumbnail wp-image-9731\" title=\"uzlukun-tip-tarihi-koleksiyonu-konya-kutuphanesine-kazandirildi\" src=\"http:\/\/www.bbyhaber.com\/bby\/wp-content\/uploads\/2013\/02\/uzlukun-tip-tarihi-koleksiyonu-konya-kutuphanesine-kazandirildi.jpg\" alt=\"\" width=\"150\" height=\"150\" \/><\/a>T\u0131p tarihi ara\u015ft\u0131rmac\u0131lar\u0131na \u0131\u015f\u0131k tutacak bir\u00e7ok eserin bulundu\u011fu Konya B\u00f6lge Yazma Eserler K\u00fct\u00fcphanesi, T\u00fcrkiye&#8217;nin ilk t\u0131p\u00e7\u0131lar\u0131ndan Prof. Dr. Feridun Nafiz Uzluk&#8217;un koleksiyonunu b\u00fcnyesine kazand\u0131rd\u0131. Uzluk&#8217;un koleksiyonda, t\u0131pta kullan\u0131lan 50 ile 100 y\u0131l\u0131k alet edevat\u0131n yan\u0131s\u0131ra d\u00fcnyaca \u00fcnl\u00fc 45 t\u0131p\u00e7\u0131n\u0131n e\u015fsiz foto\u011fraflar\u0131 da yer al\u0131yor. Prof. Dr. Uzluk&#8217;un koleksiyonunu ailesi, y\u0131llar \u00f6nce Prof. Dr. Refik Soylu&#8217;ya emanet etmi\u015fti.<!--more--> T\u0131p tarihine merakl\u0131 oldu\u011fu i\u00e7in muhafaza etti\u011fini belirten Soylu, daha iyi muhafazas\u0131 ve ara\u015ft\u0131rmac\u0131lara faydal\u0131 olabilece\u011fi i\u00e7in Konya B\u00f6lge Yazma Eserler K\u00fct\u00fcphanesi&#8217;ne teslim etti\u011fini s\u00f6yledi. Prof. Dr. Soylu, koleksiyondaki t\u0131bbi cihazlar\u0131n Uzluk&#8217;un kulland\u0131klar\u0131 oldu\u011funu vurgulayarak, &#8220;Pek \u00e7oklar\u0131 bug\u00fcn kullan\u0131lmasa da yine \u00f6zelli\u011fini kaybetmemi\u015ftir, k\u0131ymetli eserlerdir, tarih\u00ee de\u011ferleri vard\u0131r. Umar\u0131m t\u0131p tarihi \u00e7al\u0131\u015fmalar\u0131na \u0131\u015f\u0131k tutar. \u00c7al\u0131\u015facak akademisyenlere burada daha faydal\u0131 olacak.&#8221; dedi.<\/p>\n<p style=\"text-align: justify;\">K\u00fct\u00fcphane M\u00fcd\u00fcr\u00fc Bekir \u015eahin ise t\u0131p tarihi bak\u0131m\u0131ndan d\u00fcnyan\u0131n say\u0131l\u0131 k\u00fct\u00fcphanelerinden biri olduklar\u0131n\u0131 dile getirdi. Feridun Nafiz Uzluk&#8217;un T\u00fcrkiye ve d\u00fcnyada tan\u0131nm\u0131\u015f en \u00f6nemli t\u0131p uzmanlar\u0131ndan birisi oldu\u011funa de\u011finen M\u00fcd\u00fcr \u015eahin, daha \u00f6nce t\u0131p tarihiyle ilgili el yazmas\u0131 eserleri kazand\u0131rd\u0131klar\u0131n\u0131 belirterek, &#8220;Prof. Uzluk&#8217;unkiyle t\u0131p koleksiyonumuz daha da geni\u015flemi\u015f oldu. K\u00fct\u00fcphanemizde d\u00fcnyaca tan\u0131nan Ord. Prof. S\u00fcheyl \u00dcnver&#8217;in t\u0131p tarihiyle ilgili eserlerinin dijital kopyalar\u0131 da mevcut. Nafiz Uzluk koleksiyonunun bir par\u00e7as\u0131 olarak, t\u0131p tarihi a\u00e7\u0131s\u0131ndan \u00f6zellikle Osmanl\u0131 ve Avrupa&#8217;da \u00f6nemli t\u0131p tarih\u00e7ilerinin, doktorlar\u0131n\u0131n ve hocalar\u0131n\u0131n foto\u011fraflar\u0131n\u0131n k\u00fct\u00fcphanemize gelmesi, bize yeni bir birikim kazand\u0131rm\u0131\u015ft\u0131r. Yine bunlar i\u00e7erisinde o d\u00f6neme ait t\u0131bbi alet edevat\u0131n da bulunmas\u0131 ayr\u0131 bir \u00f6nemi haizdir.&#8221; \u015feklinde konu\u015ftu.<\/p>\n<p style=\"text-align: justify;\">Koleksiyonda \u00dc\u00e7 \u00d6nemli Belge<\/p>\n<p style=\"text-align: justify;\">Yeni koleksiyonda \u00fc\u00e7 \u00f6nemli belgenin de mevcut oldu\u011funu aktaran Bekir \u015eahin, &#8220;Osmanl\u0131&#8217;da Marko Pa\u015fa&#8217;dan sonra Sa\u011fl\u0131k Bakanl\u0131\u011f\u0131 g\u00f6revine getirilen Saib Pa\u015fa&#8217;n\u0131n Fransa&#8217;dan ald\u0131\u011f\u0131 t\u0131p fak\u00fcltesi diplomas\u0131 da koleksiyonda yer al\u0131yor. Ayr\u0131ca Osmanl\u0131 d\u00f6neminde t\u0131p fak\u00fcltelerinde \u00f6\u011frencilere hangi derslerin ka\u00e7ar saat okutuldu\u011funa ili\u015fkin ders program\u0131 var. Tarih\u00ee 45 foto\u011fraf\u0131n aras\u0131nda ise d\u00fcnyada e\u015fi olmayan eserler bulundu\u011funu d\u00fc\u015f\u00fcn\u00fcyoruz. \u00dcmit ediyorum ki bu kadar k\u0131ymetli eserlerin birarada bulunmas\u0131 t\u0131p tarihi ara\u015ft\u0131rmac\u0131lar\u0131na fayda sa\u011flayacak, geni\u015f bilgi edinmelerine vesile olacakt\u0131r.&#8221; dedi.<\/p>\n<p style=\"text-align: justify;\">D\u00fcnyaca \u00dcnl\u00fc T\u0131p\u00e7\u0131lar\u0131n E\u015fsiz Foto\u011fraflar\u0131<\/p>\n<p style=\"text-align: justify;\">Prof. Dr. Uzluk&#8217;un ar\u015fivinde d\u00fcnyaca \u00fcnl\u00fc Louis Pasteur, Sigmund Spidzer, Hekimba\u015f\u0131 \u0130smail Bey, Sigmund Freud, M\u00fc\u015fir Haf\u0131z Pa\u015fa gibi d\u00fcnyaca \u00fcnl\u00fc bilimadamlar\u0131 ve t\u0131p\u00e7\u0131lar\u0131n da foto\u011fraflar\u0131 bulunuyor. Prof. Dr. Refik Soylu ile birlikte koleksiyonu teslim eden Meram T\u0131p Fak\u00fcltesi \u00d6\u011fretim \u00dcyesi Prof. Dr. Neyhan Ergene, foto\u011fraflar\u0131n b\u00fcy\u00fck \u00e7o\u011funlu\u011funun d\u00fcnyada tek kopya oldu\u011funu tahmin etti\u011fini s\u00f6yledi: &#8220;Belki de bunlar\u0131n d\u00fcnyada bir benzeri yoktur. O bak\u0131mdan t\u0131p tarihi konusunda \u00e7al\u0131\u015fma yapanlar\u0131n, hem resimleri incelemesini hem de bize de yard\u0131mc\u0131 olmas\u0131n\u0131 istiyoruz, \u00e7\u00fcnk\u00fc 45 resmin yar\u0131s\u0131n\u0131 tan\u0131m\u0131yoruz. Bunlar\u0131n bir k\u0131sm\u0131 T\u00fcrkiye&#8217;de t\u0131p \u00fczerine \u00e7al\u0131\u015fmalar yapan, bir k\u0131sm\u0131 da d\u00fcnya \u00e7ap\u0131nda tan\u0131nan ki\u015filere ait. B\u00f6lge Yazma Eserler K\u00fct\u00fcphanesi&#8217;nde daha iyi de\u011ferlendirilece\u011fini d\u00fc\u015f\u00fcn\u00fcyoruz. Burada halka a\u00e7\u0131k olarak sergilenebilecek. \u00d6zellikle t\u0131p tarihimizi bilmemiz a\u00e7\u0131s\u0131ndan \u00e7ok yararl\u0131 olacak.&#8221;<\/p>\n<p style=\"text-align: justify;\">Kaynak: http:\/\/www.timeturk.com<\/p>\n","protected":false},"excerpt":{"rendered":"<p>T\u0131p tarihi ara\u015ft\u0131rmac\u0131lar\u0131na \u0131\u015f\u0131k tutacak bir\u00e7ok eserin bulundu\u011fu Konya B\u00f6lge Yazma Eserler K\u00fct\u00fcphanesi, T\u00fcrkiye&#8217;nin ilk t\u0131p\u00e7\u0131lar\u0131ndan Prof. Dr. Feridun Nafiz Uzluk&#8217;un koleksiyonunu b\u00fcnyesine kazand\u0131rd\u0131. Uzluk&#8217;un koleksiyonda, t\u0131pta kullan\u0131lan 50 ile 100 y\u0131l\u0131k alet edevat\u0131n yan\u0131s\u0131ra d\u00fcnyaca \u00fcnl\u00fc 45 t\u0131p\u00e7\u0131n\u0131n e\u015fsiz foto\u011fraflar\u0131 da yer al\u0131yor. Prof. Dr. Uzluk&#8217;un koleksiyonunu ailesi, y\u0131llar \u00f6nce Prof. Dr. Refik Soylu&#8217;ya [&hellip;]<\/p>\n","protected":false},"author":1,"featured_media":0,"comment_status":"open","ping_status":"open","sticky":false,"template":"","format":"standard","meta":{"footnotes":""},"categories":[1,1500,1509],"tags":[438,1441],"class_list":["post-9730","post","type-post","status-publish","format-standard","hentry","category-genel","category-nadir-eserler","category-yazma-eserler","tag-el-yazmalari","tag-yazma-eser-kutuphaneleri"],"_links":{"self":[{"href":"https:\/\/www.bbyhaber.com\/bby\/wp-json\/wp\/v2\/posts\/9730"}],"collection":[{"href":"https:\/\/www.bbyhaber.com\/bby\/wp-json\/wp\/v2\/posts"}],"about":[{"href":"https:\/\/www.bbyhaber.com\/bby\/wp-json\/wp\/v2\/types\/post"}],"author":[{"embeddable":true,"href":"https:\/\/www.bbyhaber.com\/bby\/wp-json\/wp\/v2\/users\/1"}],"replies":[{"embeddable":true,"href":"https:\/\/www.bbyhaber.com\/bby\/wp-json\/wp\/v2\/comments?post=9730"}],"version-history":[{"count":0,"href":"https:\/\/www.bbyhaber.com\/bby\/wp-json\/wp\/v2\/posts\/9730\/revisions"}],"wp:attachment":[{"href":"https:\/\/www.bbyhaber.com\/bby\/wp-json\/wp\/v2\/media?parent=9730"}],"wp:term":[{"taxonomy":"category","embeddable":true,"href":"https:\/\/www.bbyhaber.com\/bby\/wp-json\/wp\/v2\/categories?post=9730"},{"taxonomy":"post_tag","embeddable":true,"href":"https:\/\/www.bbyhaber.com\/bby\/wp-json\/wp\/v2\/tags?post=9730"}],"curies":[{"name":"wp","href":"https:\/\/api.w.org\/{rel}","templated":true}]}}