{"id":973,"date":"2011-04-05T22:04:21","date_gmt":"2011-04-05T22:04:21","guid":{"rendered":"http:\/\/www.bbyhaber.com\/bby\/?p=973"},"modified":"2012-09-07T17:53:44","modified_gmt":"2012-09-07T14:53:44","slug":"atik-kagit-toplayip-okula-kutuphane-kazandirdilar","status":"publish","type":"post","link":"https:\/\/www.bbyhaber.com\/bby\/2011\/04\/05\/atik-kagit-toplayip-okula-kutuphane-kazandirdilar","title":{"rendered":"At\u0131k K\u00e2\u011f\u0131t Toplay\u0131p, Okula K\u00fct\u00fcphane Kazand\u0131rd\u0131lar"},"content":{"rendered":"<p style=\"text-align: justify;\" align=\"justify\">Ankara&#8217;da Elmada\u011f \u0130l\u00e7esi&#8217;nde Kurtulu\u015f \u0130lk\u00f6\u011fretim Okulu \u00f6\u011frencileri, &#8216;Haydi Elmada\u011f, a\u011fa\u00e7lar\u0131 kurtarmak bizim elimizde&#8217; slogan\u0131 ile 2 y\u0131lda 32 ton at\u0131k k\u00e2\u011f\u0131t toplay\u0131p, okullar\u0131na modern bir k\u00fct\u00fcphane kazand\u0131r\u0131rken, 50 ya\u015f\u0131na gelmi\u015f 480 \u00e7am a\u011fac\u0131n\u0131 kesilmekten kurtard\u0131. \u0130l\u00e7ede yakla\u015f\u0131k 2 y\u0131l s\u00fcrede 32 ton at\u0131k k\u00e2\u011f\u0131t toplayan Kurtulu\u015f \u0130lk\u00f6\u011fretim Okulu \u00f6\u011fencilerinin d\u00f6n\u00fc\u015f\u00fcm projesine veliler, kamu kurum ve kurulu\u015flar\u0131 ile \u00e7evreye duyarl\u0131 ki\u015filer destek verdi. <!--more--><\/p>\n<p style=\"text-align: justify;\" align=\"justify\">\u0130lk\u00f6\u011fretim \u00f6\u011frencileri, 2 y\u0131l s\u00fcren \u00e7al\u0131\u015fma sonucu k\u00fct\u00fcphanesi olmayan okullar\u0131na modern bir k\u00fct\u00fcphane kazand\u0131rd\u0131. Okul M\u00fcd\u00fcr\u00fc B\u00fclent Kalayc\u0131o\u011flu, okulda bir at\u0131k ka\u011f\u0131t kutu ile ba\u015flat\u0131lan projenin, k\u0131sa s\u00fcrede duyurulmas\u0131 ile \u00e7ok geni\u015f \u00e7evreden destek ald\u0131\u011f\u0131n\u0131 belirtirken, \u015funlar\u0131 s\u00f6yledi:<\/p>\n<p style=\"text-align: justify;\" align=\"justify\">&#8220;Ba\u015fta \u00f6\u011frenci ve velilerinin verdi\u011fi &#8216;Hayi Elmada\u011f, a\u011fa\u00e7lar\u0131 kurtarmak elinizde&#8217; projemiz sonucunda 2 y\u0131l gibi s\u00fcrede 32 ton at\u0131k k\u00e2\u011f\u0131t topllay\u0131p, elde etti\u011fimiz gelirle okulumuza bili\u015fim destekli modern bir k\u00fct\u00fcphane kazand\u0131rd\u0131k. Bahar\u0131n gelmesi ile fidan dikiminin ba\u015flad\u0131\u011f\u0131 \u015fu g\u00fcnlerde, do\u011fada 50 ya\u015f\u0131na gelmi\u015f 480 \u00e7am a\u011fac\u0131n\u0131 kesilmekten kurtard\u0131k. B\u00f6ylece \u00f6\u011frencilerimiz temiz ve sa\u011fl\u0131kl\u0131 bir \u00e7evrenin olu\u015fmas\u0131na, do\u011fan\u0131n korunmas\u0131na katk\u0131 sa\u011flay\u0131p, geri d\u00f6n\u00fc\u015f\u00fcmle elde edilen k\u00fct\u00fcphanenin kazand\u0131rd\u0131.&#8221;<\/p>\n<p style=\"text-align: justify;\" align=\"justify\">Kalayc\u0131o\u011flu, &#8220;Bu proje sonras\u0131nda k\u00fct\u00fcphanesine kavu\u015fan \u00f6\u011frencilerimiz, \u015fimdi de raflar\u0131 bo\u015f duran k\u00fct\u00fcphanemize e\u011fitici kitaplara ihtiya\u00e7 duyduklar\u0131n\u0131 belirterek, &#8220;K\u00fclt\u00fcr ve e\u011fitime \u00f6nem veren duyarl\u0131 insanlar\u0131m\u0131z\u0131n ilgilerini bekliyor&#8221; dedi. <strong style=\"text-align: justify;\"><\/strong><\/p>\n<p style=\"text-align: justify;\">Web Sayfas\u0131: <a href=\"http:\/\/okulweb.meb.gov.tr\/06\/09\/700247\/index.html\" target=\"_blank\">Ankara Elmada\u011f \u0130l\u00e7esi Kurtulu\u015f \u0130lk\u00f6\u011fretim Okulu<\/a><\/p>\n<p style=\"text-align: justify;\">Kaynak: http:\/\/www.haberler.com\/<\/p>\n","protected":false},"excerpt":{"rendered":"<p>Ankara&#8217;da Elmada\u011f \u0130l\u00e7esi&#8217;nde Kurtulu\u015f \u0130lk\u00f6\u011fretim Okulu \u00f6\u011frencileri, &#8216;Haydi Elmada\u011f, a\u011fa\u00e7lar\u0131 kurtarmak bizim elimizde&#8217; slogan\u0131 ile 2 y\u0131lda 32 ton at\u0131k k\u00e2\u011f\u0131t toplay\u0131p, okullar\u0131na modern bir k\u00fct\u00fcphane kazand\u0131r\u0131rken, 50 ya\u015f\u0131na gelmi\u015f 480 \u00e7am a\u011fac\u0131n\u0131 kesilmekten kurtard\u0131. \u0130l\u00e7ede yakla\u015f\u0131k 2 y\u0131l s\u00fcrede 32 ton at\u0131k k\u00e2\u011f\u0131t toplayan Kurtulu\u015f \u0130lk\u00f6\u011fretim Okulu \u00f6\u011fencilerinin d\u00f6n\u00fc\u015f\u00fcm projesine veliler, kamu kurum ve [&hellip;]<\/p>\n","protected":false},"author":1,"featured_media":0,"comment_status":"open","ping_status":"open","sticky":false,"template":"","format":"standard","meta":{"footnotes":""},"categories":[],"tags":[845],"class_list":["post-973","post","type-post","status-publish","format-standard","hentry","tag-okul-kutuphaneleri"],"_links":{"self":[{"href":"https:\/\/www.bbyhaber.com\/bby\/wp-json\/wp\/v2\/posts\/973"}],"collection":[{"href":"https:\/\/www.bbyhaber.com\/bby\/wp-json\/wp\/v2\/posts"}],"about":[{"href":"https:\/\/www.bbyhaber.com\/bby\/wp-json\/wp\/v2\/types\/post"}],"author":[{"embeddable":true,"href":"https:\/\/www.bbyhaber.com\/bby\/wp-json\/wp\/v2\/users\/1"}],"replies":[{"embeddable":true,"href":"https:\/\/www.bbyhaber.com\/bby\/wp-json\/wp\/v2\/comments?post=973"}],"version-history":[{"count":0,"href":"https:\/\/www.bbyhaber.com\/bby\/wp-json\/wp\/v2\/posts\/973\/revisions"}],"wp:attachment":[{"href":"https:\/\/www.bbyhaber.com\/bby\/wp-json\/wp\/v2\/media?parent=973"}],"wp:term":[{"taxonomy":"category","embeddable":true,"href":"https:\/\/www.bbyhaber.com\/bby\/wp-json\/wp\/v2\/categories?post=973"},{"taxonomy":"post_tag","embeddable":true,"href":"https:\/\/www.bbyhaber.com\/bby\/wp-json\/wp\/v2\/tags?post=973"}],"curies":[{"name":"wp","href":"https:\/\/api.w.org\/{rel}","templated":true}]}}