{"id":9717,"date":"2013-02-24T00:07:54","date_gmt":"2013-02-23T22:07:54","guid":{"rendered":"http:\/\/www.bbyhaber.com\/bby\/?p=9717"},"modified":"2014-12-07T20:21:03","modified_gmt":"2014-12-07T18:21:03","slug":"tkd-kampus-sohbet-gunleri-ii-etkinligi-gerceklestirildi","status":"publish","type":"post","link":"https:\/\/www.bbyhaber.com\/bby\/2013\/02\/24\/tkd-kampus-sohbet-gunleri-ii-etkinligi-gerceklestirildi","title":{"rendered":"TKD Kamp\u00fcs Sohbet G\u00fcnleri II Etkinli\u011fi Ger\u00e7ekle\u015ftirildi"},"content":{"rendered":"<p style=\"text-align: justify;\"><img loading=\"lazy\" decoding=\"async\" class=\"alignleft\" src=\"http:\/\/www.bbyhaber.com\/bby\/wp-content\/uploads\/bby-forum-logolar\/tkdkampus.jpg\" alt=\"\" width=\"124\" height=\"93\" \/>TKD Kamp\u00fcs Sohbet G\u00fcnleri II Etkinli\u011fi Do\u00e7. Dr. Mehmet Toplu ile ger\u00e7ekle\u015ftirildi. Etkinli\u011fe TKD Genel Ba\u015fkan\u0131 Ali Fuat Kartal, TKD YK \u00fcyeleri Burcu Bulut, Didar Bay\u0131r, Emre Hasan Akbayrak, Esin Sultan Oguz, \u015eenol Karadeniz ile G\u00fcnay Ercan Uysal kat\u0131lm\u0131\u015flar, meslek hakk\u0131ndaki g\u00f6r\u00fc\u015flerini ve d\u00fc\u015f\u00fcncelerini gen\u00e7 meslekta\u015flar\u0131m\u0131zla payla\u015fm\u0131\u015flard\u0131r.<!--more--> Etkinlikte dernek faaliyetleri hakk\u0131nda bilgi verilerek mesle\u011fin ba\u015f\u0131nda olan gen\u00e7 meslekta\u015flar\u0131m\u0131za deneyim kazand\u0131r\u0131lm\u0131\u015f ve ileriki ya\u015famlar\u0131nda meslek hakk\u0131ndaki d\u00fc\u015f\u00fcncelerini olgunla\u015ft\u0131ran keyifli bir s\u00f6yle\u015fi olmu\u015ftur.<\/p>\n<p style=\"text-align: justify;\"><a href=\"http:\/\/www.bbyhaber.com\/bby\/wp-content\/uploads\/2013\/02\/tkd-soylesileri-1.jpg\"><img loading=\"lazy\" decoding=\"async\" class=\"alignnone\" src=\"http:\/\/www.bbyhaber.com\/bby\/wp-content\/uploads\/2013\/02\/tkd-soylesileri-1.jpg\" alt=\"\" width=\"150\" height=\"150\" \/><\/a> <a href=\"http:\/\/www.bbyhaber.com\/bby\/wp-content\/uploads\/2013\/02\/tkd-soylesileri-2.jpg\"><img loading=\"lazy\" decoding=\"async\" class=\"alignnone\" src=\"http:\/\/www.bbyhaber.com\/bby\/wp-content\/uploads\/2013\/02\/tkd-soylesileri-2.jpg\" alt=\"\" width=\"150\" height=\"150\" \/><\/a><\/p>\n<p style=\"text-align: justify;\"><a href=\"http:\/\/www.bbyhaber.com\/bby\/wp-content\/uploads\/2013\/02\/tkd-soylesileri-3.jpg\"><img loading=\"lazy\" decoding=\"async\" class=\"alignnone\" src=\"http:\/\/www.bbyhaber.com\/bby\/wp-content\/uploads\/2013\/02\/tkd-soylesileri-3.jpg\" alt=\"\" width=\"150\" height=\"150\" \/><\/a> <a href=\"http:\/\/www.bbyhaber.com\/bby\/wp-content\/uploads\/2013\/02\/tkd-soylesileri-4.jpg\"><img loading=\"lazy\" decoding=\"async\" class=\"alignnone\" src=\"http:\/\/www.bbyhaber.com\/bby\/wp-content\/uploads\/2013\/02\/tkd-soylesileri-4.jpg\" alt=\"\" width=\"150\" height=\"150\" \/><\/a><\/p>\n<p style=\"text-align: justify;\"><a href=\"https:\/\/www.facebook.com\/groups\/tkdkampus\/\" target=\"_blank\">Foto\u011fraflar\u00a0TKD Kamp\u00fcs Facebook sayfas\u0131ndan al\u0131nm\u015ft\u0131r<\/a><\/p>\n<p style=\"text-align: justify;\">\n","protected":false},"excerpt":{"rendered":"<p>TKD Kamp\u00fcs Sohbet G\u00fcnleri II Etkinli\u011fi Do\u00e7. Dr. Mehmet Toplu ile ger\u00e7ekle\u015ftirildi. Etkinli\u011fe TKD Genel Ba\u015fkan\u0131 Ali Fuat Kartal, TKD YK \u00fcyeleri Burcu Bulut, Didar Bay\u0131r, Emre Hasan Akbayrak, Esin Sultan Oguz, \u015eenol Karadeniz ile G\u00fcnay Ercan Uysal kat\u0131lm\u0131\u015flar, meslek hakk\u0131ndaki g\u00f6r\u00fc\u015flerini ve d\u00fc\u015f\u00fcncelerini gen\u00e7 meslekta\u015flar\u0131m\u0131zla payla\u015fm\u0131\u015flard\u0131r.<\/p>\n","protected":false},"author":1,"featured_media":0,"comment_status":"open","ping_status":"open","sticky":false,"template":"","format":"standard","meta":{"footnotes":""},"categories":[1532,1],"tags":[1395,851],"class_list":["post-9717","post","type-post","status-publish","format-standard","hentry","category-ankara-universitesi-bby-bilgi-toplulugu","category-genel","tag-bby-mesleki-etkinlikler-arsivi","tag-tkd-kampus"],"_links":{"self":[{"href":"https:\/\/www.bbyhaber.com\/bby\/wp-json\/wp\/v2\/posts\/9717"}],"collection":[{"href":"https:\/\/www.bbyhaber.com\/bby\/wp-json\/wp\/v2\/posts"}],"about":[{"href":"https:\/\/www.bbyhaber.com\/bby\/wp-json\/wp\/v2\/types\/post"}],"author":[{"embeddable":true,"href":"https:\/\/www.bbyhaber.com\/bby\/wp-json\/wp\/v2\/users\/1"}],"replies":[{"embeddable":true,"href":"https:\/\/www.bbyhaber.com\/bby\/wp-json\/wp\/v2\/comments?post=9717"}],"version-history":[{"count":0,"href":"https:\/\/www.bbyhaber.com\/bby\/wp-json\/wp\/v2\/posts\/9717\/revisions"}],"wp:attachment":[{"href":"https:\/\/www.bbyhaber.com\/bby\/wp-json\/wp\/v2\/media?parent=9717"}],"wp:term":[{"taxonomy":"category","embeddable":true,"href":"https:\/\/www.bbyhaber.com\/bby\/wp-json\/wp\/v2\/categories?post=9717"},{"taxonomy":"post_tag","embeddable":true,"href":"https:\/\/www.bbyhaber.com\/bby\/wp-json\/wp\/v2\/tags?post=9717"}],"curies":[{"name":"wp","href":"https:\/\/api.w.org\/{rel}","templated":true}]}}