{"id":970,"date":"2011-04-05T22:00:23","date_gmt":"2011-04-05T22:00:23","guid":{"rendered":"http:\/\/www.bbyhaber.com\/bby\/?p=970"},"modified":"2013-02-13T11:22:29","modified_gmt":"2013-02-13T09:22:29","slug":"mamakta-kutuphaneli-kahvehaneler-olacak","status":"publish","type":"post","link":"https:\/\/www.bbyhaber.com\/bby\/2011\/04\/05\/mamakta-kutuphaneli-kahvehaneler-olacak","title":{"rendered":"Mamak&#8217;ta k\u00fct\u00fcphaneli kahvehaneler olacak"},"content":{"rendered":"<p style=\"text-align: justify;\" align=\"justify\">Kahvehane ve internet cafe i\u015fletmecilerinin sorunlar\u0131n\u0131n ele al\u0131nd\u0131\u011f\u0131 toplant\u0131da, problemlere ortak \u00e7\u00f6z\u00fcm aray\u0131\u015f\u0131nda bulunuldu. Ba\u015fkan Akg\u00fcl Kahvehanelerde k\u00fct\u00fcphane uygulamas\u0131na gitmeyi d\u00fc\u015f\u00fcnen kahveciler odas\u0131na da destek verece\u011fini s\u00f6yledi. Kahvehane ve internet cafe i\u015fletmecileriyle bir araya gelen Mamak Belediye Ba\u015fkan\u0131 Mesut Akg\u00fcl, kendisinin de esnafl\u0131ktan geldi\u011fini belirterek esnafla ele ele verilerek problemlerin \u00fcstesinden gelinece\u011fini belirtti. Akg\u00fcl\u201d Biz bir aileyiz, tan\u0131\u015farak, isti\u015fare ederek sorunlar\u0131 beraber \u00e7\u00f6zece\u011fiz<!--more-->. Ben de sizler gibi bir d\u00f6nem esnafl\u0131k yapt\u0131m. Esnaf\u0131n s\u0131k\u0131nt\u0131lar\u0131n\u0131 \u00e7ok iyi bilirim. Esnafl\u0131k al\u0131p satma k\u00fclt\u00fcr\u00fc de\u011fildir. Hizmette kaliteyi yakalamak ancak m\u00fc\u015fteri memnuniyetiyle m\u00fcmk\u00fcnd\u00fcr. Biz esnaf\u0131m\u0131z\u0131 rakip olarak g\u00f6rm\u00fcyoruz. Bu y\u00fczden de sizin yan\u0131n\u0131zday\u0131z. Fikirleriniz bizim i\u00e7in \u00e7ok de\u011ferli, hep birlikte el ele vererek sorunlara \u00e7\u00f6z\u00fcm aray\u0131\u015f\u0131nda bulunaca\u011f\u0131z. \u201d dedi.<\/p>\n<p style=\"text-align: justify;\" align=\"justify\">Akg\u00fcl: Bu y\u0131l Mamak i\u00e7in yat\u0131r\u0131m y\u0131l\u0131 olacak<br \/>\nMeslek gruplar\u0131yla ger\u00e7ekle\u015ftirdi\u011fi toplant\u0131lar\u0131n 3.\u2019\u00fcnc\u00fcs\u00fcn\u00fc kahvehaneci ve internet cafecilerle ger\u00e7ekle\u015ftiren Mamak Belediye Ba\u015fkan\u0131 Mesut Akg\u00fcl, kahveci esnaf\u0131na Mamak\u2019ta yap\u0131lan \u00e7al\u0131\u015fmalar ve projelerinden bahsederek bu y\u0131l\u0131n Mamak i\u00e7in yat\u0131r\u0131m y\u0131l\u0131 olaca\u011f\u0131n\u0131 s\u00f6yledi. Akg\u00fcl \u201c Esnaf\u0131m\u0131zla gerek b\u00f6lge gezilerimiz ve esnaf ziyaretlerimizde gerekse bir araya gelerek isti\u015farelerde bulunuyoruz. Belediyemiz ilk defa 2010 y\u0131l\u0131nda geliri giderinden fazla olan belediye oldu. Belediyemizde i\u015f\u00e7imizin bir lira alaca\u011f\u0131 yok. Bu y\u0131l Mamak i\u00e7in yat\u0131r\u0131m y\u0131l\u0131 olacak. \u00d6zlemini duydu\u011fumuz b\u00fcy\u00fck projelerin temelleri bu y\u0131l at\u0131l\u0131yor. Kartaltepe Kent Park Projesi, y\u00fczme havuzu ve spor kompleksi, kapal\u0131 pazar alanlar\u0131, Aile Ya\u015fam Merkezleri k\u0131sacas\u0131 Mamak\u2019\u0131n ihtiya\u00e7 duydu\u011fu t\u00fcm projelerin temelini ataca\u011f\u0131z. Elimizdeki imk\u00e2nlar\u0131 vatanda\u015f\u0131m\u0131z\u0131n lehine en iyi \u015fekilde kullanaca\u011f\u0131z. Mamak bug\u00fcne kadar \u00e7\u00f6pl\u00fck ve gecekondular\u0131 ile an\u0131ld\u0131. \u015eimdi gelinen noktaya bakarsak art\u0131k \u00e7\u00f6pl\u00fckte elektrik \u00fcretiliyor, seralarda domates yeti\u015ftiriliyor. \u00c7\u00f6pl\u00fc\u011f\u00fcn tam kar\u015f\u0131s\u0131nda b\u00fcy\u00fck al\u0131\u015fveri\u015f merkezi yap\u0131l\u0131yor. Mamak art\u0131k AVM\u2019si ve yap\u0131lan projeleri ile an\u0131lacak. Kentsel Geli\u015fim ve D\u00f6n\u00fc\u015f\u00fcm Projelerimiz de devam ediyor. \u0130l\u00e7eme hizmet etmekten mutluyum. Taleplerinizi her zaman dinlerim. Bir araya gelmeniz bile birbirinizi tan\u0131ma ad\u0131na \u00e7ok faydal\u0131. Sizlerin deste\u011fiyle el ele vererek Mamak\u2019\u0131n \u00e7ehresini de\u011fi\u015ftirece\u011fiz.\u201d dedi.<\/p>\n<p style=\"text-align: justify;\" align=\"justify\">Toplant\u0131ya Mamak esnaf\u0131n\u0131n ilgisi b\u00fcy\u00fckt\u00fc. Hep birlikte yap\u0131lan kahvalt\u0131n\u0131n ard\u0131ndan s\u0131ra esnaf\u0131n sorunlar\u0131n\u0131 dinlemeye geldi.12 ya\u015f alt\u0131 \u00e7ocuklar\u0131n internet cafelere girememesi, cezalar, denetimler, \u00e7ay ocaklar\u0131nda tek tip fiyat tarifesi, cafelerde tek tip uygulamaya gidilmesi, sigara yasa\u011f\u0131, playstation cafe uygulamas\u0131 gibi konular\u0131n ele al\u0131nd\u0131\u011f\u0131 toplant\u0131da, kahvehanecilerin sorunlar\u0131n\u0131n ba\u015f\u0131n\u0131 sigara yasa\u011f\u0131, internet cafe i\u015fletmecilerininkini ise 12 ya\u015f alt\u0131 \u00e7ocuklar\u0131n internet cafelere girememesi \u00e7ekti.<\/p>\n<p style=\"text-align: justify;\" align=\"justify\">G\u00f6reve geldi\u011finden bu yana yapm\u0131\u015f olduklar\u0131 \u00e7al\u0131\u015fmalar\u0131 sunum halinde anlatan Ba\u015fkan Akg\u00fcl, Mamak\u2019\u0131 Ankara\u2019ya yak\u0131\u015f\u0131r bir il\u00e7e haline getirmek i\u00e7in \u00e7al\u0131\u015ft\u0131klar\u0131n\u0131 ve bu s\u00fcre\u00e7te esnaf\u0131n deste\u011finin \u00e7ok \u00f6nemli oldu\u011funu s\u00f6yledi. Esnaf\u0131n sorunlar\u0131n\u0131 tek tek dinleyen Ba\u015fkan Akg\u00fcl, 12 ya\u015f alt\u0131 \u00e7ocuklar\u0131n internet cafelere girememesine ili\u015fkin al\u0131nan karar\u0131n \u00e7ocuklar\u0131n zarar g\u00f6rmemesi ad\u0131na al\u0131nan bir karar oldu\u011funu ve 12 ya\u015f alt\u0131 \u00e7ocuklarla ilgili verilen karar\u0131n belediye ile ilgisi olmad\u0131\u011f\u0131n\u0131 s\u00f6yledi. Akg\u00fcl belediye olarak Mamak\u2019ta 10 adet Bilgi Evi a\u00e7\u0131ld\u0131\u011f\u0131n\u0131 ve Bilgi Evleri\u2019nde \u00f6\u011frenciler i\u00e7in bilgisayar e\u011fitiminden tutunda, Matematik, T\u00fcrk\u00e7e gibi mevcut derslerin de verildi\u011fini s\u00f6yledi. Akg\u00fcl esnaf\u0131n dile getirdi\u011fi \u00e7ay ocaklar\u0131ndaki tek tip fiyat konusununda yeni bir fiyat tarifesi \u00e7\u0131kar\u0131larak \u00e7\u00f6z\u00fcme kavu\u015fturulabilece\u011fini s\u00f6yledi. Sigara yasa\u011f\u0131 konusuna da de\u011finen Mesut Akg\u00fcl kahvehanecilere, sigara yasa\u011f\u0131na ili\u015fkin vatanda\u015flar\u0131 rahats\u0131z etmeyecek ve g\u00f6r\u00fcn\u00fcm\u00fc bozmayacak \u015fekilde, yasal \u00e7er\u00e7evede kahvehanelerinde sigara i\u00e7me alanlar\u0131 olu\u015fturabileceklerini s\u00f6yledi.<\/p>\n<p style=\"text-align: justify;\" align=\"justify\">K\u00fct\u00fcphaneli Kahvehaneler<br \/>\nToplant\u0131da s\u00f6z alan Kahvehaneciler Odas\u0131 Ba\u015fkan\u0131 \u0130sa G\u00fcven toplant\u0131dan duydu\u011fu memnuniyeti ifade ederek Ba\u015fkan Akg\u00fcl\u2019e te\u015fekk\u00fcr etti. Kahvehanelerin s\u0131k\u0131nt\u0131lar\u0131n\u0131 dile getiren G\u00fcven, kahvehanelerde k\u00fct\u00fcphane uygulamas\u0131na gitmeyi d\u00fc\u015f\u00fcnd\u00fcklerini belirtti. Ba\u015fkan Akg\u00fcl de kahvehanelerde uygulanmas\u0131 planlanan k\u00fct\u00fcphane projesine destek verece\u011fini s\u00f6yledi.<\/p>\n<p style=\"text-align: justify;\" align=\"justify\">\u0130nternet cafecilere verilen cezalar art\u0131k kademeli olacak<br \/>\n\u0130nternet cafeciler Odas\u0131 Ba\u015fkan\u0131 \u00d6nder Kaplan da internet cafecilere kesilen cezalar\u0131n art\u0131k kademeli olaca\u011f\u0131 m\u00fcjdesini verdi. Kaplan ge\u00e7ti\u011fimiz ay \u0130\u00e7 \u0130\u015fleri Bakanl\u0131\u011f\u0131\u2019nda olu\u015fturulan \u00e7al\u0131\u015ftayda al\u0131nan kararla internet cafe i\u015fletmecilerine verilen cezan\u0131n \u00f6nce uyar\u0131 ard\u0131ndan s\u0131ras\u0131yla tenkit, e\u011fitim ve ceza olarak kademeli olarak verilece\u011fini s\u00f6yledi.<\/p>\n<p style=\"text-align: justify;\" align=\"justify\">Kahvalt\u0131 program\u0131na Mamak Belediye Ba\u015fkan\u0131 Mesut Akg\u00fcl\u2019\u00fcn yan\u0131 s\u0131ra,Ba\u015fkan Yard\u0131mc\u0131lar\u0131 Hasan G\u00f6kmeno\u011flu, Erdo\u011fan Karada\u011f, Ahmet M\u00fcfit Y\u0131ld\u0131r\u0131m, Kahvehaneciler Odas\u0131 Ba\u015fkan\u0131 \u0130sa G\u00fcven, \u0130nternet Cafeciler Odas\u0131 Ba\u015fkan\u0131 \u00d6nder Kaplan ve Mamakl\u0131 kahvehane ve internet cafe i\u015fletmecileri kat\u0131ld\u0131.\u00a0<strong><\/strong><\/p>\n<p style=\"text-align: justify;\" align=\"left\">Kaynak: http:\/\/www.ankarahaber.com\/<\/p>\n","protected":false},"excerpt":{"rendered":"<p>Kahvehane ve internet cafe i\u015fletmecilerinin sorunlar\u0131n\u0131n ele al\u0131nd\u0131\u011f\u0131 toplant\u0131da, problemlere ortak \u00e7\u00f6z\u00fcm aray\u0131\u015f\u0131nda bulunuldu. Ba\u015fkan Akg\u00fcl Kahvehanelerde k\u00fct\u00fcphane uygulamas\u0131na gitmeyi d\u00fc\u015f\u00fcnen kahveciler odas\u0131na da destek verece\u011fini s\u00f6yledi. Kahvehane ve internet cafe i\u015fletmecileriyle bir araya gelen Mamak Belediye Ba\u015fkan\u0131 Mesut Akg\u00fcl, kendisinin de esnafl\u0131ktan geldi\u011fini belirterek esnafla ele ele verilerek problemlerin \u00fcstesinden gelinece\u011fini belirtti. Akg\u00fcl\u201d Biz [&hellip;]<\/p>\n","protected":false},"author":1,"featured_media":0,"comment_status":"open","ping_status":"open","sticky":false,"template":"","format":"standard","meta":{"footnotes":""},"categories":[1,1491],"tags":[],"class_list":["post-970","post","type-post","status-publish","format-standard","hentry","category-genel","category-kahvehane-kutuphane"],"_links":{"self":[{"href":"https:\/\/www.bbyhaber.com\/bby\/wp-json\/wp\/v2\/posts\/970"}],"collection":[{"href":"https:\/\/www.bbyhaber.com\/bby\/wp-json\/wp\/v2\/posts"}],"about":[{"href":"https:\/\/www.bbyhaber.com\/bby\/wp-json\/wp\/v2\/types\/post"}],"author":[{"embeddable":true,"href":"https:\/\/www.bbyhaber.com\/bby\/wp-json\/wp\/v2\/users\/1"}],"replies":[{"embeddable":true,"href":"https:\/\/www.bbyhaber.com\/bby\/wp-json\/wp\/v2\/comments?post=970"}],"version-history":[{"count":0,"href":"https:\/\/www.bbyhaber.com\/bby\/wp-json\/wp\/v2\/posts\/970\/revisions"}],"wp:attachment":[{"href":"https:\/\/www.bbyhaber.com\/bby\/wp-json\/wp\/v2\/media?parent=970"}],"wp:term":[{"taxonomy":"category","embeddable":true,"href":"https:\/\/www.bbyhaber.com\/bby\/wp-json\/wp\/v2\/categories?post=970"},{"taxonomy":"post_tag","embeddable":true,"href":"https:\/\/www.bbyhaber.com\/bby\/wp-json\/wp\/v2\/tags?post=970"}],"curies":[{"name":"wp","href":"https:\/\/api.w.org\/{rel}","templated":true}]}}