{"id":9670,"date":"2013-02-20T11:13:35","date_gmt":"2013-02-20T09:13:35","guid":{"rendered":"http:\/\/www.bbyhaber.com\/bby\/?p=9670"},"modified":"2014-04-16T11:00:08","modified_gmt":"2014-04-16T09:00:08","slug":"4-tkd-sube-baskanlari-toplantisi-23-24-subat-2013","status":"publish","type":"post","link":"https:\/\/www.bbyhaber.com\/bby\/2013\/02\/20\/4-tkd-sube-baskanlari-toplantisi-23-24-subat-2013","title":{"rendered":"4. TKD \u015eube Ba\u015fkanlar\u0131 Toplant\u0131s\u0131-23-24 \u015eubat 2013"},"content":{"rendered":"<p style=\"text-align: justify;\"><img loading=\"lazy\" decoding=\"async\" class=\"alignleft\" src=\"http:\/\/www.bbyhaber.com\/bby\/wp-content\/uploads\/bby-dernek-logolar\/tkd-logo.png\" alt=\"\" width=\"155\" height=\"100\" \/>T\u00fcrk K\u00fct\u00fcphaneciler Derne\u011fi \u015eube Ba\u015fkanlar\u0131 Y\u0131ll\u0131k Toplant\u0131s\u0131<strong> 23-24 \u015eubat 2013 tarihlerinde Ankara\u2019da Milli K\u00fct\u00fcphane<\/strong>\u2019de ger\u00e7ekle\u015ftirilecektir. Dernek Y\u00f6netimi, Mevzuat, \u00d6rg\u00fctlenme, T\u00fcz\u00fck De\u011fi\u015fikli\u011fi ve Stratejik Planlama konular\u0131n\u0131n ele al\u0131naca\u011f\u0131 toplant\u0131n\u0131n program\u0131 a\u015fa\u011f\u0131da sunulmu\u015ftur.<!--more--><\/p>\n<p><strong>PROGRAM<\/strong><\/p>\n<p>23 \u015eubat 2013, Cumartesi<\/p>\n<p>09.30\u00a0\u00a0\u00a0\u00a0 Kay\u0131t<\/p>\n<p>10.00\u00a0\u00a0\u00a0\u00a0 A\u00e7\u0131l\u0131\u015f Konu\u015fmas\u0131 \/ Ali Fuat Kartal, TKD Genel Ba\u015fkan\u0131<\/p>\n<p>10.30\u00a0\u00a0\u00a0\u00a0 TKD \u015eubeleri 1. Raporu \/ Didar Bay\u0131r, \u015eubelerden Sorumlu Genel Ba\u015fkan Yard\u0131mc\u0131s\u0131<\/p>\n<p>11.00\u00a0\u00a0\u00a0\u00a0 Ara<\/p>\n<p>11.30\u00a0\u00a0\u00a0\u00a0 \u015eubeler Ad\u0131na Konu\u015fma \/ Dide Kara\u015fahin, Ankara \u015eubesi Ba\u015fkan\u0131<\/p>\n<p>12.00\u00a0\u00a0\u00a0\u00a0 Dernek Y\u00f6netimi ve Mevzuat \/ Ali Fuat Kartal, TKD Genel Ba\u015fkan\u0131,\u00a0 Yusuf Yal\u00e7\u0131n Muhasebeci<\/p>\n<p>13.00\u00a0\u00a0\u00a0\u00a0 \u00d6\u011fle Aras\u0131<\/p>\n<p>14.00\u00a0\u00a0\u00a0\u00a0 Tart\u0131\u015fma: \u00d6rg\u00fctlenme ve T\u00fcz\u00fck De\u011fi\u015fikli\u011fi \/Y\u00f6neten: Ali R\u0131za K\u00f6ro\u011flu, Rize \u015eubesi Ba\u015fkan\u0131<\/p>\n<p>15.30\u00a0\u00a0\u00a0\u00a0 Ara<\/p>\n<p>16.00\u00a0\u00a0\u00a0\u00a0 De\u011ferlendirme ve Kapan\u0131\u015f \/Y\u00f6neten: Abdullah Murat Mete, \u0130zmir \u015eubesi Ba\u015fkan\u0131<\/p>\n<p>19.30\u00a0\u00a0\u00a0\u00a0 Ak\u015fam Yeme\u011fi<\/p>\n<p>24 \u015eubat 2013, Pazar<\/p>\n<p>10.00\u00a0\u00a0\u00a0\u00a0 Stratejik Planlama \u00c7al\u0131\u015fmas\u0131 \/ Mehmet Manyas, \u0130stanbul \u015eubesi Ba\u015fkan\u0131<\/p>\n<p>11.00\u00a0\u00a0\u00a0\u00a0 Ara<\/p>\n<p>11.30\u00a0\u00a0\u00a0\u00a0 Tart\u0131\u015fma ve Kapan\u0131\u015f \/ Y\u00f6neten: Ali Fuat Kartal, TKD Genel Ba\u015fkan\u0131<\/p>\n","protected":false},"excerpt":{"rendered":"<p>T\u00fcrk K\u00fct\u00fcphaneciler Derne\u011fi \u015eube Ba\u015fkanlar\u0131 Y\u0131ll\u0131k Toplant\u0131s\u0131 23-24 \u015eubat 2013 tarihlerinde Ankara\u2019da Milli K\u00fct\u00fcphane\u2019de ger\u00e7ekle\u015ftirilecektir. Dernek Y\u00f6netimi, Mevzuat, \u00d6rg\u00fctlenme, T\u00fcz\u00fck De\u011fi\u015fikli\u011fi ve Stratejik Planlama konular\u0131n\u0131n ele al\u0131naca\u011f\u0131 toplant\u0131n\u0131n program\u0131 a\u015fa\u011f\u0131da sunulmu\u015ftur.<\/p>\n","protected":false},"author":1,"featured_media":0,"comment_status":"open","ping_status":"open","sticky":false,"template":"","format":"standard","meta":{"footnotes":""},"categories":[1],"tags":[],"class_list":["post-9670","post","type-post","status-publish","format-standard","hentry","category-genel"],"_links":{"self":[{"href":"https:\/\/www.bbyhaber.com\/bby\/wp-json\/wp\/v2\/posts\/9670"}],"collection":[{"href":"https:\/\/www.bbyhaber.com\/bby\/wp-json\/wp\/v2\/posts"}],"about":[{"href":"https:\/\/www.bbyhaber.com\/bby\/wp-json\/wp\/v2\/types\/post"}],"author":[{"embeddable":true,"href":"https:\/\/www.bbyhaber.com\/bby\/wp-json\/wp\/v2\/users\/1"}],"replies":[{"embeddable":true,"href":"https:\/\/www.bbyhaber.com\/bby\/wp-json\/wp\/v2\/comments?post=9670"}],"version-history":[{"count":0,"href":"https:\/\/www.bbyhaber.com\/bby\/wp-json\/wp\/v2\/posts\/9670\/revisions"}],"wp:attachment":[{"href":"https:\/\/www.bbyhaber.com\/bby\/wp-json\/wp\/v2\/media?parent=9670"}],"wp:term":[{"taxonomy":"category","embeddable":true,"href":"https:\/\/www.bbyhaber.com\/bby\/wp-json\/wp\/v2\/categories?post=9670"},{"taxonomy":"post_tag","embeddable":true,"href":"https:\/\/www.bbyhaber.com\/bby\/wp-json\/wp\/v2\/tags?post=9670"}],"curies":[{"name":"wp","href":"https:\/\/api.w.org\/{rel}","templated":true}]}}