{"id":967,"date":"2011-11-16T21:58:27","date_gmt":"2011-11-16T21:58:27","guid":{"rendered":"http:\/\/www.bbyhaber.com\/bby\/?p=967"},"modified":"2011-11-16T21:58:27","modified_gmt":"2011-11-16T21:58:27","slug":"ceyhan-muftulugu-cezaevine-kutuphane-kurdu","status":"publish","type":"post","link":"https:\/\/www.bbyhaber.com\/bby\/2011\/11\/16\/ceyhan-muftulugu-cezaevine-kutuphane-kurdu","title":{"rendered":"Ceyhan M\u00fcft\u00fcl\u00fc\u011f\u00fc Cezaevine K\u00fct\u00fcphane Kurdu"},"content":{"rendered":"<p style=\"text-align: justify;\">Ceyhan M\u00fcft\u00fcl\u00fc\u011f\u00fc taraf\u0131ndan d\u00fczenlenen &#8220;Okumuyorsan Okut&#8221; kampanyas\u0131 kapsam\u0131nda vatanda\u015flar\u0131n ba\u011f\u0131\u015flad\u0131\u011f\u0131 kitaplarla Ceyhan M Tipi Kapal\u0131 Cezaevi&#8217;nde k\u00fct\u00fcphane kuruldu\u011fu bildirildi.<\/p>\n<p>\u0130l\u00e7e M\u00fcft\u00fcs\u00fc Halil \u015eekerci yapt\u0131\u011f\u0131 yaz\u0131l\u0131 a\u00e7\u0131klamada, \u00e7a\u011fda\u015f ve modern bir toplum olman\u0131n yolunun kitap okumaktan ge\u00e7ti\u011fini belirterek, kampanyay\u0131 bu d\u00fc\u015f\u00fcnceyle ba\u015flatt\u0131klar\u0131n\u0131 belirtti. Cuma namazlar\u0131nda vaaz ve hutbelerde vatanda\u015f\u0131 kampanyaya kat\u0131lmaya te\u015fvik ettiklerini bildiren \u015eekerci, \u015funlar\u0131 kaydetti:<\/p>\n<p>&#8220;Cezaevindeki tutuklu ve h\u00fck\u00fcml\u00fcler okumak i\u00e7in bizden dini kitap istediler. Biz de taleplerini geri \u00e7evirmeyerek bu \u00e7al\u0131\u015fmay\u0131 yapt\u0131k. Kampanya kapsam\u0131nda bin 500 adet kitap toplad\u0131k. Ceyhan halk\u0131na desteklerinden dolay\u0131 te\u015fekk\u00fcr ederiz.&#8221;<\/p>\n<p style=\"text-align: justify;\">Kaynak: <a href=\"http:\/\/www.haberler.com\" target=\"_blank\">http:\/\/www.haberler.com<\/a><\/p>\n","protected":false},"excerpt":{"rendered":"<p>Ceyhan M\u00fcft\u00fcl\u00fc\u011f\u00fc taraf\u0131ndan d\u00fczenlenen &#8220;Okumuyorsan Okut&#8221; kampanyas\u0131 kapsam\u0131nda vatanda\u015flar\u0131n ba\u011f\u0131\u015flad\u0131\u011f\u0131 kitaplarla Ceyhan M Tipi Kapal\u0131 Cezaevi&#8217;nde k\u00fct\u00fcphane kuruldu\u011fu bildirildi. \u0130l\u00e7e M\u00fcft\u00fcs\u00fc Halil \u015eekerci yapt\u0131\u011f\u0131 yaz\u0131l\u0131 a\u00e7\u0131klamada, \u00e7a\u011fda\u015f ve modern bir toplum olman\u0131n yolunun kitap okumaktan ge\u00e7ti\u011fini belirterek, kampanyay\u0131 bu d\u00fc\u015f\u00fcnceyle ba\u015flatt\u0131klar\u0131n\u0131 belirtti. Cuma namazlar\u0131nda vaaz ve hutbelerde vatanda\u015f\u0131 kampanyaya kat\u0131lmaya te\u015fvik ettiklerini bildiren \u015eekerci, \u015funlar\u0131 [&hellip;]<\/p>\n","protected":false},"author":1,"featured_media":0,"comment_status":"open","ping_status":"open","sticky":false,"template":"","format":"standard","meta":{"footnotes":""},"categories":[1],"tags":[114],"class_list":["post-967","post","type-post","status-publish","format-standard","hentry","category-genel","tag-cezaevi-kutuphane"],"_links":{"self":[{"href":"https:\/\/www.bbyhaber.com\/bby\/wp-json\/wp\/v2\/posts\/967"}],"collection":[{"href":"https:\/\/www.bbyhaber.com\/bby\/wp-json\/wp\/v2\/posts"}],"about":[{"href":"https:\/\/www.bbyhaber.com\/bby\/wp-json\/wp\/v2\/types\/post"}],"author":[{"embeddable":true,"href":"https:\/\/www.bbyhaber.com\/bby\/wp-json\/wp\/v2\/users\/1"}],"replies":[{"embeddable":true,"href":"https:\/\/www.bbyhaber.com\/bby\/wp-json\/wp\/v2\/comments?post=967"}],"version-history":[{"count":0,"href":"https:\/\/www.bbyhaber.com\/bby\/wp-json\/wp\/v2\/posts\/967\/revisions"}],"wp:attachment":[{"href":"https:\/\/www.bbyhaber.com\/bby\/wp-json\/wp\/v2\/media?parent=967"}],"wp:term":[{"taxonomy":"category","embeddable":true,"href":"https:\/\/www.bbyhaber.com\/bby\/wp-json\/wp\/v2\/categories?post=967"},{"taxonomy":"post_tag","embeddable":true,"href":"https:\/\/www.bbyhaber.com\/bby\/wp-json\/wp\/v2\/tags?post=967"}],"curies":[{"name":"wp","href":"https:\/\/api.w.org\/{rel}","templated":true}]}}