{"id":9657,"date":"2013-02-19T13:58:49","date_gmt":"2013-02-19T11:58:49","guid":{"rendered":"http:\/\/www.bbyhaber.com\/bby\/?p=9657"},"modified":"2013-02-19T14:00:29","modified_gmt":"2013-02-19T12:00:29","slug":"yaylakoy-okulu%e2%80%99na-hayirseverden-kutuphane-kusadasi","status":"publish","type":"post","link":"https:\/\/www.bbyhaber.com\/bby\/2013\/02\/19\/yaylakoy-okulu%e2%80%99na-hayirseverden-kutuphane-kusadasi","title":{"rendered":"Yaylak\u00f6y Okulu\u2019na Hay\u0131rseverden K\u00fct\u00fcphane-Ku\u015fadas\u0131"},"content":{"rendered":"<p style=\"text-align: justify;\">Ku\u015fadas\u0131\u2019na ba\u011fl\u0131 Yaylak\u00f6y \u0130lkokulu, G\u00f6knil-Fevzi Turhan isimli hay\u0131rseverlerin katk\u0131lar\u0131yla modern bir k\u00fct\u00fcphaneye kavu\u015ftu. \u00d6\u011frencilerin \u201c Sessiz ve G\u00fczel Oda \u201c ad\u0131n\u0131 verdi\u011fi k\u00fct\u00fcphanenin a\u00e7\u0131l\u0131\u015f\u0131n\u0131 Ku\u015fadas\u0131 Kaymakam\u0131 Mustafa Ayhan ile Ku\u015fadas\u0131 Belediye Ba\u015fkan\u0131 M. Esat Altung\u00fcn birlikte yapt\u0131. Yaylak\u00f6y \u0130lkokulu\u2019ndaki k\u00fct\u00fcphane a\u00e7\u0131l\u0131\u015f\u0131na Ku\u015fadas\u0131 Kaymakam\u0131 Mustafa Ayhan, Ku\u015fadas\u0131 Belediye Ba\u015fkan\u0131 M. Esat Altung\u00fcn, Ku\u015fadas\u0131 Milli E\u011fitim M\u00fcd\u00fcr\u00fc \u00d6mer Faruk T\u00fcrkkan, hay\u0131rseverler G\u00f6knil-Fevzi Turhan, davetliler, veliler, \u00f6\u011fretmenler ve \u00f6\u011frenciler kat\u0131ld\u0131.<!--more--><\/p>\n<p style=\"text-align: justify;\">K\u00fct\u00fcphanenin Yaylak\u00f6y\u2019de \u00f6nemli bir ihtiyac\u0131 giderdi\u011fini kaydeden Ku\u015fadas\u0131 Kaymakam\u0131 Mustafa Ayhan yapt\u0131klar\u0131 katk\u0131lardan dolay\u0131 G\u00f6knil-Fevzi Turhan isimli hay\u0131rseverlere te\u015fekk\u00fcr ederek, plaket verdi. Yaylak\u00f6y \u0130lkokulu\u2019nu modern bir k\u00fct\u00fcphaneye kavu\u015fturan G\u00f6knil-Fevzi Turhan \u00e7ifti de, \u201cBizler her y\u0131l, g\u00fcc\u00fcm\u00fcz\u00fcn elverdi\u011fi \u00f6l\u00e7\u00fclerde &#8220;Hadi Yapal\u0131m&#8221; diyece\u011fiz ve di\u011fer k\u00f6ylerimizede ihtiya\u00e7lar\u0131 do\u011frultusunda &#8220;Sessiz ve G\u00fczel Oda&#8221;lar yapaca\u011f\u0131z \u201c dediler.<\/p>\n<p style=\"text-align: justify;\">Kaynak:http:\/\/www.egehavadis.com<\/p>\n","protected":false},"excerpt":{"rendered":"<p>Ku\u015fadas\u0131\u2019na ba\u011fl\u0131 Yaylak\u00f6y \u0130lkokulu, G\u00f6knil-Fevzi Turhan isimli hay\u0131rseverlerin katk\u0131lar\u0131yla modern bir k\u00fct\u00fcphaneye kavu\u015ftu. \u00d6\u011frencilerin \u201c Sessiz ve G\u00fczel Oda \u201c ad\u0131n\u0131 verdi\u011fi k\u00fct\u00fcphanenin a\u00e7\u0131l\u0131\u015f\u0131n\u0131 Ku\u015fadas\u0131 Kaymakam\u0131 Mustafa Ayhan ile Ku\u015fadas\u0131 Belediye Ba\u015fkan\u0131 M. Esat Altung\u00fcn birlikte yapt\u0131. Yaylak\u00f6y \u0130lkokulu\u2019ndaki k\u00fct\u00fcphane a\u00e7\u0131l\u0131\u015f\u0131na Ku\u015fadas\u0131 Kaymakam\u0131 Mustafa Ayhan, Ku\u015fadas\u0131 Belediye Ba\u015fkan\u0131 M. Esat Altung\u00fcn, Ku\u015fadas\u0131 Milli E\u011fitim M\u00fcd\u00fcr\u00fc [&hellip;]<\/p>\n","protected":false},"author":1,"featured_media":0,"comment_status":"open","ping_status":"open","sticky":false,"template":"","format":"standard","meta":{"footnotes":""},"categories":[1],"tags":[845],"class_list":["post-9657","post","type-post","status-publish","format-standard","hentry","category-genel","tag-okul-kutuphaneleri"],"_links":{"self":[{"href":"https:\/\/www.bbyhaber.com\/bby\/wp-json\/wp\/v2\/posts\/9657"}],"collection":[{"href":"https:\/\/www.bbyhaber.com\/bby\/wp-json\/wp\/v2\/posts"}],"about":[{"href":"https:\/\/www.bbyhaber.com\/bby\/wp-json\/wp\/v2\/types\/post"}],"author":[{"embeddable":true,"href":"https:\/\/www.bbyhaber.com\/bby\/wp-json\/wp\/v2\/users\/1"}],"replies":[{"embeddable":true,"href":"https:\/\/www.bbyhaber.com\/bby\/wp-json\/wp\/v2\/comments?post=9657"}],"version-history":[{"count":0,"href":"https:\/\/www.bbyhaber.com\/bby\/wp-json\/wp\/v2\/posts\/9657\/revisions"}],"wp:attachment":[{"href":"https:\/\/www.bbyhaber.com\/bby\/wp-json\/wp\/v2\/media?parent=9657"}],"wp:term":[{"taxonomy":"category","embeddable":true,"href":"https:\/\/www.bbyhaber.com\/bby\/wp-json\/wp\/v2\/categories?post=9657"},{"taxonomy":"post_tag","embeddable":true,"href":"https:\/\/www.bbyhaber.com\/bby\/wp-json\/wp\/v2\/tags?post=9657"}],"curies":[{"name":"wp","href":"https:\/\/api.w.org\/{rel}","templated":true}]}}