{"id":9642,"date":"2013-02-19T09:17:17","date_gmt":"2013-02-19T07:17:17","guid":{"rendered":"http:\/\/www.bbyhaber.com\/bby\/?p=9642"},"modified":"2013-02-19T09:19:34","modified_gmt":"2013-02-19T07:19:34","slug":"saruhanlida-kutuphane-seferberligi","status":"publish","type":"post","link":"https:\/\/www.bbyhaber.com\/bby\/2013\/02\/19\/saruhanlida-kutuphane-seferberligi","title":{"rendered":"Saruhanl\u0131&#8217;da k\u00fct\u00fcphane seferberli\u011fi"},"content":{"rendered":"<p style=\"text-align: justify;\">MAN\u0130SA-Saruhanl\u0131 il\u00e7esinde 700 \u00f6\u011frencinin e\u011fitim g\u00f6rd\u00fc\u011f\u00fc Cumhuriyet \u0130lkokulu&#8217;nda \u00f6\u011fretmen, \u00f6\u011frenci ve velilerin evlerindeki kitaplar\u0131 ba\u011f\u0131\u015flamas\u0131yla bin 500 kitapl\u0131 bir k\u00fct\u00fcphane olu\u015fturuldu. Okul M\u00fcd\u00fcr\u00fc Ahmet D\u00fclger, gazetecilere yapt\u0131\u011f\u0131 a\u00e7\u0131klamada, okullar\u0131nda k\u00fc\u00e7\u00fck bir s\u0131n\u0131fta az say\u0131da kitapla hizmet veren kitapl\u0131\u011f\u0131 b\u00fcy\u00fctmek i\u00e7in ba\u015flatt\u0131klar\u0131 \u00e7al\u0131\u015fmalara \u00f6\u011fretmen, \u00f6\u011frenci ve velilerin de destek verdi\u011fini kaydetti. \u00c7al\u0131\u015fman\u0131n k\u0131sa s\u00fcre i\u00e7inde kitap ba\u011f\u0131\u015flama seferberli\u011fine d\u00f6n\u00fc\u015ft\u00fc\u011f\u00fcn\u00fc dile getiren D\u00fclger, okulda 500 olan kitap say\u0131s\u0131n\u0131n 3 ayda bin 500&#8217;e ula\u015ft\u0131\u011f\u0131n\u0131 ifade etti. \u00c7al\u0131\u015fmalara destek veren herkese te\u015fekk\u00fcr eden D\u00fclger \u015f\u00f6yle konu\u015ftu:<!--more--><\/p>\n<p style=\"text-align: justify;\">&#8220;\u0130\u015fin bu noktaya gelece\u011fini hi\u00e7 d\u00fc\u015f\u00fcnmemi\u015ftim. \u00c7ok g\u00fczel bir k\u00fct\u00fcphanemiz oldu. K\u00fct\u00fcphanemize yeni raflar yapt\u0131rd\u0131k. Masa ve sandalyeler de koyduk. Kap\u0131s\u0131 s\u00fcrekli a\u00e7\u0131k, ara\u015ft\u0131rma yapmak ya da kitap okumak isteyen \u00f6\u011frencilerimiz dile\u011fi gibi faydalanabiliyor. Evlerde kullan\u0131lmayan veya okunduktan sonra bir kenara b\u0131rak\u0131lan kitaplar\u0131 e\u011fitime kazand\u0131rm\u0131\u015f olduk. Kitap okumak ger\u00e7ekten \u00e7ok faydal\u0131, okumay\u0131 seven, k\u00fclt\u00fcrl\u00fc bir toplum yeti\u015ftirmeye gayret ediyoruz.<\/p>\n<p style=\"text-align: justify;\">Kaynak:http:\/\/www.saruhanli.gen.tr\/<\/p>\n","protected":false},"excerpt":{"rendered":"<p>MAN\u0130SA-Saruhanl\u0131 il\u00e7esinde 700 \u00f6\u011frencinin e\u011fitim g\u00f6rd\u00fc\u011f\u00fc Cumhuriyet \u0130lkokulu&#8217;nda \u00f6\u011fretmen, \u00f6\u011frenci ve velilerin evlerindeki kitaplar\u0131 ba\u011f\u0131\u015flamas\u0131yla bin 500 kitapl\u0131 bir k\u00fct\u00fcphane olu\u015fturuldu. Okul M\u00fcd\u00fcr\u00fc Ahmet D\u00fclger, gazetecilere yapt\u0131\u011f\u0131 a\u00e7\u0131klamada, okullar\u0131nda k\u00fc\u00e7\u00fck bir s\u0131n\u0131fta az say\u0131da kitapla hizmet veren kitapl\u0131\u011f\u0131 b\u00fcy\u00fctmek i\u00e7in ba\u015flatt\u0131klar\u0131 \u00e7al\u0131\u015fmalara \u00f6\u011fretmen, \u00f6\u011frenci ve velilerin de destek verdi\u011fini kaydetti. \u00c7al\u0131\u015fman\u0131n k\u0131sa s\u00fcre i\u00e7inde kitap [&hellip;]<\/p>\n","protected":false},"author":1,"featured_media":0,"comment_status":"open","ping_status":"open","sticky":false,"template":"","format":"standard","meta":{"footnotes":""},"categories":[1],"tags":[845],"class_list":["post-9642","post","type-post","status-publish","format-standard","hentry","category-genel","tag-okul-kutuphaneleri"],"_links":{"self":[{"href":"https:\/\/www.bbyhaber.com\/bby\/wp-json\/wp\/v2\/posts\/9642"}],"collection":[{"href":"https:\/\/www.bbyhaber.com\/bby\/wp-json\/wp\/v2\/posts"}],"about":[{"href":"https:\/\/www.bbyhaber.com\/bby\/wp-json\/wp\/v2\/types\/post"}],"author":[{"embeddable":true,"href":"https:\/\/www.bbyhaber.com\/bby\/wp-json\/wp\/v2\/users\/1"}],"replies":[{"embeddable":true,"href":"https:\/\/www.bbyhaber.com\/bby\/wp-json\/wp\/v2\/comments?post=9642"}],"version-history":[{"count":0,"href":"https:\/\/www.bbyhaber.com\/bby\/wp-json\/wp\/v2\/posts\/9642\/revisions"}],"wp:attachment":[{"href":"https:\/\/www.bbyhaber.com\/bby\/wp-json\/wp\/v2\/media?parent=9642"}],"wp:term":[{"taxonomy":"category","embeddable":true,"href":"https:\/\/www.bbyhaber.com\/bby\/wp-json\/wp\/v2\/categories?post=9642"},{"taxonomy":"post_tag","embeddable":true,"href":"https:\/\/www.bbyhaber.com\/bby\/wp-json\/wp\/v2\/tags?post=9642"}],"curies":[{"name":"wp","href":"https:\/\/api.w.org\/{rel}","templated":true}]}}