{"id":964,"date":"2011-04-08T21:52:44","date_gmt":"2011-04-08T21:52:44","guid":{"rendered":"http:\/\/www.bbyhaber.com\/bby\/?p=964"},"modified":"2013-02-08T14:04:34","modified_gmt":"2013-02-08T12:04:34","slug":"bilgi-evleri-okuyan-toplum-icin-yurudu","status":"publish","type":"post","link":"https:\/\/www.bbyhaber.com\/bby\/2011\/04\/08\/bilgi-evleri-okuyan-toplum-icin-yurudu","title":{"rendered":"Bilgi Evleri &#8220;Okuyan Toplum&#8221; \u0130\u00e7in Y\u00fcr\u00fcd\u00fc"},"content":{"rendered":"<p style=\"text-align: justify;\" align=\"justify\">Bilgi Evi ailesi olarak bir K\u00fct\u00fcphane Haftas\u0131n\u0131 daha geride b\u0131rakt\u0131k ama akl\u0131m\u0131z fikrimiz yollarda kald\u0131. Neden mi? \u00c7\u00fcnk\u00fc bizler bu \u00f6nemli haftay\u0131 \u00e7ok farkl\u0131 bir \u015feklide kutlad\u0131k. Daha d\u00fcn gibi hat\u0131r\u0131m\u0131zda: Ge\u00e7en y\u0131l yine bu vakitler, \u201ckitap\u201d deyip, ille de \u201cokumak\u201d deyip d\u00fc\u015fm\u00fc\u015ft\u00fck yollara\u2026 Bu y\u0131lda y\u00fcr\u00fcyelim dedik ama daha renkli, daha kapsaml\u0131 olsun istedik\u2026 OKUYAN TOPLUM i\u00e7in bir araya geldik\u2026<!--more--><\/p>\n<p style=\"text-align: justify;\" align=\"justify\">Kitap ve okuman\u0131n \u00f6nemine dikkat \u00e7ekmek amac\u0131yla \u00e7e\u015fitli etkinliklerle idrak edilen bu hafta i\u00e7in haz\u0131rl\u0131klar\u0131m\u0131z \u00e7ok \u00f6nceden ba\u015flam\u0131\u015ft\u0131. Duyurular, davetiyeler, hediye edilecek kitaplar, boyalar, s\u00fcsler, pankartlar, sloganlar ve daha neler neler\u2026 \u0130lk olarak etkinli\u011fimizin ad\u0131n\u0131 koyduk: \u201cK\u00fct\u00fcphane Haftas\u0131 \u015eenli\u011fi, Okuyan Toplum Y\u00fcr\u00fcy\u00fc\u015f\u00fc\u201d. Herkese a\u00e7\u0131kt\u0131 kollar\u0131m\u0131z, t\u0131pk\u0131 kitaplar gibi. Davetimiz ra\u011fbet buldu. \u0130l\u00e7emizdeki Mehmet\u00e7ik, \u0130ncirlibah\u00e7e, \u015eiir Mektebi ve Abdi \u0130pek\u00e7i \u0130lk\u00f6\u011fretim okullar\u0131yla, Gen\u00e7 Osman \u0130MKB T.M. Lisesi, \u00d6zel Merter Fatih \u0130lk\u00f6\u011fretim Okulu, \u00e7e\u015fitli sivil toplum kurulu\u015fu temsilcileri ve de\u011ferli halk\u0131m\u0131z da kat\u0131ld\u0131lar aram\u0131za\u2026<\/p>\n<p style=\"text-align: justify;\" align=\"justify\">6 Nisan 2011 \u00c7ar\u015famba g\u00fcn\u00fcn\u00fc iple \u00e7ekti herkes. Bilgi Evlerimizin t\u00fcm \u00f6\u011fretmen ve \u00f6\u011frencileriyle \u0130bn-i Sina Bilgi Evi \u00f6n\u00fcnde topland\u0131k. \u015eapkalar tak\u0131ld\u0131, y\u00fczler boyand\u0131, pankartlar a\u00e7\u0131ld\u0131\u2026 T\u0131pk\u0131 bir festivaldeymi\u015fiz gibi s\u00fcslendi, bezendi y\u00fcr\u00fcy\u00fc\u015f konvoyumuz\u2026 En \u00f6nde Gen\u00e7 Osman \u0130MKB T.M. Lisesi bando tak\u0131m\u0131, \u015fark\u0131lar, m\u00fczikler e\u015fli\u011finde, bulu\u015fma noktam\u0131z olan G\u00fcng\u00f6ren Belediyesi\u2019ne do\u011fru harekete ge\u00e7tik.<\/p>\n<p style=\"text-align: justify;\" align=\"justify\">\u201cKitaps\u0131z ya\u015famak k\u00f6r, sa\u011f\u0131r ve dilsiz ya\u015famak gibidir\u201d<\/p>\n<p>\u201cG\u00fcng\u00f6ren Belediyesi Bilgi Evleri, K\u00fct\u00fcphane Haftas\u0131n\u0131 Kutluyor\u201d<\/p>\n<p>\u201cOkuyan bir toplum i\u00e7in hep birlikte!\u201d<\/p>\n<p>\u201cT\u00fcm halk\u0131m\u0131z\u0131 K\u00fct\u00fcphane Haftas\u0131 \u015eenli\u011fi OKUYAN TOPLUM y\u00fcr\u00fcy\u00fc\u015f\u00fcne davet ediyoruz\u201d<\/p>\n<p>\u201cBilgi Evlerinde 5 y\u0131lda okunan toplam kitap sayfas\u0131: 39 milyon\u201d<\/p>\n<p>\u201cUygarl\u0131\u011f\u0131n temeli kitaplard\u0131r.\u201d<\/p>\n<p>diyerek, hediye kitap ve ayra\u00e7 da\u011f\u0131tarak, e\u011flenerek, ne\u015fe i\u00e7inde G\u00fcng\u00f6ren Belediyesi \u00f6n\u00fcne kadar geldik. Burada y\u00fcr\u00fcy\u00fc\u015f konvoyumuzu, \u00d6zel Merter Fatih \u0130lk\u00f6\u011fretim Okulu Mehteran Tak\u0131m\u0131n\u0131n sedalar\u0131 kar\u015f\u0131lad\u0131. Seslerimiz seslerine kar\u0131\u015ft\u0131\u2026 G\u00fcng\u00f6ren halk\u0131n\u0131n b\u00fcy\u00fck, k\u00fc\u00e7\u00fck yo\u011fun ilgi g\u00f6sterdi\u011fi y\u00fcr\u00fcy\u00fc\u015f\u00fcm\u00fcz, Bilgi Evi \u00fcyelerimizden Fazilet K\u0131ra\u00e7 isimli \u00f6\u011frencinin okudu\u011fu bas\u0131n bildirisiyle son buldu. 6 Bilgi Evini temsilen \u00f6\u011frenciler ve \u00f6\u011fretmenleri, ba\u015fta Belediye Ba\u015fkan\u0131m\u0131z \u015eakir Y\u00fccel Karaman olmak \u00fczere, ba\u015fkan yard\u0131mc\u0131lar\u0131 Murat Kavak, Dervi\u015f Kahraman, Fatih \u00d6z\u00e7i\u00e7ek\u2019i makamlar\u0131nda ziyaret ettiler. Kitap ve hayata dair yap\u0131lan k\u00fc\u00e7\u00fck sohbetlerle ge\u00e7en ziyaretler, kar\u015f\u0131l\u0131kl\u0131 hediyele\u015fmelerle sona erdi.Bilgi Evi \u00f6\u011frenci ve \u00f6\u011fretmenleri olarak, K\u00fct\u00fcphane Haftas\u0131 vesilesi ile bir kez daha Belediye Ba\u015fkan\u0131m\u0131za ve eme\u011fi ge\u00e7en herkese, bizlere hediye ettikleri 6 Bilgi Evi i\u00e7in te\u015fekk\u00fcr ediyoruz. Bilgi Evi kap\u0131lar\u0131, \u201cOkuyan bir toplum i\u00e7in\u201d her zaman a\u00e7\u0131k\u2026<\/p>\n<p>Kaynak:\u00a0<strong><\/strong> <a href=\"http:\/\/www.gungorenbilgievleri.com\/\" target=\"_blank\">http:\/\/www.gungorenbilgievleri.com\u00a0<\/a><\/p>\n","protected":false},"excerpt":{"rendered":"<p>Bilgi Evi ailesi olarak bir K\u00fct\u00fcphane Haftas\u0131n\u0131 daha geride b\u0131rakt\u0131k ama akl\u0131m\u0131z fikrimiz yollarda kald\u0131. Neden mi? \u00c7\u00fcnk\u00fc bizler bu \u00f6nemli haftay\u0131 \u00e7ok farkl\u0131 bir \u015feklide kutlad\u0131k. Daha d\u00fcn gibi hat\u0131r\u0131m\u0131zda: Ge\u00e7en y\u0131l yine bu vakitler, \u201ckitap\u201d deyip, ille de \u201cokumak\u201d deyip d\u00fc\u015fm\u00fc\u015ft\u00fck yollara\u2026 Bu y\u0131lda y\u00fcr\u00fcyelim dedik ama daha renkli, daha kapsaml\u0131 olsun istedik\u2026 [&hellip;]<\/p>\n","protected":false},"author":1,"featured_media":0,"comment_status":"open","ping_status":"open","sticky":false,"template":"","format":"standard","meta":{"footnotes":""},"categories":[1],"tags":[113],"class_list":["post-964","post","type-post","status-publish","format-standard","hentry","category-genel","tag-bilgi-evleri"],"_links":{"self":[{"href":"https:\/\/www.bbyhaber.com\/bby\/wp-json\/wp\/v2\/posts\/964"}],"collection":[{"href":"https:\/\/www.bbyhaber.com\/bby\/wp-json\/wp\/v2\/posts"}],"about":[{"href":"https:\/\/www.bbyhaber.com\/bby\/wp-json\/wp\/v2\/types\/post"}],"author":[{"embeddable":true,"href":"https:\/\/www.bbyhaber.com\/bby\/wp-json\/wp\/v2\/users\/1"}],"replies":[{"embeddable":true,"href":"https:\/\/www.bbyhaber.com\/bby\/wp-json\/wp\/v2\/comments?post=964"}],"version-history":[{"count":0,"href":"https:\/\/www.bbyhaber.com\/bby\/wp-json\/wp\/v2\/posts\/964\/revisions"}],"wp:attachment":[{"href":"https:\/\/www.bbyhaber.com\/bby\/wp-json\/wp\/v2\/media?parent=964"}],"wp:term":[{"taxonomy":"category","embeddable":true,"href":"https:\/\/www.bbyhaber.com\/bby\/wp-json\/wp\/v2\/categories?post=964"},{"taxonomy":"post_tag","embeddable":true,"href":"https:\/\/www.bbyhaber.com\/bby\/wp-json\/wp\/v2\/tags?post=964"}],"curies":[{"name":"wp","href":"https:\/\/api.w.org\/{rel}","templated":true}]}}