{"id":9601,"date":"2013-02-17T22:43:19","date_gmt":"2013-02-17T20:43:19","guid":{"rendered":"http:\/\/www.bbyhaber.com\/bby\/?p=9601"},"modified":"2013-02-17T22:43:36","modified_gmt":"2013-02-17T20:43:36","slug":"dogan-hizlan-kutuphanesi-1-yasini-kutladi-antalya","status":"publish","type":"post","link":"https:\/\/www.bbyhaber.com\/bby\/2013\/02\/17\/dogan-hizlan-kutuphanesi-1-yasini-kutladi-antalya","title":{"rendered":"Do\u011fan H\u0131zlan K\u00fct\u00fcphanesi 1. ya\u015f\u0131n\u0131 kutlad\u0131-Antalya"},"content":{"rendered":"<p style=\"text-align: justify;\">B\u00fcy\u00fck\u015fehir Belediyesi\u2019nin ge\u00e7en y\u0131l hizmete a\u00e7t\u0131\u011f\u0131 Do\u011fan H\u0131zlan K\u00fct\u00fcphanesi 1 ya\u015f\u0131na bast\u0131. K\u00fct\u00fcphanenin birinci y\u0131ld\u00f6n\u00fcm\u00fc Do\u011fan H\u0131zlan\u2019\u0131n kat\u0131l\u0131m\u0131yla pasta kesilerek kutland\u0131. Antalya B\u00fcy\u00fck\u015fehir Belediyesi K\u00fclt\u00fcr ve Sosyal \u0130\u015fler Dairesi Ba\u015fkanl\u0131\u011f\u0131\u2019n\u0131n ge\u00e7en y\u0131l Atat\u00fcrk K\u00fclt\u00fcr Park\u0131 i\u00e7erisinde hizmete a\u00e7t\u0131\u011f\u0131 Do\u011fan H\u0131zlan K\u00fct\u00fcphanesi 1 ya\u015f\u0131na girdi. 2 bin \u00fcye ve 30 bin kitap say\u0131s\u0131na ula\u015fan k\u00fct\u00fcphanenin birinci y\u0131l\u0131nda, bir dizi etkinlik d\u00fczenlendi. K\u00fct\u00fcphanenin en b\u00fcy\u00fck kitap ba\u011f\u0131\u015f\u00e7\u0131s\u0131 Do\u011fan H\u0131zlan\u2019\u0131n kat\u0131l\u0131m\u0131yla kutlama yap\u0131ld\u0131. <!--more--><\/p>\n<p style=\"text-align: justify;\">PASTA KES\u0130LD\u0130<\/p>\n<p style=\"text-align: justify;\">B\u00fcy\u00fck\u015fehir Belediyesi Ba\u015fkan Vekili Deniz Filiz, B\u00fcy\u00fck\u015fehir Belediyesi K\u00fclt\u00fcr ve Sosyal \u0130\u015fler Dairesi Ba\u015fkan\u0131 Adem Aky\u00fcrek, Do\u011fan H\u0131zlan ve k\u00fct\u00fcphane \u00e7al\u0131\u015fanlar\u0131 pasta kesti. Do\u011fan H\u0131zlan, k\u00fct\u00fcphanenin birinci y\u0131l\u0131 nedeniyle b\u00f6yle bir etkinlik d\u00fczenleyen B\u00fcy\u00fck\u015fehir Belediyesi\u2019ne te\u015fekk\u00fcr etti. H\u0131zlan, k\u00fct\u00fcphane de kitapseverler ile sohbet ederek, hat\u0131ra foto\u011fraf\u0131 \u00e7ektirdi.<\/p>\n<p style=\"text-align: justify;\">KONFERANS VERD\u0130<\/p>\n<p style=\"text-align: justify;\">Daha sonra Do\u011fan H\u0131zlan, Antalya K\u00fclt\u00fcr Merkezi (AKM) Perge Salonu\u2019nda \u201cK\u00fct\u00fcphanenin Benim Ya\u015fam\u0131mdaki \u00d6nemi\u201d konulu bir konferans verdi. Herkesin ya\u015fam\u0131nda k\u00fct\u00fcphanelerin ayr\u0131 bir yeri oldu\u011funu s\u00f6yleyen Do\u011fan H\u0131zlan, en \u00e7ok Beyaz\u0131t Devlet K\u00fct\u00fcphanesi\u2019ne gitti\u011fini, orada \u00e7al\u0131\u015fmaya ba\u015flad\u0131\u011f\u0131n\u0131 s\u00f6yledi.<\/p>\n<p style=\"text-align: justify;\">DEVLET K\u0130TAP ALMALI<\/p>\n<p style=\"text-align: justify;\">H\u0131zlan, konu\u015fmas\u0131n\u0131 \u015f\u00f6yle s\u00fcrd\u00fcrd\u00fc: \u201cT\u00fcrkiye\u2019de asl\u0131nda k\u00fct\u00fcphanelerin sorunlar\u0131 var. Her gitti\u011finiz k\u00fct\u00fcphanede istedi\u011finiz kitab\u0131 bulabiliyor musunuz? Birisi k\u00fct\u00fcphaneye kitap b\u0131rak\u0131rsa ya da ba\u011f\u0131\u015flarsa o kitaplar\u0131 bulabiliyorsunuz. Onun d\u0131\u015f\u0131nda devletin kitap toplama, k\u00fct\u00fcphaneye g\u00f6nderme i\u015flemi yok. Bunlar\u0131n yap\u0131lmas\u0131 i\u00e7in Milli K\u00fct\u00fcphane var. Milli K\u00fct\u00fcphane\u2019ye de ancak kitap g\u00f6nderirseniz, o kitap sizin yarar\u0131n\u0131za sunulabiliyor. Devletin belli bir miktar kitab\u0131 almas\u0131 gerekti\u011fi kanaatindeyim. O zaman g\u00fcvenceli olarak o kitaplar birikecek.\u201d<\/p>\n<p style=\"text-align: justify;\">\u0130MZALI K\u0130TAPLARIN \u00d6YK\u00dcS\u00dc VARDIR<\/p>\n<p style=\"text-align: justify;\">\u2018Hepimizin bir k\u00fct\u00fcphane yapma imkan\u0131 yok\u2019 diyen H\u0131zlan \u015funlar\u0131 s\u00f6yledi: \u201cNe yaz\u0131k ki, \u00e7ocuklu\u011fumda k\u00fct\u00fcphaneye gitmeseydim, belki bende kitap sevgisi bu kadar olmazd\u0131. Belki kitab\u0131n \u00e7a\u011f\u0131rd\u0131\u011f\u0131 bir mesle\u011fe g\u00f6n\u00fcl ve emek vermezdim. Kimsede olmayan kitab\u0131n sizde olmas\u0131ndan b\u00fcy\u00fck mutluluk duyars\u0131n\u0131z. O kitaba ba\u015fka t\u00fcrl\u00fc bakars\u0131n\u0131z. Her imzal\u0131 kitab\u0131n bir \u00f6yk\u00fcs\u00fc vard\u0131r. Ama ne yaz\u0131k ki aileler bu kitaplar\u0131 saklayam\u0131yor, yerleri yok.\u201d<\/p>\n<p style=\"text-align: justify;\">K\u0130TAP YASAKLAMALARI OLMASIN<\/p>\n<p style=\"text-align: justify;\">Do\u011fan H\u0131zlan konu\u015fmas\u0131n\u0131 \u015f\u00f6yle tamamlad\u0131: \u201cEn ho\u015fa giden \u015fey insan\u0131n k\u00fct\u00fcphanesinde zaman zaman gezinti yapmas\u0131d\u0131r. Kitap yasaklamalar\u0131n\u0131n olmamas\u0131n\u0131 diliyoruz. Kitap y\u00fcz\u00fcnden bir insan\u0131n \u00f6zg\u00fcrl\u00fc\u011f\u00fcn\u00fcn de yok edilmesini istemiyoruz.\u201d<\/p>\n<p style=\"text-align: justify;\">Kaynak: http:\/\/www.gercekgundem.com<\/p>\n","protected":false},"excerpt":{"rendered":"<p>B\u00fcy\u00fck\u015fehir Belediyesi\u2019nin ge\u00e7en y\u0131l hizmete a\u00e7t\u0131\u011f\u0131 Do\u011fan H\u0131zlan K\u00fct\u00fcphanesi 1 ya\u015f\u0131na bast\u0131. K\u00fct\u00fcphanenin birinci y\u0131ld\u00f6n\u00fcm\u00fc Do\u011fan H\u0131zlan\u2019\u0131n kat\u0131l\u0131m\u0131yla pasta kesilerek kutland\u0131. Antalya B\u00fcy\u00fck\u015fehir Belediyesi K\u00fclt\u00fcr ve Sosyal \u0130\u015fler Dairesi Ba\u015fkanl\u0131\u011f\u0131\u2019n\u0131n ge\u00e7en y\u0131l Atat\u00fcrk K\u00fclt\u00fcr Park\u0131 i\u00e7erisinde hizmete a\u00e7t\u0131\u011f\u0131 Do\u011fan H\u0131zlan K\u00fct\u00fcphanesi 1 ya\u015f\u0131na girdi. 2 bin \u00fcye ve 30 bin kitap say\u0131s\u0131na ula\u015fan k\u00fct\u00fcphanenin birinci [&hellip;]<\/p>\n","protected":false},"author":1,"featured_media":0,"comment_status":"open","ping_status":"open","sticky":false,"template":"","format":"standard","meta":{"footnotes":""},"categories":[1],"tags":[265],"class_list":["post-9601","post","type-post","status-publish","format-standard","hentry","category-genel","tag-dogan-hizlan-kutuphanesi"],"_links":{"self":[{"href":"https:\/\/www.bbyhaber.com\/bby\/wp-json\/wp\/v2\/posts\/9601"}],"collection":[{"href":"https:\/\/www.bbyhaber.com\/bby\/wp-json\/wp\/v2\/posts"}],"about":[{"href":"https:\/\/www.bbyhaber.com\/bby\/wp-json\/wp\/v2\/types\/post"}],"author":[{"embeddable":true,"href":"https:\/\/www.bbyhaber.com\/bby\/wp-json\/wp\/v2\/users\/1"}],"replies":[{"embeddable":true,"href":"https:\/\/www.bbyhaber.com\/bby\/wp-json\/wp\/v2\/comments?post=9601"}],"version-history":[{"count":0,"href":"https:\/\/www.bbyhaber.com\/bby\/wp-json\/wp\/v2\/posts\/9601\/revisions"}],"wp:attachment":[{"href":"https:\/\/www.bbyhaber.com\/bby\/wp-json\/wp\/v2\/media?parent=9601"}],"wp:term":[{"taxonomy":"category","embeddable":true,"href":"https:\/\/www.bbyhaber.com\/bby\/wp-json\/wp\/v2\/categories?post=9601"},{"taxonomy":"post_tag","embeddable":true,"href":"https:\/\/www.bbyhaber.com\/bby\/wp-json\/wp\/v2\/tags?post=9601"}],"curies":[{"name":"wp","href":"https:\/\/api.w.org\/{rel}","templated":true}]}}