{"id":9599,"date":"2013-02-15T18:03:36","date_gmt":"2013-02-15T16:03:36","guid":{"rendered":"http:\/\/www.bbyhaber.com\/bby\/?p=9599"},"modified":"2013-02-15T18:03:36","modified_gmt":"2013-02-15T16:03:36","slug":"turgutlu-ticaret-borsasinda-13-yilda-toplanan-kitaplarla-kutuphane-olusturuldu","status":"publish","type":"post","link":"https:\/\/www.bbyhaber.com\/bby\/2013\/02\/15\/turgutlu-ticaret-borsasinda-13-yilda-toplanan-kitaplarla-kutuphane-olusturuldu","title":{"rendered":"Turgutlu Ticaret Borsas\u0131nda 13 Y\u0131lda Toplanan Kitaplarla K\u00fct\u00fcphane Olu\u015fturuldu"},"content":{"rendered":"<p style=\"text-align: justify;\"><a href=\"http:\/\/yeniturgutlu.com\/wp-content\/uploads\/2013\/02\/y%C4%B1lmazorcann-199x300.jpg\"><img loading=\"lazy\" decoding=\"async\" class=\"alignleft\" src=\"http:\/\/yeniturgutlu.com\/wp-content\/uploads\/2013\/02\/y%C4%B1lmazorcann-199x300.jpg\" alt=\"\" width=\"254\" height=\"143\" \/><\/a>Manisa\u2019n\u0131n Turgutlu il\u00e7esinde 13 y\u0131ld\u0131r Ticaret Borsas\u0131 Ba\u015fkanl\u0131\u011f\u0131n\u0131 yapan Y\u0131lmaz Orcan, 13 y\u0131ld\u0131r toplad\u0131\u011f\u0131 kitaplarla Borsa\u2019ya T\u00fcrkiye\u2019nin tek Oda K\u00fct\u00fcphanesini olu\u015fturdu. Ba\u015fkan oldu\u011fu g\u00fcnden itibaren \u00f6zellikle ticari bilgileri ve T\u00fcrk tarihi bilgilerini i\u00e7eren kitaplar\u0131 toplayan ve Ticaret borsas\u0131nda b:unlar\u0131 biriktiren Y\u0131lmaz Orcan Borsas\u0131na bir K\u00fct\u00fcphane kazand\u0131rd\u0131.<!--more--><\/p>\n<p style=\"text-align: justify;\">Ba\u015fkan Y\u0131lmaz Orcan olu\u015fturdu\u011fu K\u00fct\u00fcphane ile ilgili yapt\u0131\u011f\u0131 a\u00e7\u0131klamada; \u201c13 y\u0131ld\u0131r odam\u0131za g\u00f6nderilen kitap dergi ve benim \u00f6zel olarak sat\u0131n ald\u0131\u011f\u0131m yakla\u015f\u0131k 2500 adet ile T\u00fcrkiye\u2019de bir ilki ger\u00e7ekle\u015ftirerek odam\u0131z b\u00fcnyesinde K\u00fct\u00fcphane olu\u015fturman\u0131n mutlulu\u011funu ya\u015f\u0131yorum. Bu k\u00fct\u00fcphanemizde \u00f6zelikle ticari ve tarih kitaplar bulunmaktad\u0131r. Yararlanmak isteyen herkese a\u00e7\u0131kt\u0131r. K\u00fct\u00fcphanemizden \u00fcyelerimize kitap okuma al\u0131\u015fkanl\u0131klar\u0131n\u0131 artt\u0131rmak i\u00e7in \u00e7al\u0131\u015fmalar yapmaktay\u0131z. B\u00fct\u00fcn kitaplar\u0131m\u0131z kay\u0131t alt\u0131na al\u0131narak K\u00fct\u00fcphanemiz envanterine ge\u00e7irilmi\u015ftir\u201d dedi. Orcan ayr\u0131ca bundan sonraki y\u0131llarda K\u00fct\u00fcphanede kitap say\u0131s\u0131n\u0131n artt\u0131r\u0131lmas\u0131 i\u00e7in \u00e7al\u0131\u015fmalar\u0131n\u0131 s\u00fcrd\u00fcreceklerini s\u00f6yledi.<\/p>\n<p>Kaynak: http:\/\/yeniturgutlu.com\/<\/p>\n","protected":false},"excerpt":{"rendered":"<p>Manisa\u2019n\u0131n Turgutlu il\u00e7esinde 13 y\u0131ld\u0131r Ticaret Borsas\u0131 Ba\u015fkanl\u0131\u011f\u0131n\u0131 yapan Y\u0131lmaz Orcan, 13 y\u0131ld\u0131r toplad\u0131\u011f\u0131 kitaplarla Borsa\u2019ya T\u00fcrkiye\u2019nin tek Oda K\u00fct\u00fcphanesini olu\u015fturdu. Ba\u015fkan oldu\u011fu g\u00fcnden itibaren \u00f6zellikle ticari bilgileri ve T\u00fcrk tarihi bilgilerini i\u00e7eren kitaplar\u0131 toplayan ve Ticaret borsas\u0131nda b:unlar\u0131 biriktiren Y\u0131lmaz Orcan Borsas\u0131na bir K\u00fct\u00fcphane kazand\u0131rd\u0131.<\/p>\n","protected":false},"author":1,"featured_media":0,"comment_status":"open","ping_status":"open","sticky":false,"template":"","format":"standard","meta":{"footnotes":""},"categories":[1],"tags":[],"class_list":["post-9599","post","type-post","status-publish","format-standard","hentry","category-genel"],"_links":{"self":[{"href":"https:\/\/www.bbyhaber.com\/bby\/wp-json\/wp\/v2\/posts\/9599"}],"collection":[{"href":"https:\/\/www.bbyhaber.com\/bby\/wp-json\/wp\/v2\/posts"}],"about":[{"href":"https:\/\/www.bbyhaber.com\/bby\/wp-json\/wp\/v2\/types\/post"}],"author":[{"embeddable":true,"href":"https:\/\/www.bbyhaber.com\/bby\/wp-json\/wp\/v2\/users\/1"}],"replies":[{"embeddable":true,"href":"https:\/\/www.bbyhaber.com\/bby\/wp-json\/wp\/v2\/comments?post=9599"}],"version-history":[{"count":0,"href":"https:\/\/www.bbyhaber.com\/bby\/wp-json\/wp\/v2\/posts\/9599\/revisions"}],"wp:attachment":[{"href":"https:\/\/www.bbyhaber.com\/bby\/wp-json\/wp\/v2\/media?parent=9599"}],"wp:term":[{"taxonomy":"category","embeddable":true,"href":"https:\/\/www.bbyhaber.com\/bby\/wp-json\/wp\/v2\/categories?post=9599"},{"taxonomy":"post_tag","embeddable":true,"href":"https:\/\/www.bbyhaber.com\/bby\/wp-json\/wp\/v2\/tags?post=9599"}],"curies":[{"name":"wp","href":"https:\/\/api.w.org\/{rel}","templated":true}]}}