{"id":9595,"date":"2013-02-15T18:00:44","date_gmt":"2013-02-15T16:00:44","guid":{"rendered":"http:\/\/www.bbyhaber.com\/bby\/?p=9595"},"modified":"2013-02-15T18:01:14","modified_gmt":"2013-02-15T16:01:14","slug":"istanbul-can-gencten-atkaracalara-kutuphane-cankiri","status":"publish","type":"post","link":"https:\/\/www.bbyhaber.com\/bby\/2013\/02\/15\/istanbul-can-gencten-atkaracalara-kutuphane-cankiri","title":{"rendered":"\u0130stanbul \u00c7an-Gen\u00e7\u2019ten Atkaracalar\u2019a K\u00fct\u00fcphane-\u00c7ank\u0131r\u0131"},"content":{"rendered":"<p style=\"text-align: justify;\">\u00c7ank\u0131r\u0131 Gen\u00e7lik Derne\u011fi taraf\u0131ndan Atkaracalar Cumhuriyet \u0130lkokulu ve Ortaokuluna k\u00fct\u00fcphane yap\u0131ld\u0131, Anas\u0131n\u0131f\u0131 \u00f6\u011frencilerine k\u0131rtasiye malzemesi ve oyuncaklar da\u011f\u0131t\u0131ld\u0131. K\u00fct\u00fcphane a\u00e7\u0131l\u0131\u015f\u0131na Vali Vahdettin \u00d6zcan, \u00c7ank\u0131r\u0131 Milletvekilleri H\u00fcseyin Filiz ve Av.\u0130dris \u015eahin, Atkaracalar Kaymakam\u0131 K\u00fcr\u015fad Karaca, Bayram\u00f6ren Kaymakam\u0131 Ayhan Terzi, \u0130l \u00d6zel \u0130daresi Genel Sekreteri Hasan Y\u0131ld\u0131z, \u0130l K\u00fclt\u00fcr ve Turizm M\u00fcd\u00fcr\u00fc M.Kemal Karatatar, Atkaracalar Belediye Ba\u015fkan\u0131 R\u0131fat Alt\u0131ntop, \u0130stanbul \u00c7ank\u0131r\u0131 Gen\u00e7lik Derne\u011fi gen\u00e7leri ve \u00e7ok say\u0131da Atkaracalarl\u0131 vatanda\u015flar kat\u0131ld\u0131.<!--more--><\/p>\n<p style=\"text-align: justify;\">K\u00fct\u00fcphane a\u00e7\u0131l\u0131\u015f\u0131nda a\u00e7\u0131l\u0131\u015f konu\u015fmas\u0131n\u0131 yapan \u0130stanbul \u00c7an-Gen\u00e7 Derne\u011fi Ba\u015fkan\u0131 Ercan G\u00fclmez, \u201c\u0130stanbul\u2019da ki \u00c7ank\u0131r\u0131l\u0131lar\u0131 toplamak i\u00e7in sosyal, k\u00fclt\u00fcrel ve sportif aktivite \u00e7al\u0131\u015fmalar\u0131yla bir araya gelmeye \u00e7al\u0131\u015f\u0131yoruz. Yard\u0131m kampanyalar\u0131m\u0131zdan 4.s\u00fcn\u00fc ger\u00e7ekle\u015ftiriyoruz 2 sene Ilgaz, 1 sene \u00c7erke\u015f, 1 sene Kur\u015funlu ve \u015fimdide Atkaracalar\u2019da olmaz \u00fczere siz b\u00fcy\u00fcklerimizin destekleriyle bu yard\u0131m kampanyalar\u0131m\u0131z\u0131n devam\u0131n\u0131 sa\u011flayaca\u011f\u0131z\u201d dedi.<\/p>\n<p style=\"text-align: justify;\">Y\u00f6netim Kurulu \u00dcyesi Ali Karaabal\u0131 ise, \u201cG\u00fczel bir g\u00fcn\u00fc kutluyoruz. 2008 y\u0131l\u0131nda 18 ki\u015fi olarak yola \u00e7\u0131kt\u0131k \u015fimdi 200 ki\u015fiyiz. Arkada\u015flar\u0131m\u0131zla beraber geceli g\u00fcnd\u00fczl\u00fc bu kampanyaya yo\u011funla\u015ft\u0131k. Atkaracalar\u2019a 2500 kitap, 1 profesyonel fotokopi makinesi, 1 laptop, 1 yaz\u0131c\u0131, masa, sandalye ve bir\u00e7ok ara\u00e7 gere\u00e7, anaokuluna k\u0131rtasiye malzemeleri getirdik. Bize yard\u0131mc\u0131 olan t\u00fcm hem\u015ferilerimize te\u015fekk\u00fcr ederiz. Kampanyan\u0131n devam etmesini diliyoruz. \u00d6n\u00fcm\u00fczdeki y\u0131l hedefimiz Karatekin \u00dcniversitesi\u201d dedi.<\/p>\n<p style=\"text-align: justify;\">K\u00fcrs\u00fcye gelen Atkaracalar Belediye Ba\u015fkan\u0131 R\u0131fat Alt\u0131ntop, \u201c \u0130stanbul \u00c7ank\u0131r\u0131 Gen\u00e7lik Derne\u011fi okulumuzun ihtiyac\u0131 olan k\u00fct\u00fcphaneyi bize kazand\u0131rd\u0131lar. Gen\u00e7lerimize te\u015fekk\u00fcr ediyor ve ba\u015far\u0131lar\u0131n\u0131n devam\u0131n\u0131 diliyorum. Kendilerine bir dahaki kampanyalarda her t\u00fcrl\u00fc deste\u011fi verece\u011fimize s\u00f6z veriyorum\u201d dedi.<\/p>\n<p style=\"text-align: justify;\">Ard\u0131ndan k\u00fcrs\u00fcye gelen Atkaracalar Kaymakam\u0131 K\u00fcr\u015fat Karaca, \u201cCumhuriyet \u0130lk ve Ortaokulu 3 k\u00f6yden ta\u015f\u0131mal\u0131 e\u011fitim olmak \u00fczere 228 \u00f6\u011frenci, 10 derslik, 15 \u00f6\u011fretmenle hizmet vermektedir. Okul \u0130daresi ve Halke\u011fitim\u2019in yerel imkanlar \u00f6l\u00e7\u00fcs\u00fcnde kurdu\u011fu k\u00fct\u00fcphaneye Gen\u00e7lerin vermi\u015f oldu\u011fu katk\u0131lardan dolay\u0131 huzurlar\u0131n\u0131zda te\u015fekk\u00fcr ediyorum\u201d dedi.<\/p>\n<p style=\"text-align: justify;\">Milletvekili H\u00fcseyin Filiz, \u201c\u0130lme katk\u0131 sa\u011flayacak bir k\u00fct\u00fcphanenin temeli at\u0131l\u0131yor. Demek ki burada b\u00f6yle bir eksiklik vard\u0131. \u0130stanbul\u2019daki gen\u00e7 karde\u015flerimiz bu eksikli\u011fi fark etti ve bunu tamamlad\u0131lar. En b\u00fcy\u00fck ihtiya\u00e7 ilimdir. Okumak inanc\u0131m\u0131zda en \u00f6nemli \u00f6\u011fedir. Okudu\u011funu ya\u015fam bi\u00e7imi olarak s\u00fcrd\u00fcrmek insan\u0131 onurland\u0131r\u0131p, ki\u015filik veren en \u00f6nemli nesnelerdendir. Bug\u00fcn ki k\u00fct\u00fcphaneye katk\u0131 sa\u011flayan ve gelece\u011fimiz \u00e7ocuklar\u0131 ve onlar\u0131 ayd\u0131nlatacak bu kitaplar\u0131 buraya getiren gen\u00e7 karde\u015flerimize te\u015fekk\u00fcr ediyorum\u201d dedi. Milletvekili \u0130dris \u015eahin, Mamak Belediye Meclis \u00dcyesiyle birlikte geldi\u011fini belirterek \u201cE\u011fitim ad\u0131na atm\u0131\u015f oldu\u011funuz bu k\u00fc\u00e7\u00fck ad\u0131mlar\u0131n bizdeki ve \u00c7ank\u0131r\u0131\u2019daki kar\u015f\u0131l\u0131\u011f\u0131 \u00e7ok \u00e7ok b\u00fcy\u00fck, bu ad\u0131mlarla in\u015fallah \u00e7ok farkl\u0131 i\u015fler ger\u00e7ekle\u015ftirece\u011fiz\u201d dedi.<\/p>\n<p style=\"text-align: justify;\">K\u00fcrs\u00fcye gelen Vali Vahdettin \u00d6zcan, \u201cSay\u0131n Milletvekillerimizin de gayretiyle \u00c7ank\u0131r\u0131\u2019da son 2 y\u0131ld\u0131r \u00f6nemli \u015feyler oluyor\u201d dedikten sonra \u00c7ank\u0131r\u0131\u2019da e\u011fitim ve gen\u00e7lik alan\u0131nda yap\u0131lan projelerden bahsetti. Gen\u00e7lik Merkezi yap\u0131ld\u0131\u011f\u0131n\u0131, Atat\u00fcrk Stad\u0131\u2019n\u0131n yenilenece\u011fini ve yeni bir spor salonu yap\u0131laca\u011f\u0131n\u0131 s\u00f6yledi. Hay\u0131rsever katk\u0131s\u0131, \u0130l \u00d6zel \u0130daresi ve Milli E\u011fitim Bakanl\u0131\u011f\u0131 taraf\u0131ndan da \u00f6nemli e\u011fitim yat\u0131r\u0131mlar\u0131 yap\u0131ld\u0131\u011f\u0131n\u0131 belirten Vali \u00d6zcan, \u201cYap\u0131lan i\u015fler b\u00fcy\u00fck i\u015fler. 2013 global olarak harcamalar 43 milyon lira, bu \u00c7ank\u0131r\u0131 i\u00e7in rekor bir rakam. Yat\u0131r\u0131mlar\u0131m\u0131z devam edecek\u201d dedi. K\u00fct\u00fcphanenin olu\u015fmas\u0131nda eme\u011fi ge\u00e7en \u00c7ank\u0131r\u0131 Gen\u00e7lik Derne\u011fine te\u015fekk\u00fcr etti.<\/p>\n<p style=\"text-align: justify;\">\u00c7ank\u0131r\u0131 Gen\u00e7lik Derne\u011fi Ba\u015fkan\u0131\u2019na katk\u0131lar\u0131 nedeniyle plaket takdim edildi ve al\u0131nan malzemeler K\u00fct\u00fcphaneye teslim edildi.<\/p>\n<p style=\"text-align: justify;\">Vali Vahdettin \u00d6zcan, Milletvekili H\u00fcseyin Filiz, \u0130dris \u015eahin, Atkaracalar Kaymakam\u0131 K\u00fcr\u015fat Karaca, Bayram\u00f6ren Kaymakam\u0131 Ayhan Terzi, Atkaracalar Belediye Ba\u015fkan\u0131 R\u0131fat Alt\u0131ntop taraf\u0131ndan k\u00fct\u00fcphane a\u00e7\u0131l\u0131\u015f\u0131 yap\u0131ld\u0131.<\/p>\n<p style=\"text-align: justify;\">Valili\u011fimiz taraf\u0131ndan getirilen kitaplar ile \u00c7an-Gen\u00e7 taraf\u0131ndan al\u0131nan kitaplar k\u00fct\u00fcphanenin raflar\u0131na Vali \u00d6zcan ve beraberindekiler taraf\u0131ndan yerle\u015ftirildi. Milletvekili \u0130dris \u015eahin, k\u00fct\u00fcphaneye 100 adet kitap g\u00f6nderece\u011fini s\u00f6yledi.<\/p>\n<p style=\"text-align: justify;\">Daha sonra Anas\u0131n\u0131f\u0131 \u00f6\u011frencilerine getirilen hediyeler da\u011f\u0131t\u0131larak t\u00f6ren sona erdi.<\/p>\n<p style=\"text-align: justify;\">Kaynak: http:\/\/www.cankiri.gov.tr<\/p>\n<p style=\"text-align: justify;\"><a href=\"http:\/\/www.cankiri.gov.tr\/img\/post_picture\/00009145_m.jpg\"><img loading=\"lazy\" decoding=\"async\" class=\"alignleft\" src=\"http:\/\/www.cankiri.gov.tr\/img\/post_picture\/00009145_m.jpg\" alt=\"\" width=\"150\" height=\"150\" \/><\/a><\/p>\n","protected":false},"excerpt":{"rendered":"<p>\u00c7ank\u0131r\u0131 Gen\u00e7lik Derne\u011fi taraf\u0131ndan Atkaracalar Cumhuriyet \u0130lkokulu ve Ortaokuluna k\u00fct\u00fcphane yap\u0131ld\u0131, Anas\u0131n\u0131f\u0131 \u00f6\u011frencilerine k\u0131rtasiye malzemesi ve oyuncaklar da\u011f\u0131t\u0131ld\u0131. K\u00fct\u00fcphane a\u00e7\u0131l\u0131\u015f\u0131na Vali Vahdettin \u00d6zcan, \u00c7ank\u0131r\u0131 Milletvekilleri H\u00fcseyin Filiz ve Av.\u0130dris \u015eahin, Atkaracalar Kaymakam\u0131 K\u00fcr\u015fad Karaca, Bayram\u00f6ren Kaymakam\u0131 Ayhan Terzi, \u0130l \u00d6zel \u0130daresi Genel Sekreteri Hasan Y\u0131ld\u0131z, \u0130l K\u00fclt\u00fcr ve Turizm M\u00fcd\u00fcr\u00fc M.Kemal Karatatar, Atkaracalar Belediye Ba\u015fkan\u0131 [&hellip;]<\/p>\n","protected":false},"author":1,"featured_media":0,"comment_status":"open","ping_status":"open","sticky":false,"template":"","format":"standard","meta":{"footnotes":""},"categories":[1],"tags":[845],"class_list":["post-9595","post","type-post","status-publish","format-standard","hentry","category-genel","tag-okul-kutuphaneleri"],"_links":{"self":[{"href":"https:\/\/www.bbyhaber.com\/bby\/wp-json\/wp\/v2\/posts\/9595"}],"collection":[{"href":"https:\/\/www.bbyhaber.com\/bby\/wp-json\/wp\/v2\/posts"}],"about":[{"href":"https:\/\/www.bbyhaber.com\/bby\/wp-json\/wp\/v2\/types\/post"}],"author":[{"embeddable":true,"href":"https:\/\/www.bbyhaber.com\/bby\/wp-json\/wp\/v2\/users\/1"}],"replies":[{"embeddable":true,"href":"https:\/\/www.bbyhaber.com\/bby\/wp-json\/wp\/v2\/comments?post=9595"}],"version-history":[{"count":0,"href":"https:\/\/www.bbyhaber.com\/bby\/wp-json\/wp\/v2\/posts\/9595\/revisions"}],"wp:attachment":[{"href":"https:\/\/www.bbyhaber.com\/bby\/wp-json\/wp\/v2\/media?parent=9595"}],"wp:term":[{"taxonomy":"category","embeddable":true,"href":"https:\/\/www.bbyhaber.com\/bby\/wp-json\/wp\/v2\/categories?post=9595"},{"taxonomy":"post_tag","embeddable":true,"href":"https:\/\/www.bbyhaber.com\/bby\/wp-json\/wp\/v2\/tags?post=9595"}],"curies":[{"name":"wp","href":"https:\/\/api.w.org\/{rel}","templated":true}]}}