{"id":959,"date":"2011-04-08T21:46:18","date_gmt":"2011-04-08T19:46:18","guid":{"rendered":"http:\/\/www.bbyhaber.com\/bby\/?p=959"},"modified":"2013-02-07T13:15:56","modified_gmt":"2013-02-07T11:15:56","slug":"ogrenciler-vatandasi-kitap-okumaya-davet-etti","status":"publish","type":"post","link":"https:\/\/www.bbyhaber.com\/bby\/2011\/04\/08\/ogrenciler-vatandasi-kitap-okumaya-davet-etti","title":{"rendered":"\u00d6\u011frenciler Vatanda\u015f\u0131 Kitap Okumaya Davet Etti"},"content":{"rendered":"<p style=\"text-align: justify;\" align=\"justify\">K\u00fct\u00fcphane Haftas\u0131 sebebiyle, Sultan Murat Fen ve Anadolu Lisesi \u00f6\u011frencileri, kent meydan\u0131nda kitap okudu ve kurduklar\u0131 standlarla halka bro\u015f\u00fcr da\u011f\u0131tt\u0131. Kent meydan\u0131nda stand a\u00e7arak vatanda\u015f\u0131 kitap okumaya davet eden \u00f6\u011frenciler haz\u0131rlad\u0131klar\u0131 bro\u015f\u00fcrleri da\u011f\u0131tt\u0131. <!--more-->Gen\u00e7lerin bu giri\u015fimcili\u011fi vatanda\u015f\u0131n ilgisini g\u00f6r\u00fcrken \u00f6\u011frenciler da\u011f\u0131tt\u0131klar\u0131 bro\u015f\u00fcrlerde, gen\u00e7lerin y\u00fczde 61&#8217;inin hi\u00e7 kitap okumad\u0131\u011f\u0131na dikkat \u00e7ekti. \u00d6\u011frenciler ayr\u0131ca, T\u00fcrkiye&#8217;de n\u00fcfusa oranla 65 bin ki\u015fiye bir k\u00fct\u00fcphane d\u00fc\u015ft\u00fc\u011f\u00fcn\u00fc dile getirdi. A\u00e7\u0131k havada kitap okuyan \u00f6\u011frencilere vatanda\u015flar da e\u015flik etti. <strong><\/strong><\/p>\n<p style=\"text-align: justify;\">Kaynak: http:\/\/www.nevsehirmedya.com\/<\/p>\n","protected":false},"excerpt":{"rendered":"<p>K\u00fct\u00fcphane Haftas\u0131 sebebiyle, Sultan Murat Fen ve Anadolu Lisesi \u00f6\u011frencileri, kent meydan\u0131nda kitap okudu ve kurduklar\u0131 standlarla halka bro\u015f\u00fcr da\u011f\u0131tt\u0131. Kent meydan\u0131nda stand a\u00e7arak vatanda\u015f\u0131 kitap okumaya davet eden \u00f6\u011frenciler haz\u0131rlad\u0131klar\u0131 bro\u015f\u00fcrleri da\u011f\u0131tt\u0131.<\/p>\n","protected":false},"author":1,"featured_media":0,"comment_status":"open","ping_status":"open","sticky":false,"template":"","format":"standard","meta":{"footnotes":""},"categories":[1519,1496],"tags":[1461],"class_list":["post-959","post","type-post","status-publish","format-standard","hentry","category-47-kutuphane-haftasi","category-kitap-okuma-etkinligi","tag-kutuphane-haftasi"],"_links":{"self":[{"href":"https:\/\/www.bbyhaber.com\/bby\/wp-json\/wp\/v2\/posts\/959"}],"collection":[{"href":"https:\/\/www.bbyhaber.com\/bby\/wp-json\/wp\/v2\/posts"}],"about":[{"href":"https:\/\/www.bbyhaber.com\/bby\/wp-json\/wp\/v2\/types\/post"}],"author":[{"embeddable":true,"href":"https:\/\/www.bbyhaber.com\/bby\/wp-json\/wp\/v2\/users\/1"}],"replies":[{"embeddable":true,"href":"https:\/\/www.bbyhaber.com\/bby\/wp-json\/wp\/v2\/comments?post=959"}],"version-history":[{"count":0,"href":"https:\/\/www.bbyhaber.com\/bby\/wp-json\/wp\/v2\/posts\/959\/revisions"}],"wp:attachment":[{"href":"https:\/\/www.bbyhaber.com\/bby\/wp-json\/wp\/v2\/media?parent=959"}],"wp:term":[{"taxonomy":"category","embeddable":true,"href":"https:\/\/www.bbyhaber.com\/bby\/wp-json\/wp\/v2\/categories?post=959"},{"taxonomy":"post_tag","embeddable":true,"href":"https:\/\/www.bbyhaber.com\/bby\/wp-json\/wp\/v2\/tags?post=959"}],"curies":[{"name":"wp","href":"https:\/\/api.w.org\/{rel}","templated":true}]}}