{"id":9576,"date":"2013-02-14T16:19:04","date_gmt":"2013-02-14T14:19:04","guid":{"rendered":"http:\/\/www.bbyhaber.com\/bby\/?p=9576"},"modified":"2013-02-14T16:38:08","modified_gmt":"2013-02-14T14:38:08","slug":"okumaya-engel-yok-projesi","status":"publish","type":"post","link":"https:\/\/www.bbyhaber.com\/bby\/2013\/02\/14\/okumaya-engel-yok-projesi","title":{"rendered":"Okumaya Engel Yok Projesi"},"content":{"rendered":"<p style=\"text-align: justify;\"><a href=\"http:\/\/www.terakki.org.tr\/galeri\/ilkokulDuyurular20122013\/OkumayaEngelYok_Resim.jpg\"><img loading=\"lazy\" decoding=\"async\" class=\"alignleft\" src=\"http:\/\/www.terakki.org.tr\/galeri\/ilkokulDuyurular20122013\/OkumayaEngelYok_Resim.jpg\" alt=\"\" width=\"195\" height=\"146\" \/><\/a>2. s\u0131n\u0131f \u00f6\u011frencilerimiz, Kad\u0131k\u00f6y Belediyesi G\u00f6rme Engelliler Sesli K\u00fct\u00fcphanesi\u2019nde ya\u015f\u0131tlar\u0131 i\u00e7in olu\u015fturulan sesli k\u00fct\u00fcphanenin olu\u015fumuna katk\u0131da bulunuyorlar. \u201cOkumaya Engel Yok\u201d adl\u0131 bu proje ile amac\u0131m\u0131z, \u00f6\u011frencilerimizin sosyal sorumluluk konusunda fark\u0131ndal\u0131klar\u0131n\u0131 artt\u0131rmak, aktif olarak toplumda g\u00f6n\u00fcll\u00fc \u00e7al\u0131\u015fmalar\u0131n\u0131 desteklemektir. <!--more-->Proje 2014 &#8211; 2015 y\u0131l\u0131nda tamamland\u0131\u011f\u0131nda, t\u00fcm \u00f6\u011frencilerimiz g\u00f6rme engelli ya\u015f\u0131tlar\u0131 i\u00e7in birer kitap okumu\u015f olacaklard\u0131r.<\/p>\n<p>G\u00f6n\u00fcll\u00fc okuyucu olan \u00f6\u011frencileri <a href=\"http:\/\/www.gormeengelliler.kadikoy.bel.tr\/altsayfa.aspx?id=2056\" target=\"_blank\">buraya t\u0131klayarak<\/a> g\u00f6rebilirsiniz<\/p>\n<p>Kaynak: http:\/\/www.terakki.org.tr\/<\/p>\n","protected":false},"excerpt":{"rendered":"<p>2. s\u0131n\u0131f \u00f6\u011frencilerimiz, Kad\u0131k\u00f6y Belediyesi G\u00f6rme Engelliler Sesli K\u00fct\u00fcphanesi\u2019nde ya\u015f\u0131tlar\u0131 i\u00e7in olu\u015fturulan sesli k\u00fct\u00fcphanenin olu\u015fumuna katk\u0131da bulunuyorlar. \u201cOkumaya Engel Yok\u201d adl\u0131 bu proje ile amac\u0131m\u0131z, \u00f6\u011frencilerimizin sosyal sorumluluk konusunda fark\u0131ndal\u0131klar\u0131n\u0131 artt\u0131rmak, aktif olarak toplumda g\u00f6n\u00fcll\u00fc \u00e7al\u0131\u015fmalar\u0131n\u0131 desteklemektir.<\/p>\n","protected":false},"author":1,"featured_media":0,"comment_status":"open","ping_status":"open","sticky":false,"template":"","format":"standard","meta":{"footnotes":""},"categories":[1484,1485,1,1487],"tags":[],"class_list":["post-9576","post","type-post","status-publish","format-standard","hentry","category-engelliler-icin-bilgi-merkezleri","category-engelliler-icin-kutuphane","category-genel","category-gorme-engelli-kutuphane"],"_links":{"self":[{"href":"https:\/\/www.bbyhaber.com\/bby\/wp-json\/wp\/v2\/posts\/9576"}],"collection":[{"href":"https:\/\/www.bbyhaber.com\/bby\/wp-json\/wp\/v2\/posts"}],"about":[{"href":"https:\/\/www.bbyhaber.com\/bby\/wp-json\/wp\/v2\/types\/post"}],"author":[{"embeddable":true,"href":"https:\/\/www.bbyhaber.com\/bby\/wp-json\/wp\/v2\/users\/1"}],"replies":[{"embeddable":true,"href":"https:\/\/www.bbyhaber.com\/bby\/wp-json\/wp\/v2\/comments?post=9576"}],"version-history":[{"count":0,"href":"https:\/\/www.bbyhaber.com\/bby\/wp-json\/wp\/v2\/posts\/9576\/revisions"}],"wp:attachment":[{"href":"https:\/\/www.bbyhaber.com\/bby\/wp-json\/wp\/v2\/media?parent=9576"}],"wp:term":[{"taxonomy":"category","embeddable":true,"href":"https:\/\/www.bbyhaber.com\/bby\/wp-json\/wp\/v2\/categories?post=9576"},{"taxonomy":"post_tag","embeddable":true,"href":"https:\/\/www.bbyhaber.com\/bby\/wp-json\/wp\/v2\/tags?post=9576"}],"curies":[{"name":"wp","href":"https:\/\/api.w.org\/{rel}","templated":true}]}}