{"id":957,"date":"2011-04-11T21:44:42","date_gmt":"2011-04-11T19:44:42","guid":{"rendered":"http:\/\/www.bbyhaber.com\/bby\/?p=957"},"modified":"2014-12-18T09:47:33","modified_gmt":"2014-12-18T07:47:33","slug":"istanbul-taksim-metrosunda-toplu-okuma-etkinligi","status":"publish","type":"post","link":"https:\/\/www.bbyhaber.com\/bby\/2011\/04\/11\/istanbul-taksim-metrosunda-toplu-okuma-etkinligi","title":{"rendered":"\u0130stanbul Taksim Metrosu&#8217;nda toplu okuma etkinli\u011fi"},"content":{"rendered":"<p style=\"text-align: justify;\" align=\"justify\">\u00d6\u011frenciler Taksim Metro&#8217;sunda Kitap Okudu, Okudu\u011fu Kitaplar\u0131 Anadolu&#8217;da bir okula g\u00f6nderilmesi i\u00e7in Atat\u00fcrk Kitapl\u0131\u011f\u0131na Ba\u011f\u0131\u015flad\u0131&#8230;K\u00fclt\u00fcr2000 Koleji, Okul K\u00fct\u00fcphanecileri Derne\u011fi ve K\u00fclt\u00fcr Payla\u015f\u0131m Platformu i\u015fbirli\u011fi ile organize edilen kitap okuma etkinli\u011fi ger\u00e7ekle\u015fti. K\u00fclt\u00fcr2000 Koleji \u00f6\u011frencileri, 47. K\u00fct\u00fcphane Haftas\u0131\u2019n\u0131 11 Nisan 2011 Pazartesi g\u00fcn\u00fc, saat 11.00\u2019de \u0130stanbul Taksim Metro\u2019sunda otuz dakika s\u00fcren bir toplu okuma etkinli\u011fiyle kutlad\u0131. K\u00fclt\u00fcr2000 \u0130lk\u00f6\u011fretim Koleji, Okul K\u00fct\u00fcphanecileri Derne\u011fi ve K\u00fclt\u00fcr Payla\u015f\u0131m Platformu\u2019nun i\u015fbirli\u011fiyle d\u00fczenlenen etkinlik,<!--more--> T\u00fcrkiye\u2019de okumama al\u0131\u015fkanl\u0131\u011f\u0131 sorununa dikkat \u00e7ekmek, \u201cNi\u00e7in okumuyoruz?\u201d \u201cOkuyan bir toplum idealine nas\u0131l ula\u015fabiliriz?\u201d sorular\u0131na verilebilecek yan\u0131tlar konusunda insanlar\u0131m\u0131z\u0131 d\u00fc\u015f\u00fcnd\u00fcrerek herkesi okumaya \u00f6zendirmeyi ama\u00e7l\u0131yor.<\/p>\n<p style=\"text-align: justify;\" align=\"justify\">K\u00fclt\u00fcr 2000 Koleji \u00f6\u011frencileri, 28 Mart 2011 tarihinde a\u00e7\u0131lan ve 13 Nisan\u2019a kadar \u0130stanbul Taksim Metrosu\u2019nun duvarlar\u0131n\u0131 s\u00fcsleyecek olan Okuma Sa\u011fanaklar\u0131 Foto\u011fraf Sergisi\u2019ni ziyaret etti. \u00d6\u011frenciler, sergi ziyareti sonras\u0131nda Okuma Sa\u011fanaklar\u0131 Foto\u011fraf Sergsinin hemen alt\u0131na oturarak metro yolcular\u0131n\u0131n merakl\u0131 bak\u0131\u015flar\u0131 ve ilgisi ile 30 dakika kitap okudu. \u00d6\u011frencilerden \u00f6nemli bir sosyal sorumluluk; etkinlikte okuduklar\u0131 kitaplar\u0131 Anadolu\u2019ya, ihtiyac\u0131 olan bir okula g\u00f6nderilmek \u00fczere Atat\u00fcrk Kitapl\u0131\u011f\u0131na ba\u011f\u0131\u015flad\u0131. Okuma etkinli\u011fi sonras\u0131nda K\u00fclt\u00fcr2000 Koleji \u00f6\u011frencileri Taksim\u2019de bulunan Atat\u00fcrk Kitapl\u0131\u011f\u0131\u2019n\u0131 ziyaret etti. \u00d6\u011frenciler topluca k\u00fct\u00fcphaneyi gezerek k\u00fct\u00fcphane hakk\u0131nda bilgiler edindi. Har\u00e7l\u0131klar\u0131ndan artt\u0131rarak sat\u0131n ald\u0131klar\u0131 kitaplar\u0131 Anadolu\u2019ya, ihtiyac\u0131 olan bir okula g\u00f6nderilmek \u00fczere Atat\u00fcrk Kitapl\u0131\u011f\u0131\u2019na ba\u011f\u0131\u015fland\u0131.<\/p>\n<p style=\"text-align: justify;\" align=\"justify\">K\u00fclt\u00fcr2000 Koleji \u00f6\u011frencileri, 47. K\u00fct\u00fcphane Haftas\u0131\u2019n\u0131 11 Nisan 2011 Pazartesi g\u00fcn\u00fc, saat 11.00\u2019de \u0130stanbul Taksim Metro\u2019sunda otuz dakika s\u00fcrecek bir toplu okuma etkinli\u011fiyle kutlayacak. K\u00fclt\u00fcr2000 \u0130lk\u00f6\u011fretim Koleji, Okul K\u00fct\u00fcphanecileri Derne\u011fi ve K\u00fclt\u00fcr Payla\u015f\u0131m Platformu\u2019nun i\u015fbirli\u011fiyle d\u00fczenlenen etkinlik, T\u00fcrkiye\u2019de okumama al\u0131\u015fkanl\u0131\u011f\u0131 sorununa dikkat \u00e7ekmek, \u201cNi\u00e7in okumuyoruz?\u201d \u201cOkuyan bir toplum idealine nas\u0131l ula\u015fabiliriz?\u201d sorular\u0131na verilebilecek yan\u0131tlar konusunda insanlar\u0131m\u0131z\u0131 d\u00fc\u015f\u00fcnd\u00fcrerek herkesi okumaya \u00f6zendirme amac\u0131n\u0131 ta\u015f\u0131yor.<\/p>\n<p style=\"text-align: justify;\" align=\"justify\">K\u00fclt\u00fcr 2000 Koleji \u00f6\u011frencileri, 28 Mart 2011 tarihinde a\u00e7\u0131lan ve 13 Nisan\u2019a kadar \u0130stanbul Taksim Metrosu\u2019nun duvarlar\u0131n\u0131 s\u00fcsleyecek olan Okuma Sa\u011fanaklar\u0131 Foto\u011fraf Sergisi\u2019ni ziyaret edecek. \u00d6\u011frenciler, Sergi ziyareti sonras\u0131nda Okuma Sa\u011fanaklar\u0131 Foto\u011fraf Sergisi\u2019nin hemen alt\u0131na oturarak 30 dakika kitap okuyacak.\u00d6\u011frenciler etkinlikte okuduklar\u0131 kitaplar\u0131 Anadolu\u2019ya, ihtiyac\u0131 olan bir okula g\u00f6nderilmek \u00fczere Atat\u00fcrk Kitapl\u0131\u011f\u0131na ba\u011f\u0131\u015flayarak Sosyal Sorumluluklar\u0131n\u0131 yerine getirecek.Okuma etkinli\u011fi sonras\u0131nda K\u00fclt\u00fcr2000 Koleji \u00f6\u011frencileri Taksim\u2019de bulunan Atat\u00fcrk Kitapl\u0131\u011f\u0131\u2019n\u0131 ziyaret edip, har\u00e7l\u0131klar\u0131ndan artt\u0131rarak sat\u0131n ald\u0131klar\u0131 kitaplar\u0131 Anadolu\u2019ya, ihtiyac\u0131 olan bir okula g\u00f6nderilmek \u00fczere Atat\u00fcrk Kitapl\u0131\u011f\u0131\u2019na ba\u011f\u0131\u015flayarak okuma k\u00fclt\u00fcr\u00fcn\u00fc geli\u015ftirmesi ve okuma al\u0131\u015fkanl\u0131\u011f\u0131 kazan\u0131lmas\u0131 konusunda toplumsal yarar sa\u011flayacaklar. Okuma al\u0131\u015fkanl\u0131\u011f\u0131 kazan\u0131lmas\u0131, okuma k\u00fclt\u00fcr\u00fcn\u00fcn geli\u015fmesini isteyen t\u00fcm kitap ve k\u00fct\u00fcphane dostlar\u0131n\u0131 birlikte kitap okumaya \u00e7a\u011f\u0131r\u0131yoruz..<strong><\/strong><\/p>\n<p style=\"text-align: justify;\">Kaynak: <a href=\"http:\/\/www.evetbenim.com\/\" target=\"_blank\">http:\/\/www.evetbenim.com<\/a><\/p>\n","protected":false},"excerpt":{"rendered":"<p>\u00d6\u011frenciler Taksim Metro&#8217;sunda Kitap Okudu, Okudu\u011fu Kitaplar\u0131 Anadolu&#8217;da bir okula g\u00f6nderilmesi i\u00e7in Atat\u00fcrk Kitapl\u0131\u011f\u0131na Ba\u011f\u0131\u015flad\u0131&#8230;K\u00fclt\u00fcr2000 Koleji, Okul K\u00fct\u00fcphanecileri Derne\u011fi ve K\u00fclt\u00fcr Payla\u015f\u0131m Platformu i\u015fbirli\u011fi ile organize edilen kitap okuma etkinli\u011fi ger\u00e7ekle\u015fti. K\u00fclt\u00fcr2000 Koleji \u00f6\u011frencileri, 47. K\u00fct\u00fcphane Haftas\u0131\u2019n\u0131 11 Nisan 2011 Pazartesi g\u00fcn\u00fc, saat 11.00\u2019de \u0130stanbul Taksim Metro\u2019sunda otuz dakika s\u00fcren bir toplu okuma etkinli\u011fiyle kutlad\u0131. [&hellip;]<\/p>\n","protected":false},"author":1,"featured_media":0,"comment_status":"open","ping_status":"open","sticky":false,"template":"","format":"standard","meta":{"footnotes":""},"categories":[1519,1,1496],"tags":[],"class_list":["post-957","post","type-post","status-publish","format-standard","hentry","category-47-kutuphane-haftasi","category-genel","category-kitap-okuma-etkinligi"],"_links":{"self":[{"href":"https:\/\/www.bbyhaber.com\/bby\/wp-json\/wp\/v2\/posts\/957"}],"collection":[{"href":"https:\/\/www.bbyhaber.com\/bby\/wp-json\/wp\/v2\/posts"}],"about":[{"href":"https:\/\/www.bbyhaber.com\/bby\/wp-json\/wp\/v2\/types\/post"}],"author":[{"embeddable":true,"href":"https:\/\/www.bbyhaber.com\/bby\/wp-json\/wp\/v2\/users\/1"}],"replies":[{"embeddable":true,"href":"https:\/\/www.bbyhaber.com\/bby\/wp-json\/wp\/v2\/comments?post=957"}],"version-history":[{"count":0,"href":"https:\/\/www.bbyhaber.com\/bby\/wp-json\/wp\/v2\/posts\/957\/revisions"}],"wp:attachment":[{"href":"https:\/\/www.bbyhaber.com\/bby\/wp-json\/wp\/v2\/media?parent=957"}],"wp:term":[{"taxonomy":"category","embeddable":true,"href":"https:\/\/www.bbyhaber.com\/bby\/wp-json\/wp\/v2\/categories?post=957"},{"taxonomy":"post_tag","embeddable":true,"href":"https:\/\/www.bbyhaber.com\/bby\/wp-json\/wp\/v2\/tags?post=957"}],"curies":[{"name":"wp","href":"https:\/\/api.w.org\/{rel}","templated":true}]}}