{"id":9561,"date":"2013-02-14T12:53:21","date_gmt":"2013-02-14T10:53:21","guid":{"rendered":"http:\/\/www.bbyhaber.com\/bby\/?p=9561"},"modified":"2013-02-14T12:55:09","modified_gmt":"2013-02-14T10:55:09","slug":"canakkale%e2%80%99de-kapali-kutuphane-krizi","status":"publish","type":"post","link":"https:\/\/www.bbyhaber.com\/bby\/2013\/02\/14\/canakkale%e2%80%99de-kapali-kutuphane-krizi","title":{"rendered":"\u00c7anakkale\u2019de kapal\u0131 k\u00fct\u00fcphane krizi"},"content":{"rendered":"<p style=\"text-align: justify;\">\u00c7anakkale\u2019de 2 il\u00e7e ve 1 belde de kapal\u0131 bulunan halk k\u00fct\u00fcphaneleri tepkiye neden oluyor. Okur yazarl\u0131k oran\u0131nda \u00fcst s\u0131ralarda bulunan \u00c7anakkale\u2019de kapal\u0131 halk k\u00fct\u00fcphaneleri tepki \u00e7ekmeye devam ediyor. 2011 y\u0131l\u0131ndan bu yana kapal\u0131 olarak tutulan Ayvac\u0131k ve Eceabat \u0130l\u00e7e Halk K\u00fct\u00fcphaneleri ile Umurbey Halk K\u00fct\u00fcphanesinin kap\u0131lar\u0131n\u0131n hala kilitli olmas\u0131 \u0130l K\u00fclt\u00fcr ve Turizm M\u00fcd\u00fcrl\u00fc\u011f\u00fcn\u00fcn ne g\u00f6rev yapt\u0131\u011f\u0131 sorusunu g\u00f6zler \u00f6n\u00fcne seriyor. 2011 y\u0131l\u0131nda bu yana 8759 kitap ile eleman yoklu\u011fu nedeniyle kapal\u0131 tutulan Ayvac\u0131k \u0130l\u00e7e Halk K\u00fct\u00fcphanesinin bu g\u00fcn hala kap\u0131s\u0131n\u0131n kapal\u0131 olmas\u0131 il\u00e7edeki <!--more-->Kaymakam ve b\u00fcrokratlar\u0131n halk k\u00fct\u00fcphanesine \u00f6nem g\u00f6stermedi\u011fi anlam\u0131 ta\u015f\u0131yor. Eceabat \u0130l\u00e7e Halk K\u00fct\u00fcphanesinde de 3874 kitap k\u00fct\u00fcphanenin kap\u0131s\u0131 kilitli oldu\u011fundan okuyucular\u0131 ile bulu\u015fam\u0131yor. Umurbey Beldesinde bulunan k\u00fct\u00fcphanenin de y\u0131llard\u0131r kap\u0131s\u0131na kilit vurulmu\u015f halde kaderine terk edilmesi \u00c7anakkale\u2019nin k\u00fct\u00fcphaneye verdi\u011fi \u00f6nemi g\u00f6zler \u00f6n\u00fcne seriyor.<\/p>\n<p style=\"text-align: justify;\">Vatanda\u015f tepkili<\/p>\n<p style=\"text-align: justify;\">\u00c7anakkale\u2019deki vatanda\u015flar il\u00e7e halk k\u00fct\u00fcphanelerinin sudan sebepler ile kapal\u0131 tutulmas\u0131na bir anlam vermediklerini belirterek; \u201c Bu kapal\u0131 olan yerlerde kaymakaml\u0131klar var, belediyeler var. Nas\u0131l oluyor da bir tane eleman s\u0131k\u0131nt\u0131s\u0131 ya\u015fan\u0131yor. Bir eleman k\u00fct\u00fcphaneye tahsis etmek o kadar m\u0131 zor. Art\u0131k bu durumdan bu k\u00fct\u00fcphanelerin kurtar\u0131lmas\u0131n\u0131 istiyoruz. Bu k\u00fct\u00fcphanelerden bizler faydalanamayacaksak bunlar\u0131 yapman\u0131n anlam\u0131 yok. O zaman k\u00fct\u00fcphaneleri komple kald\u0131racaklar\u201d dediler.<\/p>\n<p style=\"text-align: justify;\">Kaynak: http:\/\/www.canakkalehaber.com<\/p>\n","protected":false},"excerpt":{"rendered":"<p>\u00c7anakkale\u2019de 2 il\u00e7e ve 1 belde de kapal\u0131 bulunan halk k\u00fct\u00fcphaneleri tepkiye neden oluyor. Okur yazarl\u0131k oran\u0131nda \u00fcst s\u0131ralarda bulunan \u00c7anakkale\u2019de kapal\u0131 halk k\u00fct\u00fcphaneleri tepki \u00e7ekmeye devam ediyor. 2011 y\u0131l\u0131ndan bu yana kapal\u0131 olarak tutulan Ayvac\u0131k ve Eceabat \u0130l\u00e7e Halk K\u00fct\u00fcphaneleri ile Umurbey Halk K\u00fct\u00fcphanesinin kap\u0131lar\u0131n\u0131n hala kilitli olmas\u0131 \u0130l K\u00fclt\u00fcr ve Turizm M\u00fcd\u00fcrl\u00fc\u011f\u00fcn\u00fcn ne [&hellip;]<\/p>\n","protected":false},"author":1,"featured_media":0,"comment_status":"open","ping_status":"open","sticky":false,"template":"","format":"standard","meta":{"footnotes":""},"categories":[1,1582],"tags":[848],"class_list":["post-9561","post","type-post","status-publish","format-standard","hentry","category-genel","category-kapali-kutuphaneler","tag-halk-kutuphaneleri"],"_links":{"self":[{"href":"https:\/\/www.bbyhaber.com\/bby\/wp-json\/wp\/v2\/posts\/9561"}],"collection":[{"href":"https:\/\/www.bbyhaber.com\/bby\/wp-json\/wp\/v2\/posts"}],"about":[{"href":"https:\/\/www.bbyhaber.com\/bby\/wp-json\/wp\/v2\/types\/post"}],"author":[{"embeddable":true,"href":"https:\/\/www.bbyhaber.com\/bby\/wp-json\/wp\/v2\/users\/1"}],"replies":[{"embeddable":true,"href":"https:\/\/www.bbyhaber.com\/bby\/wp-json\/wp\/v2\/comments?post=9561"}],"version-history":[{"count":0,"href":"https:\/\/www.bbyhaber.com\/bby\/wp-json\/wp\/v2\/posts\/9561\/revisions"}],"wp:attachment":[{"href":"https:\/\/www.bbyhaber.com\/bby\/wp-json\/wp\/v2\/media?parent=9561"}],"wp:term":[{"taxonomy":"category","embeddable":true,"href":"https:\/\/www.bbyhaber.com\/bby\/wp-json\/wp\/v2\/categories?post=9561"},{"taxonomy":"post_tag","embeddable":true,"href":"https:\/\/www.bbyhaber.com\/bby\/wp-json\/wp\/v2\/tags?post=9561"}],"curies":[{"name":"wp","href":"https:\/\/api.w.org\/{rel}","templated":true}]}}