{"id":9556,"date":"2013-02-14T09:19:50","date_gmt":"2013-02-14T07:19:50","guid":{"rendered":"http:\/\/www.bbyhaber.com\/bby\/?p=9556"},"modified":"2013-02-14T09:20:07","modified_gmt":"2013-02-14T07:20:07","slug":"diyarbakirda-yazma-eserler-kutuphanesi-kurulacak","status":"publish","type":"post","link":"https:\/\/www.bbyhaber.com\/bby\/2013\/02\/14\/diyarbakirda-yazma-eserler-kutuphanesi-kurulacak","title":{"rendered":"Diyarbak\u0131r&#8217;da Yazma Eserler K\u00fct\u00fcphanesi Kurulacak"},"content":{"rendered":"<p style=\"text-align: justify;\"><img loading=\"lazy\" decoding=\"async\" class=\"alignleft\" src=\"http:\/\/www.bbyhaber.com\/bby\/wp-content\/uploads\/2013\/01\/yazmaeser.jpg\" alt=\"\" width=\"200\" height=\"150\" \/>K\u00fclt\u00fcr ve Turizm Bakanl\u0131\u011f\u0131 T\u00fcrkiye Yazma Eserler Kurumu Ba\u015fkanl\u0131\u011f\u0131 \u0130nsan Kaynaklar\u0131 ve Destek Hizmetleri Daire Ba\u015fkan\u0131 Mahmut Altunda\u011f, Diyarbak\u0131r Valisi Mustafa Toprak&#8217;\u0131 ziyaret etti. Vali Toprak yapt\u0131\u011f\u0131 konu\u015fmada, Yazma Eserler K\u00fct\u00fcphanesi M\u00fcd\u00fcrl\u00fc\u011f\u00fc&#8217;n\u00fcn olu\u015fturulaca\u011f\u0131 Mesudiye Medresesi&#8217;nde restorasyon ve r\u00f6l\u00f6ve \u00e7al\u0131\u015fmalar\u0131n\u0131n may\u0131s ay\u0131nda tamamlanaca\u011f\u0131n\u0131 belirterek, Diyarbak\u0131r Yazma Eserler K\u00fct\u00fcphanesi M\u00fcd\u00fcrl\u00fc\u011f\u00fc&#8217;n\u00fcn kurulu\u015fuyla ilgili mevzuat\u0131n \u00e7\u0131kt\u0131\u011f\u0131n\u0131 s\u00f6yledi.<!--more--><\/p>\n<p style=\"text-align: justify;\">Mesudiye Medresesi&#8217;nde restorasyon ve r\u00f6l\u00f6ve \u00e7al\u0131\u015fmalar\u0131n\u0131n tamamlanmas\u0131n\u0131n ard\u0131ndan 15 g\u00fcn i\u00e7erisinde burada Diyarbak\u0131r Yazma Eserler K\u00fct\u00fcphanesi M\u00fcd\u00fcrl\u00fc\u011f\u00fc&#8217;n\u00fc hizmete a\u00e7acaklar\u0131n\u0131 ifade eden Toprak \u015f\u00f6yle dedi:<\/p>\n<p style=\"text-align: justify;\">&#8220;K\u00fclt\u00fcr ve Turizm Bakanl\u0131\u011f\u0131 Yazma Eserler Kurumu Ba\u015fkanl\u0131\u011f\u0131 Yazma Eserler Konya B\u00f6lge M\u00fcd\u00fcrl\u00fc\u011f\u00fc&#8217;nce Diyarbak\u0131r&#8217;dan g\u00f6nderilen bin 984 el yazmas\u0131 eser ile 4 bin 212 nadir matbu eserin tamirat\u0131 ve tadilat\u0131 tamamland\u0131. El yazmas\u0131 eserlerin dijitali \u00e7\u0131kar\u0131ld\u0131 ve Mesudiye Medresesi&#8217;nde a\u00e7\u0131lacak olan Diyarbak\u0131r El Yazma Eserler K\u00fct\u00fcphanesi&#8217;ne getirilecek \u015fekilde haz\u0131r bekletiliyor.<\/p>\n<p style=\"text-align: justify;\">K\u00fclt\u00fcr Bakanl\u0131\u011f\u0131 T\u00fcrkiye Yazma Eserler Kurumu Ba\u015fkanl\u0131\u011f\u0131 taraf\u0131ndan \u0130stanbul S\u00fcleymaniye Yazma Eserler K\u00fct\u00fcphanesi&#8217;nden sonra ikinci \u00f6nemli k\u00fct\u00fcphanesi Diyarbak\u0131r&#8217;da a\u00e7\u0131l\u0131yor. May\u0131s ay\u0131nda Diyarbak\u0131r Yazma Eserler K\u00fct\u00fcphanesi&#8217;nin a\u00e7\u0131l\u0131\u015f\u0131 ger\u00e7ekle\u015ftirilecek.&#8221; Daire Ba\u015fkan\u0131 Mahmut Altunda\u011f ise Diyarbak\u0131r&#8217;da Yazma Eserler K\u00fct\u00fcphanesi M\u00fcd\u00fcrl\u00fc\u011f\u00fc olu\u015fturulmas\u0131n\u0131n \u00f6nemli oldu\u011funu s\u00f6yledi. Ziyaretin ard\u0131ndan Ba\u015fkan Altunda\u011f, k\u00fct\u00fcphane i\u00e7in kullan\u0131lacak olan Mesudiye Medresesi&#8217;ne ge\u00e7erek, restorasyon \u00e7al\u0131\u015fmalar\u0131 hakk\u0131nda bilgi ald\u0131.<\/p>\n<p style=\"text-align: justify;\">Kaynak:http:\/\/www.haberler.com<\/p>\n","protected":false},"excerpt":{"rendered":"<p>K\u00fclt\u00fcr ve Turizm Bakanl\u0131\u011f\u0131 T\u00fcrkiye Yazma Eserler Kurumu Ba\u015fkanl\u0131\u011f\u0131 \u0130nsan Kaynaklar\u0131 ve Destek Hizmetleri Daire Ba\u015fkan\u0131 Mahmut Altunda\u011f, Diyarbak\u0131r Valisi Mustafa Toprak&#8217;\u0131 ziyaret etti. Vali Toprak yapt\u0131\u011f\u0131 konu\u015fmada, Yazma Eserler K\u00fct\u00fcphanesi M\u00fcd\u00fcrl\u00fc\u011f\u00fc&#8217;n\u00fcn olu\u015fturulaca\u011f\u0131 Mesudiye Medresesi&#8217;nde restorasyon ve r\u00f6l\u00f6ve \u00e7al\u0131\u015fmalar\u0131n\u0131n may\u0131s ay\u0131nda tamamlanaca\u011f\u0131n\u0131 belirterek, Diyarbak\u0131r Yazma Eserler K\u00fct\u00fcphanesi M\u00fcd\u00fcrl\u00fc\u011f\u00fc&#8217;n\u00fcn kurulu\u015fuyla ilgili mevzuat\u0131n \u00e7\u0131kt\u0131\u011f\u0131n\u0131 s\u00f6yledi.<\/p>\n","protected":false},"author":1,"featured_media":0,"comment_status":"open","ping_status":"open","sticky":false,"template":"","format":"standard","meta":{"footnotes":""},"categories":[1,1500,1509],"tags":[438,1441],"class_list":["post-9556","post","type-post","status-publish","format-standard","hentry","category-genel","category-nadir-eserler","category-yazma-eserler","tag-el-yazmalari","tag-yazma-eser-kutuphaneleri"],"_links":{"self":[{"href":"https:\/\/www.bbyhaber.com\/bby\/wp-json\/wp\/v2\/posts\/9556"}],"collection":[{"href":"https:\/\/www.bbyhaber.com\/bby\/wp-json\/wp\/v2\/posts"}],"about":[{"href":"https:\/\/www.bbyhaber.com\/bby\/wp-json\/wp\/v2\/types\/post"}],"author":[{"embeddable":true,"href":"https:\/\/www.bbyhaber.com\/bby\/wp-json\/wp\/v2\/users\/1"}],"replies":[{"embeddable":true,"href":"https:\/\/www.bbyhaber.com\/bby\/wp-json\/wp\/v2\/comments?post=9556"}],"version-history":[{"count":0,"href":"https:\/\/www.bbyhaber.com\/bby\/wp-json\/wp\/v2\/posts\/9556\/revisions"}],"wp:attachment":[{"href":"https:\/\/www.bbyhaber.com\/bby\/wp-json\/wp\/v2\/media?parent=9556"}],"wp:term":[{"taxonomy":"category","embeddable":true,"href":"https:\/\/www.bbyhaber.com\/bby\/wp-json\/wp\/v2\/categories?post=9556"},{"taxonomy":"post_tag","embeddable":true,"href":"https:\/\/www.bbyhaber.com\/bby\/wp-json\/wp\/v2\/tags?post=9556"}],"curies":[{"name":"wp","href":"https:\/\/api.w.org\/{rel}","templated":true}]}}