{"id":953,"date":"2011-04-19T21:43:00","date_gmt":"2011-04-19T21:43:00","guid":{"rendered":"http:\/\/www.bbyhaber.com\/bby\/?p=953"},"modified":"2012-09-07T12:47:40","modified_gmt":"2012-09-07T09:47:40","slug":"turkiyenin-ilk-okuma-haritasi-cikti","status":"publish","type":"post","link":"https:\/\/www.bbyhaber.com\/bby\/2011\/04\/19\/turkiyenin-ilk-okuma-haritasi-cikti","title":{"rendered":"T\u00fcrkiye&#8217;nin \u0130lk Okuma K\u00fclt\u00fcr\u00fc Haritas\u0131 \u00c7\u0131kt\u0131"},"content":{"rendered":"<p style=\"text-align: justify;\" align=\"justify\">K\u00fclt\u00fcr ve Turizm Bakanl\u0131\u011f\u0131 K\u00fct\u00fcphaneler ve Yay\u0131mlar Genel M\u00fcd\u00fcrl\u00fc\u011f\u00fcnce haz\u0131rlanan `T\u00fcrkiye Okuma K\u00fclt\u00fcr\u00fc Haritas\u0131 Projesi` tamamland\u0131. T\u00fcrkiye`de bir ilk olan ara\u015ft\u0131rman\u0131n sonu\u00e7lar\u0131 ise K\u00fclt\u00fcr ve Turizm Bakan\u0131 Ertu\u011frul G\u00fcnay`\u0131n kat\u0131l\u0131m\u0131yla CER Modern`de d\u00fczenlenen t\u00f6renle, ara\u015ft\u0131rman\u0131n sahibi SONAR \u0130leti\u015fim Y\u00f6netim Kurulu Ba\u015fkan\u0131 Hakan Bayrak\u00e7\u0131 taraf\u0131ndan a\u00e7\u0131kland\u0131. <!--more--><\/p>\n<p style=\"text-align: justify;\" align=\"justify\">T\u00fcrkiye`de ilk kez \u00e7\u0131kar\u0131lan okuma k\u00fclt\u00fcr haritas\u0131, T\u00dc\u0130K`ten baz al\u0131narak ger\u00e7ekle\u015ftirildi. T\u00fcrkiye`de kitap okuma al\u0131\u015fkanl\u0131\u011f\u0131n\u0131n \u00e7ok \u00e7e\u015fitli olarak, y\u00f6relere, illere g\u00f6re saptanmas\u0131 amac\u0131yla yap\u0131lan ara\u015ft\u0131rma, 7 bin ki\u015fi ile 26 ilde ger\u00e7ekle\u015ftirildi. Buna g\u00f6re, T\u00fcrkiye`de her 4 ki\u015fiden birinin kitap al\u0131\u015fkanl\u0131\u011f\u0131n\u0131n oldu\u011fu saptan\u0131rken, T\u00fcrkiye`de y\u0131lda ortalama 7.2 kitap okunuyor. Bir defada kitap okuma s\u00fcresi ise y\u00fczde 47`lik oranla 30 dakika olarak belirlenirken, y\u00fczde 22`lik kesim yakla\u015f\u0131k 1 saat kitap okuyor. T\u00fcrkiye`de y\u0131lda ortalama y\u00fczde 43`l\u00fck bir oran ile 1 ila 5 kitap aras\u0131 sat\u0131n al\u0131n\u0131rken, bunlar\u0131n b\u00fcy\u00fck k\u0131sm\u0131n\u0131 rastgele kitap se\u00e7en ve d\u00fczensiz okuyanlar olu\u015fturdu. Okurlar\u0131n y\u00fczde 85, 7 ile T\u00fcrk\u00e7e yaz\u0131lm\u0131\u015f kitaplar\u0131 tercih ederken, \u00e7eviri kitap okuyanlar y\u00fczde 30 i\u00e7inde yer ald\u0131. Kitap se\u00e7iminde en etkili fakt\u00f6r ise y\u00fczde 61,5 ile `tavsiye` oldu. Bunu, kitab\u0131n ad\u0131 yani pop\u00fcler olu\u015fu takip etti. T\u00fcrkiye`deki okurla kitap se\u00e7iminde yay\u0131nevi tercihi yapmazken, kitaplar en \u00e7ok sat\u0131n alma y\u00f6ntemi ile okunuyor, bunu arkada\u015flarla de\u011fi\u015ftirerek kitap okuma takip ediyor.<\/p>\n<p style=\"text-align: justify;\" align=\"justify\">Okurlar\u0131n \u00e7o\u011fu d\u00fczenli olarak belli bir yazar\u0131 takip etmemekle birlikte, d\u00fczenli okuyan okurlar ilk olarak \u00d6mer Seyfettin`in, ard\u0131ndan s\u0131ras\u0131yla Ay\u015fe Kulin, Orhan Pamuk, Re\u015fat Nuri G\u00fcntekin, Elif \u015eafak, Can Tan, Ya\u015far Kemal ve Dostoyevski`nin kitaplar\u0131n\u0131 takip ediyor. Okuyucular\u0131n y\u00fczde 33,7`si olmak \u00fczere b\u00fcy\u00fck \u00e7o\u011funlu\u011fu roman okumay\u0131, ard\u0131ndan \u00f6yk\u00fc ve \u015fiir okumay\u0131 tercih ediyor. Ankete yan\u0131t veren okuyucular\u0131n y\u00fczde 84`\u00fc ise korsan kitap almad\u0131\u011f\u0131n\u0131 belirtmi\u015f.<\/p>\n<p style=\"text-align: justify;\" align=\"justify\">-DO\u011eU KARADEN\u0130Z M\u00dcZ\u0130K D\u0130NL\u0130YOR-<\/p>\n<p style=\"text-align: justify;\" align=\"justify\">T\u00fcrkiye`nin okuma haritas\u0131na g\u00f6re, bo\u015f zamanlar\u0131n\u0131 kitap, gazete ya da dergi okuyarak ge\u00e7irenler Do\u011fu Karadeniz B\u00f6lgesi`nden Ankara`ya uzanan \u015feridi kaps\u0131yor. \u0130stanbul hari\u00e7, Marmara ve Trakya b\u00f6lgesi de bo\u015f vaktini okuyarak de\u011ferlendiriyor. \u0130stanbul ve Ankara bo\u015f zaman\u0131nda televizyon izlerken, Ege B\u00f6lgesi aile ile zaman ge\u00e7iriyor. Bo\u015f zaman\u0131n\u0131n \u00e7o\u011funu m\u00fczik dinleyerek ge\u00e7iren tek b\u00f6lge ise Do\u011fu Karadeniz.<\/p>\n<p style=\"text-align: justify;\" align=\"justify\">-\u00c7OK OKUYAN D\u0130N\u0130 K\u0130TAP TERC\u0130H ED\u0130YOR-<\/p>\n<p style=\"text-align: justify;\" align=\"justify\">T\u00fcrkiye`de bir y\u0131l i\u00e7inde 12-13 kitap ile en fazla kitab\u0131 Erzurum ve Erzincan okuyor, okunan kitaplar\u0131n \u00e7o\u011funu dini i\u00e7erikli yay\u0131nlar olu\u015fturuyor. \u0130kinci s\u0131ray\u0131, y\u0131lda 10 ila 12 kitap ile Yalova, Kocaeli, Sakarya, D\u00fczce ve Bolu illeri al\u0131yor. Ba\u015fkent Ankara \u00fc\u00e7\u00fcnc\u00fc s\u0131raya yerle\u015firken, beklenen performans\u0131 g\u00f6steremeyen Ege B\u00f6lgesi y\u0131lda ortalama 6 kitap okuyor.<\/p>\n<p style=\"text-align: justify;\" align=\"justify\">T\u00fcrkiye`de y\u00fczde 19,5 ile aralar\u0131nda Ankara, \u0130stanbul, \u0130zmir ve Samsun`un da oldu\u011fu en \u00e7ok edebiyat konulu kitaplar tercih edilirken, bunu y\u00fczde 18,3 ile din konulu kitaplar takip ediyor. Erzurum ve Erzincan ba\u015fta olmak \u00fczere, Do\u011fu Karadeniz`den \u0130\u00e7 Anadolu`ya do\u011fru uzanan \u015ferit ile Do\u011fu Anadolu`nun bir k\u0131sm\u0131 en \u00e7ok dini i\u00e7erikli yay\u0131nlar\u0131 okuyor. 3. s\u0131ray\u0131 e\u011fitim, 4. s\u0131ray\u0131 ise tarih kitaplar\u0131 olu\u015fturuyor.<\/p>\n<p style=\"text-align: justify;\" align=\"justify\">-EN \u00c7OK MACERA SEV\u0130L\u0130YOR-<\/p>\n<p style=\"text-align: justify;\" align=\"justify\">Okunan kitaplara tema olarak bak\u0131ld\u0131\u011f\u0131nda, T\u00fcrkiye`nin b\u00fcy\u00fck \u00e7o\u011funlu\u011fu macera kitaplar\u0131n\u0131 seviyor. \u0130kinci s\u0131rada, Trakya b\u00f6lgesi, \u00c7anakkale, Bal\u0131kesir, Kastamonu, \u00c7ank\u0131r\u0131 illeri, Orta ve Do\u011fu Karadeniz`in bir b\u00f6l\u00fcm\u00fc ile Mersin, Adana ve Hatay illeri olmak \u00fczere en fazla `tarih` temal\u0131 kitaplar\u0131n tercih edildi\u011fi g\u00f6r\u00fcl\u00fcyor. \u00dc\u00e7\u00fcnc\u00fc s\u0131ray\u0131 polisiye al\u0131rken, Samsun, Amasya, \u00c7orum ve Tokat bu temay\u0131 tercih ediyor.<\/p>\n<p style=\"text-align: justify;\" align=\"justify\">-A\u015eK VE PS\u0130KOLOJ\u0130-<\/p>\n<p style=\"text-align: justify;\" align=\"justify\">Ara\u015ft\u0131rma sonucu ilgin\u00e7 bir bulu\u015fmay\u0131 da ortaya \u00e7\u0131kard\u0131. Buna g\u00f6re T\u00fcrkiye`de sadece Mardin, Batman, Siirt ve \u015e\u0131rnak illeri `en \u00e7ok hangi temay\u0131 tercih ediyorsunuz?` sorusuna `psikoloji` yan\u0131t\u0131n\u0131 verdi. Mu\u015f, Bitlis, Van ve Hakkari ise, \u0130stanbul`la ayn\u0131 yan\u0131t\u0131 vererek en \u00e7ok `A\u015fk Kitab\u0131` okudu\u011funu s\u00f6yledi.<\/p>\n<p style=\"text-align: justify;\" align=\"justify\">Ara\u015ft\u0131rman\u0131n bir ba\u015fka \u00fczerinde durdu\u011fu konu olan k\u00fct\u00fcphanelerine ili\u015fkin sonu\u00e7lara bak\u0131ld\u0131\u011f\u0131nda, T\u00fcrkiye`de y\u00fczde 43,5 ile k\u00fct\u00fcphane kullanma al\u0131\u015fkanl\u0131\u011f\u0131 bulunmuyor. K\u00fct\u00fcphaneler, \u00e7o\u011funlukla ders \u00e7al\u0131\u015fma ama\u00e7l\u0131 kullan\u0131l\u0131yor. Halk K\u00fct\u00fcphanelerinin b\u00fcy\u00fck oranla varl\u0131\u011f\u0131n\u0131n bilinmesine kar\u015f\u0131n, halk\u0131n y\u00fczde 47`si burada verilen hizmetlerin \u00fccretsiz oldu\u011fu bilmiyor. Halk k\u00fct\u00fcphanelerinden en \u00e7ok yararlananlar ise Trakya B\u00f6lgesi ve K\u0131r\u0131kkale, K\u0131r\u015fehir, Nev\u015fehir, Aksaray, Ni\u011fde illeri ile Kastamonu`dan Artvin`e Karadeniz B\u00f6lgesi.<\/p>\n<p style=\"text-align: justify;\" align=\"justify\">-`G\u00dcNEYDO\u011eU`DA PS\u0130KOLOJ\u0130N\u0130N OKUNUYOR OLMASI \u0130LG\u0130N\u00c7`-<\/p>\n<p style=\"text-align: justify;\" align=\"justify\">K\u00fclt\u00fcr ve Turizm Bakan\u0131 Ertu\u011frul G\u00fcnay sonu\u00e7lar\u0131n ard\u0131ndan yapt\u0131\u011f\u0131 de\u011ferlendirmede, T\u00fcrkiye`de ilk defa yap\u0131lan bir \u00e7al\u0131\u015fman\u0131n sevincini ya\u015fad\u0131klar\u0131n\u0131 ifade ederek, `Rakamlar, T\u00fcrkiye`de bir iyile\u015fme oldu\u011funu g\u00f6steriyor. Ben tabii yine de kitap okuma al\u0131\u015fkanl\u0131\u011f\u0131 \u00e7ok eskilerden gelen baz\u0131 \u00fclkelerin d\u00fczeyini hen\u00fcz yakalad\u0131\u011f\u0131m\u0131z\u0131 ne yaz\u0131k ki s\u00f6yleyemiyorum ama \u00f6nceki y\u0131llara g\u00f6re bir iyile\u015fme oldu\u011funu art\u0131k kitab\u0131n bizim g\u00fcnl\u00fck hayat\u0131m\u0131za girdi\u011fini g\u00f6steren bir geli\u015fme var` dedi. Y\u0131lda 7 kitap ortalama gibi g\u00f6r\u00fcnd\u00fc\u011f\u00fcn\u00fc ancak bu rakamlar\u0131n \u00f6\u011frencileri, s\u0131nava haz\u0131rlanan kesimleri de kapsad\u0131\u011f\u0131n\u0131 d\u00fc\u015f\u00fcnd\u00fc\u011f\u00fcn\u00fc ifade eden G\u00fcnay, `O nedenle yayg\u0131n n\u00fcfus i\u00e7inde kitap okuman\u0131n hala olduk\u00e7a yetersiz d\u00fczeyde oldu\u011fu gibi bir kanaat ta\u015f\u0131yorum` dedi<\/p>\n<p style=\"text-align: justify;\" align=\"justify\">T\u00fcrkiye`nin b\u00fcy\u00fck \u00e7o\u011funlu\u011fu macera kitaplar\u0131 okudu\u011funa i\u015faret eden G\u00fcnay, `Macera okumak asl\u0131nda aray\u0131c\u0131l\u0131\u011f\u0131, ara\u015ft\u0131rmac\u0131l\u0131\u011f\u0131 te\u015fvik eden bir \u015fey. O y\u00fczden bizim dilimizde T\u00fcrk\u00e7emizde macera biraz k\u00fc\u00e7\u00fcmsenir, \u00f6yle olmad\u0131\u011f\u0131n\u0131, do\u011frusu ben macera kitaplar\u0131n\u0131n ara\u015ft\u0131rmac\u0131 ruhu te\u015fvik eden bir unsur oldu\u011funu d\u00fc\u015f\u00fcn\u00fcyorum` dedi. G\u00fcnay, G\u00fcneydo\u011fu`da psikolojinin okunuyor olmas\u0131n\u0131n da ilgin\u00e7 oldu\u011funu belirtirken, `Yani o co\u011frafyan\u0131n ya\u015fad\u0131\u011f\u0131 sosyal ve siyasal sorunlarla ilgili olarak bakt\u0131\u011f\u0131n\u0131z zaman b\u00f6yle bir ruh bilim sorununun da \u00f6ne \u00e7\u0131km\u0131\u015f olmas\u0131 bana \u00e7ok anlaml\u0131 ve \u00fczerinde d\u00fc\u015f\u00fcnmemiz gereken bir yan\u0131t gibi geldi. \u00c7al\u0131\u015fmaya katk\u0131 sa\u011flayanlara te\u015fekk\u00fcr ediyorum` dedi.<strong><\/strong><\/p>\n<p style=\"text-align: justify;\" align=\"justify\">Kaynak: http:\/\/www.tumgazeteler.com<\/p>\n","protected":false},"excerpt":{"rendered":"<p>K\u00fclt\u00fcr ve Turizm Bakanl\u0131\u011f\u0131 K\u00fct\u00fcphaneler ve Yay\u0131mlar Genel M\u00fcd\u00fcrl\u00fc\u011f\u00fcnce haz\u0131rlanan `T\u00fcrkiye Okuma K\u00fclt\u00fcr\u00fc Haritas\u0131 Projesi` tamamland\u0131. T\u00fcrkiye`de bir ilk olan ara\u015ft\u0131rman\u0131n sonu\u00e7lar\u0131 ise K\u00fclt\u00fcr ve Turizm Bakan\u0131 Ertu\u011frul G\u00fcnay`\u0131n kat\u0131l\u0131m\u0131yla CER Modern`de d\u00fczenlenen t\u00f6renle, ara\u015ft\u0131rman\u0131n sahibi SONAR \u0130leti\u015fim Y\u00f6netim Kurulu Ba\u015fkan\u0131 Hakan Bayrak\u00e7\u0131 taraf\u0131ndan a\u00e7\u0131kland\u0131.<\/p>\n","protected":false},"author":1,"featured_media":0,"comment_status":"open","ping_status":"open","sticky":false,"template":"","format":"standard","meta":{"footnotes":""},"categories":[1],"tags":[264],"class_list":["post-953","post","type-post","status-publish","format-standard","hentry","category-genel","tag-turkiyenin-okuma-haritasi"],"_links":{"self":[{"href":"https:\/\/www.bbyhaber.com\/bby\/wp-json\/wp\/v2\/posts\/953"}],"collection":[{"href":"https:\/\/www.bbyhaber.com\/bby\/wp-json\/wp\/v2\/posts"}],"about":[{"href":"https:\/\/www.bbyhaber.com\/bby\/wp-json\/wp\/v2\/types\/post"}],"author":[{"embeddable":true,"href":"https:\/\/www.bbyhaber.com\/bby\/wp-json\/wp\/v2\/users\/1"}],"replies":[{"embeddable":true,"href":"https:\/\/www.bbyhaber.com\/bby\/wp-json\/wp\/v2\/comments?post=953"}],"version-history":[{"count":0,"href":"https:\/\/www.bbyhaber.com\/bby\/wp-json\/wp\/v2\/posts\/953\/revisions"}],"wp:attachment":[{"href":"https:\/\/www.bbyhaber.com\/bby\/wp-json\/wp\/v2\/media?parent=953"}],"wp:term":[{"taxonomy":"category","embeddable":true,"href":"https:\/\/www.bbyhaber.com\/bby\/wp-json\/wp\/v2\/categories?post=953"},{"taxonomy":"post_tag","embeddable":true,"href":"https:\/\/www.bbyhaber.com\/bby\/wp-json\/wp\/v2\/tags?post=953"}],"curies":[{"name":"wp","href":"https:\/\/api.w.org\/{rel}","templated":true}]}}