{"id":9499,"date":"2013-02-12T10:04:52","date_gmt":"2013-02-12T08:04:52","guid":{"rendered":"http:\/\/www.bbyhaber.com\/bby\/?p=9499"},"modified":"2013-03-16T20:59:40","modified_gmt":"2013-03-16T18:59:40","slug":"bursa-11-kitap-fuari-09-17-mart-2013","status":"publish","type":"post","link":"https:\/\/www.bbyhaber.com\/bby\/2013\/02\/12\/bursa-11-kitap-fuari-09-17-mart-2013","title":{"rendered":"Bursa 11. Kitap Fuar\u0131-09-17 Mart 2013"},"content":{"rendered":"<p style=\"text-align: justify;\">Kurulu\u015fumuz T\u00dcYAP Bursa Fuarc\u0131l\u0131k A.\u015e. ve T\u00fcrkiye Yay\u0131nc\u0131lar Birli\u011fi i\u015fbirli\u011fiyle <strong>09-17 Mart 2013<\/strong> tarihleri aras\u0131nda T\u00dcYAP Bursa Uluslararas\u0131 Fuar ve Kongre Merkezi\u2019nde d\u00fczenlenecek olan Bursa 11. Kitap Fuar\u0131 kap\u0131lar\u0131n\u0131 ziyaret\u00e7ilere a\u00e7maya haz\u0131rlan\u0131yor. Bursa 11. Kitap Fuar\u0131\u2019na 230 yay\u0131nevi ve sivil toplum kurulu\u015fu kat\u0131lacak; dokuz g\u00fcn s\u00fcresince 70 k\u00fclt\u00fcr etkinli\u011fi ve imza g\u00fcnlerinde 500 yazar okurlar\u0131yla bir araya gelecek.<!--more--><\/p>\n<p>Bursa 11. Kitap Fuar\u0131, 09-17 Mart 2013 tarihleri aras\u0131nda 10.00-19.30, kapan\u0131\u015f g\u00fcn\u00fc olan 17 Mart 2013 tarihinde ise 10.00-19.00 saatleri aras\u0131nda ziyaret edilebilir. Fuara giri\u015f \u00fccretsizdir.<\/p>\n<p><span style=\"color: #0000ff;\"><strong><a href=\"http:\/\/bursakitapfuari.com\/\" target=\"_blank\"><span style=\"color: #0000ff;\">Fuar sayfas\u0131 i\u00e7in t\u0131klay\u0131n\u0131z<\/span><\/a><\/strong><\/span><\/p>\n<p>&nbsp;<\/p>\n","protected":false},"excerpt":{"rendered":"<p>Kurulu\u015fumuz T\u00dcYAP Bursa Fuarc\u0131l\u0131k A.\u015e. ve T\u00fcrkiye Yay\u0131nc\u0131lar Birli\u011fi i\u015fbirli\u011fiyle 09-17 Mart 2013 tarihleri aras\u0131nda T\u00dcYAP Bursa Uluslararas\u0131 Fuar ve Kongre Merkezi\u2019nde d\u00fczenlenecek olan Bursa 11. Kitap Fuar\u0131 kap\u0131lar\u0131n\u0131 ziyaret\u00e7ilere a\u00e7maya haz\u0131rlan\u0131yor. Bursa 11. Kitap Fuar\u0131\u2019na 230 yay\u0131nevi ve sivil toplum kurulu\u015fu kat\u0131lacak; dokuz g\u00fcn s\u00fcresince 70 k\u00fclt\u00fcr etkinli\u011fi ve imza g\u00fcnlerinde 500 yazar okurlar\u0131yla [&hellip;]<\/p>\n","protected":false},"author":1,"featured_media":0,"comment_status":"open","ping_status":"open","sticky":false,"template":"","format":"standard","meta":{"footnotes":""},"categories":[1493],"tags":[1395],"class_list":["post-9499","post","type-post","status-publish","format-standard","hentry","category-kitap-fuarlari-2","tag-bby-mesleki-etkinlikler-arsivi"],"_links":{"self":[{"href":"https:\/\/www.bbyhaber.com\/bby\/wp-json\/wp\/v2\/posts\/9499"}],"collection":[{"href":"https:\/\/www.bbyhaber.com\/bby\/wp-json\/wp\/v2\/posts"}],"about":[{"href":"https:\/\/www.bbyhaber.com\/bby\/wp-json\/wp\/v2\/types\/post"}],"author":[{"embeddable":true,"href":"https:\/\/www.bbyhaber.com\/bby\/wp-json\/wp\/v2\/users\/1"}],"replies":[{"embeddable":true,"href":"https:\/\/www.bbyhaber.com\/bby\/wp-json\/wp\/v2\/comments?post=9499"}],"version-history":[{"count":0,"href":"https:\/\/www.bbyhaber.com\/bby\/wp-json\/wp\/v2\/posts\/9499\/revisions"}],"wp:attachment":[{"href":"https:\/\/www.bbyhaber.com\/bby\/wp-json\/wp\/v2\/media?parent=9499"}],"wp:term":[{"taxonomy":"category","embeddable":true,"href":"https:\/\/www.bbyhaber.com\/bby\/wp-json\/wp\/v2\/categories?post=9499"},{"taxonomy":"post_tag","embeddable":true,"href":"https:\/\/www.bbyhaber.com\/bby\/wp-json\/wp\/v2\/tags?post=9499"}],"curies":[{"name":"wp","href":"https:\/\/api.w.org\/{rel}","templated":true}]}}