{"id":9492,"date":"2013-02-12T09:31:35","date_gmt":"2013-02-12T07:31:35","guid":{"rendered":"http:\/\/www.bbyhaber.com\/bby\/?p=9492"},"modified":"2013-02-18T08:40:35","modified_gmt":"2013-02-18T06:40:35","slug":"kitap-akdenize-yelken-aciyor-antalya-2-kitap-fuari-13-17-subat-2013","status":"publish","type":"post","link":"https:\/\/www.bbyhaber.com\/bby\/2013\/02\/12\/kitap-akdenize-yelken-aciyor-antalya-2-kitap-fuari-13-17-subat-2013","title":{"rendered":"Kitap Akdeniz\u2019e Yelken A\u00e7\u0131yor-Antalya 2. Kitap Fuar\u0131-13-17 \u015eubat 2013"},"content":{"rendered":"<p style=\"text-align: justify;\">Kurulu\u015fumuz T\u00dcYAP T\u00fcm Fuarc\u0131l\u0131k Yap\u0131m A.\u015e. taraf\u0131ndan T\u00fcrkiye Yay\u0131nc\u0131lar Birli\u011fi i\u015fbirli\u011fi ile <strong>13-17 \u015eubat 2013<\/strong> tarihlerinde Antalya Valili\u011fi, Antalya B\u00fcy\u00fck\u015fehir Belediyesi, Antalya Ticaret ve Sanayi Odas\u0131&#8217;n\u0131n katk\u0131lar\u0131yla d\u00fczenlenen Antalya Kitap Fuar\u0131 kap\u0131lar\u0131n\u0131 a\u00e7maya haz\u0131rlan\u0131yor. Antalya 2. Kitap Fuar\u0131, Cam Piramit Sak\u0131p Sabanc\u0131 Fuar ve Kongre Merkezi\u2019nde ger\u00e7ekle\u015ftirilecek. 50 yay\u0131nevinin kat\u0131laca\u011f\u0131 fuarda d\u00fczenlenecek s\u00f6yle\u015fi, panel, \u015fiir dinletisi gibi 30 etkinlik ve imza g\u00fcnlerinde 200 yazar okurlarla bulu\u015facak.<!--more--><\/p>\n<p>Antalya Kitap Fuar\u0131 <strong>13-17 \u015eubat tarihleri aras\u0131nda 10.00-19.30, son g\u00fcn 17 \u015eubat 2013 Pazar ise 10.00-19.00<\/strong> saatleri aras\u0131nda ziyaret edilebilir. Fuar giri\u015fi \u00fccretsizdir.<\/p>\n<p><span style=\"color: #0000ff;\"><strong><a href=\"http:\/\/www.tuyap.com.tr\/webpages\/antalyakitapfuari\/index.php\" target=\"_blank\"><span style=\"color: #0000ff;\">Fuar sayfas\u0131 i\u00e7in t\u0131klay\u0131n\u0131z<\/span><\/a><\/strong><\/span><\/p>\n","protected":false},"excerpt":{"rendered":"<p>Kurulu\u015fumuz T\u00dcYAP T\u00fcm Fuarc\u0131l\u0131k Yap\u0131m A.\u015e. taraf\u0131ndan T\u00fcrkiye Yay\u0131nc\u0131lar Birli\u011fi i\u015fbirli\u011fi ile 13-17 \u015eubat 2013 tarihlerinde Antalya Valili\u011fi, Antalya B\u00fcy\u00fck\u015fehir Belediyesi, Antalya Ticaret ve Sanayi Odas\u0131&#8217;n\u0131n katk\u0131lar\u0131yla d\u00fczenlenen Antalya Kitap Fuar\u0131 kap\u0131lar\u0131n\u0131 a\u00e7maya haz\u0131rlan\u0131yor. Antalya 2. Kitap Fuar\u0131, Cam Piramit Sak\u0131p Sabanc\u0131 Fuar ve Kongre Merkezi\u2019nde ger\u00e7ekle\u015ftirilecek. 50 yay\u0131nevinin kat\u0131laca\u011f\u0131 fuarda d\u00fczenlenecek s\u00f6yle\u015fi, panel, \u015fiir [&hellip;]<\/p>\n","protected":false},"author":1,"featured_media":0,"comment_status":"open","ping_status":"open","sticky":false,"template":"","format":"standard","meta":{"footnotes":""},"categories":[1,1493],"tags":[],"class_list":["post-9492","post","type-post","status-publish","format-standard","hentry","category-genel","category-kitap-fuarlari-2"],"_links":{"self":[{"href":"https:\/\/www.bbyhaber.com\/bby\/wp-json\/wp\/v2\/posts\/9492"}],"collection":[{"href":"https:\/\/www.bbyhaber.com\/bby\/wp-json\/wp\/v2\/posts"}],"about":[{"href":"https:\/\/www.bbyhaber.com\/bby\/wp-json\/wp\/v2\/types\/post"}],"author":[{"embeddable":true,"href":"https:\/\/www.bbyhaber.com\/bby\/wp-json\/wp\/v2\/users\/1"}],"replies":[{"embeddable":true,"href":"https:\/\/www.bbyhaber.com\/bby\/wp-json\/wp\/v2\/comments?post=9492"}],"version-history":[{"count":0,"href":"https:\/\/www.bbyhaber.com\/bby\/wp-json\/wp\/v2\/posts\/9492\/revisions"}],"wp:attachment":[{"href":"https:\/\/www.bbyhaber.com\/bby\/wp-json\/wp\/v2\/media?parent=9492"}],"wp:term":[{"taxonomy":"category","embeddable":true,"href":"https:\/\/www.bbyhaber.com\/bby\/wp-json\/wp\/v2\/categories?post=9492"},{"taxonomy":"post_tag","embeddable":true,"href":"https:\/\/www.bbyhaber.com\/bby\/wp-json\/wp\/v2\/tags?post=9492"}],"curies":[{"name":"wp","href":"https:\/\/api.w.org\/{rel}","templated":true}]}}