{"id":9480,"date":"2013-02-12T09:11:05","date_gmt":"2013-02-12T07:11:05","guid":{"rendered":"http:\/\/www.bbyhaber.com\/bby\/?p=9480"},"modified":"2013-02-18T08:40:04","modified_gmt":"2013-02-18T06:40:04","slug":"trabzonda-kitap-zamani-14-24-subat-2013","status":"publish","type":"post","link":"https:\/\/www.bbyhaber.com\/bby\/2013\/02\/12\/trabzonda-kitap-zamani-14-24-subat-2013","title":{"rendered":"Trabzon&#8217;da Kitap Zaman\u0131-14-24 \u015eubat 2013"},"content":{"rendered":"<p style=\"text-align: justify;\">\u00dclkenin her k\u00f6\u015fesinde kitap g\u00f6z \u00f6n\u00fcnde olmal\u0131 ve yazarlar okurlarla bulu\u015fmal\u0131d\u0131r fikri ile geli\u015fen kitap fuar\u0131na 50 yay\u0131nevi kat\u0131lacak, 45 yazar ve 10 k\u00fclt\u00fcr sanat edit\u00f6r\u00fc etkinlik ger\u00e7ekle\u015ftirecek. Etkinlikler <strong>14-24 \u015eubat 2013<\/strong> tarihinde okullar ve K\u00fclt\u00fcr Merkezi i\u00e7inde yer alan salonlarda ge\u00e7ekle\u015ftirilecek.<!--more--><\/p>\n<div>Yer:<\/div>\n<div>Hamamizade \u0130hsan Bey K\u00fclt\u00fcr Merkezi<\/div>\n<div>\n<div id=\"u_jsonp_3_1\">S\u00fcmer Sokak, 61000 Trabzon<\/div>\n<\/div>\n<div><strong><span style=\"color: #0000ff;\"><a href=\"http:\/\/trabzondakitapzamani.com\" target=\"_blank\"><span style=\"color: #0000ff;\">Fuar sayfas\u0131 i\u00e7in t\u0131klay\u0131n\u0131z<\/span><\/a><\/span><\/strong><\/div>\n","protected":false},"excerpt":{"rendered":"<p>\u00dclkenin her k\u00f6\u015fesinde kitap g\u00f6z \u00f6n\u00fcnde olmal\u0131 ve yazarlar okurlarla bulu\u015fmal\u0131d\u0131r fikri ile geli\u015fen kitap fuar\u0131na 50 yay\u0131nevi kat\u0131lacak, 45 yazar ve 10 k\u00fclt\u00fcr sanat edit\u00f6r\u00fc etkinlik ger\u00e7ekle\u015ftirecek. Etkinlikler 14-24 \u015eubat 2013 tarihinde okullar ve K\u00fclt\u00fcr Merkezi i\u00e7inde yer alan salonlarda ge\u00e7ekle\u015ftirilecek.<\/p>\n","protected":false},"author":1,"featured_media":0,"comment_status":"open","ping_status":"open","sticky":false,"template":"","format":"standard","meta":{"footnotes":""},"categories":[1,1493],"tags":[],"class_list":["post-9480","post","type-post","status-publish","format-standard","hentry","category-genel","category-kitap-fuarlari-2"],"_links":{"self":[{"href":"https:\/\/www.bbyhaber.com\/bby\/wp-json\/wp\/v2\/posts\/9480"}],"collection":[{"href":"https:\/\/www.bbyhaber.com\/bby\/wp-json\/wp\/v2\/posts"}],"about":[{"href":"https:\/\/www.bbyhaber.com\/bby\/wp-json\/wp\/v2\/types\/post"}],"author":[{"embeddable":true,"href":"https:\/\/www.bbyhaber.com\/bby\/wp-json\/wp\/v2\/users\/1"}],"replies":[{"embeddable":true,"href":"https:\/\/www.bbyhaber.com\/bby\/wp-json\/wp\/v2\/comments?post=9480"}],"version-history":[{"count":0,"href":"https:\/\/www.bbyhaber.com\/bby\/wp-json\/wp\/v2\/posts\/9480\/revisions"}],"wp:attachment":[{"href":"https:\/\/www.bbyhaber.com\/bby\/wp-json\/wp\/v2\/media?parent=9480"}],"wp:term":[{"taxonomy":"category","embeddable":true,"href":"https:\/\/www.bbyhaber.com\/bby\/wp-json\/wp\/v2\/categories?post=9480"},{"taxonomy":"post_tag","embeddable":true,"href":"https:\/\/www.bbyhaber.com\/bby\/wp-json\/wp\/v2\/tags?post=9480"}],"curies":[{"name":"wp","href":"https:\/\/api.w.org\/{rel}","templated":true}]}}