{"id":948,"date":"2011-04-27T21:39:25","date_gmt":"2011-04-27T21:39:25","guid":{"rendered":"http:\/\/www.bbyhaber.com\/bby\/?p=948"},"modified":"2012-12-18T22:53:59","modified_gmt":"2012-12-18T20:53:59","slug":"bir-oyuncak-kutuphanesi-de-orduya","status":"publish","type":"post","link":"https:\/\/www.bbyhaber.com\/bby\/2011\/04\/27\/bir-oyuncak-kutuphanesi-de-orduya","title":{"rendered":"Bir Oyuncak K\u00fct\u00fcphanesi de Ordu&#8217;ya"},"content":{"rendered":"<p style=\"text-align: justify;\" align=\"justify\">Ordu&#8217;da Ba\u015f\u00f6\u011fretmen Anadolu Lisesi taraf\u0131ndan y\u00fcr\u00fct\u00fclen, \u201cBir \u00dcmit, Bir Gelecek\u201d projesi kapsam\u0131nda toplanacak \u00e7ocuk kitaplar\u0131 ve oyuncaklar, Gazi Halk K\u00fct\u00fcphanesinde miniklerin kullan\u0131m\u0131na sunulacak. Ordu Ba\u015f\u00f6\u011fretmen Anadolu Lisesi Biyoloji \u00d6\u011fretmeni \u00dcmit K\u00f6k\u00e7\u00fco\u011flu, AA muhabirine, projenin, \u201c\u00c7ocuktunuz hepiniz bir zamanlar, oyuncak bulamayanlar beni daha iyi anlar, evimizde bir kenarda duran kitap ve oyuncaklar ba\u015fka \u00e7ocuklarla mekan\u0131m\u0131z da bulu\u015facaklar\u201d slogan\u0131 ile ba\u015flat\u0131ld\u0131\u011f\u0131n\u0131 s\u00f6yledi.<!--more--><\/p>\n<p style=\"text-align: justify;\" align=\"justify\">Projenin amac\u0131n\u0131n, 0-6 ya\u015f grubu \u00e7ocuklar\u0131n\u0131n zihinsel ve bedensel geli\u015fimlerine katk\u0131da bulunmak, \u00e7e\u015fitli imkans\u0131zl\u0131klar nedeniyle evlerinde oyuncak bulunmayan \u00e7ocuklar\u0131n olu\u015fturulan mekanda zaman ge\u00e7irmelerini sa\u011flamak oldu\u011funu anlatan K\u00f6k\u00e7\u00fco\u011flu, \u00f6\u011frencilerle birlikte uzun s\u00fcredir hayal ettikleri bir projeyi hayata ge\u00e7irecek olman\u0131n mutlulu\u011funu ya\u015fad\u0131klar\u0131n\u0131 ifade etti.<\/p>\n<p style=\"text-align: justify;\" align=\"justify\">K\u00f6k\u00e7\u00fco\u011flu, Ordu Kent Konseyi Kad\u0131n Meclisinin deste\u011fini alan projeyi Valili\u011fe sunduklar\u0131n\u0131, Valili\u011fin projeyi onaylayarak \u0130l K\u00fclt\u00fcr ve Turizm M\u00fcd\u00fcrl\u00fc\u011f\u00fcne uygulamak i\u00e7in devretti\u011fini bildirdi. Projeyi ayn\u0131 okulda g\u00f6revli Biyoloji \u00d6\u011fretmeni Selahattin \u00d6zbucak ve \u00f6\u011frencilerle birlikte y\u00fcr\u00fctt\u00fcklerini ifade eden K\u00f6k\u00e7\u00fco\u011flu, okullardan ve g\u00f6n\u00fcll\u00fclerden kullanmad\u0131klar\u0131 oyuncak ve \u00e7ocuk kitaplar\u0131n\u0131 toplamaya ba\u015flad\u0131klar\u0131n\u0131, gelecek ay Gazi Halk K\u00fct\u00fcphanesinde proje i\u00e7in tahsis edilen b\u00f6l\u00fcmde \u00e7ocuk kitaplar\u0131 ve oyuncaklar\u0131 b\u00f6l\u00fcm\u00fc olu\u015fturacaklar\u0131n\u0131 s\u00f6yledi.<\/p>\n<p style=\"text-align: justify;\" align=\"justify\">K\u00f6k\u00e7\u00fco\u011flu, oyuncak k\u00fct\u00fcphanesinin 0-6 ya\u015f grubu \u00e7ocuklar\u0131n zeka geli\u015fimlerine de katk\u0131da bulunaca\u011f\u0131n\u0131 ifade ederek, \u015f\u00f6yle devam etti:<\/p>\n<p style=\"text-align: justify;\" align=\"justify\">\u201cBir\u00e7ok ilde oldu\u011fu gibi Ordu&#8217;da da 0-6 ya\u015f grubundaki \u00e7ocu\u011fumuzu al\u0131p gidip onlarla zaman ge\u00e7irece\u011fimiz, bir \u015feyler kataca\u011f\u0131m\u0131z bir mekan yok ne yaz\u0131k ki. Al\u0131\u015fveri\u015f merkezlerindeki mekanlarla k\u0131s\u0131tl\u0131 kal\u0131yoruz. Buras\u0131 \u00f6yle bir ortam olacak ki anne babalar gelip \u00e7ocuklar\u0131yla kitap okuyabilecekler. Tamamen \u00e7ocuklara uygun tasar\u0131mlardan olu\u015fmu\u015f bir mekan olacak. \u00c7ocuklar burada i\u015fitsel, g\u00f6rsel, hem de sosyal y\u00f6nden geli\u015fecekler. Burada ayn\u0131 zamanda anne babalara da \u00e7e\u015fitli etkinlikler d\u00fczenleyerek e\u011fitim vermek istiyoruz.\u201d<\/p>\n<p style=\"text-align: justify;\" align=\"justify\">-Projeye destek bekliyoruz<br \/>\nOrdu Gazi Halk K\u00fct\u00fcphanesi M\u00fcd\u00fcr\u00fc Bekir Se\u00e7il ise b\u00fcnyelerinde bir \u00e7ocuk kitaplar\u0131 ve oyuncak k\u00fct\u00fcphanesi a\u00e7\u0131lmas\u0131n\u0131 uzun zamand\u0131r istediklerini dile getirdi. K\u00fct\u00fcphanelerde emekliler i\u00e7in ayr\u0131, engelliler i\u00e7in ayr\u0131 b\u00f6l\u00fcmlerin olu\u015fturuldu\u011funu, kendilerinin g\u00f6nl\u00fcnden ge\u00e7enin ise \u00e7ocuk kitaplar\u0131 ve oyuncak k\u00fct\u00fcphanesi oldu\u011funu vurgulayan Se\u00e7il, \u201cBir \u00dcmit, Bir Gelecek\u201d projesi ile bunun ger\u00e7ekle\u015ftirilecek olmas\u0131ndan mutluluk duyduklar\u0131n\u0131 ifade etti. Ordu Ba\u015f\u00f6\u011fretmen Lisesi M\u00fcd\u00fcr\u00fc Muzaffer Kesik de Ordulular&#8217;dan projeye destek vermelerini istedi.<\/p>\n<p style=\"text-align: justify;\" align=\"justify\">-Karadeniz&#8217;de ilk olacak<br \/>\n\u00d6zellikle projenin uygulanaca\u011f\u0131 mekan\u0131n alt yap\u0131s\u0131n\u0131n haz\u0131rlanmas\u0131 konusunda deste\u011fe ihtiya\u00e7 duyuldu\u011funu belirten Kesik, \u201cKaradeniz B\u00f6lgesi&#8217;nde b\u00f6yle bir proje ilk defa uygulanacak. Ordulular \u00e7ocuklar\u0131n\u0131n kullanmad\u0131klar\u0131 oyuncaklar\u0131n bir b\u00f6l\u00fcm\u00fcn\u00fc \u015fimdiden g\u00f6ndermeye ba\u015flad\u0131lar bile\u201d dedi. Kesik, Valili\u011fin Gazi Halk K\u00fct\u00fcphanesinin Gezici K\u00fct\u00fcphane Otob\u00fcs\u00fc&#8217;n\u00fc proje i\u00e7in tahsis etti\u011fini, b\u00fct\u00fcn okullar\u0131n yard\u0131mlar\u0131n toplanmas\u0131 i\u00e7in tek tek gezilece\u011fini kaydetti.<\/p>\n<p style=\"text-align: justify;\" align=\"justify\">Projede yer alan \u00f6\u011frenciler ise, sosyal bir projede yer almaktan mutluluk duyduklar\u0131n\u0131 ifade ederek, di\u011fer \u00f6\u011frenci arkada\u015flar\u0131ndan evlerinde oynamad\u0131klar\u0131 oyuncaklar\u0131, okuduklar\u0131 ve art\u0131k bir kenarda bekleyen \u00e7ocuk kitaplar\u0131n\u0131 k\u00fct\u00fcphaneye ba\u011f\u0131\u015flamalar\u0131n\u0131 istediler.<strong><br \/>\n<\/strong><\/p>\n<p style=\"text-align: justify;\" align=\"justify\">Kaynak: http:\/\/www.haberordu.net<\/p>\n","protected":false},"excerpt":{"rendered":"<p>Ordu&#8217;da Ba\u015f\u00f6\u011fretmen Anadolu Lisesi taraf\u0131ndan y\u00fcr\u00fct\u00fclen, \u201cBir \u00dcmit, Bir Gelecek\u201d projesi kapsam\u0131nda toplanacak \u00e7ocuk kitaplar\u0131 ve oyuncaklar, Gazi Halk K\u00fct\u00fcphanesinde miniklerin kullan\u0131m\u0131na sunulacak. Ordu Ba\u015f\u00f6\u011fretmen Anadolu Lisesi Biyoloji \u00d6\u011fretmeni \u00dcmit K\u00f6k\u00e7\u00fco\u011flu, AA muhabirine, projenin, \u201c\u00c7ocuktunuz hepiniz bir zamanlar, oyuncak bulamayanlar beni daha iyi anlar, evimizde bir kenarda duran kitap ve oyuncaklar ba\u015fka \u00e7ocuklarla mekan\u0131m\u0131z da [&hellip;]<\/p>\n","protected":false},"author":1,"featured_media":0,"comment_status":"open","ping_status":"open","sticky":false,"template":"","format":"standard","meta":{"footnotes":""},"categories":[1594],"tags":[1439,1442],"class_list":["post-948","post","type-post","status-publish","format-standard","hentry","category-oyuncak-kutuphanesi","tag-cocuk-kutuphaneleri","tag-oyuncak-kutuphaneleri"],"_links":{"self":[{"href":"https:\/\/www.bbyhaber.com\/bby\/wp-json\/wp\/v2\/posts\/948"}],"collection":[{"href":"https:\/\/www.bbyhaber.com\/bby\/wp-json\/wp\/v2\/posts"}],"about":[{"href":"https:\/\/www.bbyhaber.com\/bby\/wp-json\/wp\/v2\/types\/post"}],"author":[{"embeddable":true,"href":"https:\/\/www.bbyhaber.com\/bby\/wp-json\/wp\/v2\/users\/1"}],"replies":[{"embeddable":true,"href":"https:\/\/www.bbyhaber.com\/bby\/wp-json\/wp\/v2\/comments?post=948"}],"version-history":[{"count":0,"href":"https:\/\/www.bbyhaber.com\/bby\/wp-json\/wp\/v2\/posts\/948\/revisions"}],"wp:attachment":[{"href":"https:\/\/www.bbyhaber.com\/bby\/wp-json\/wp\/v2\/media?parent=948"}],"wp:term":[{"taxonomy":"category","embeddable":true,"href":"https:\/\/www.bbyhaber.com\/bby\/wp-json\/wp\/v2\/categories?post=948"},{"taxonomy":"post_tag","embeddable":true,"href":"https:\/\/www.bbyhaber.com\/bby\/wp-json\/wp\/v2\/tags?post=948"}],"curies":[{"name":"wp","href":"https:\/\/api.w.org\/{rel}","templated":true}]}}