{"id":9477,"date":"2013-02-12T08:50:29","date_gmt":"2013-02-12T06:50:29","guid":{"rendered":"http:\/\/www.bbyhaber.com\/bby\/?p=9477"},"modified":"2013-02-12T08:52:22","modified_gmt":"2013-02-12T06:52:22","slug":"nilufer-kutuphane-turkiye%e2%80%99ye-ornek-oluyor","status":"publish","type":"post","link":"https:\/\/www.bbyhaber.com\/bby\/2013\/02\/12\/nilufer-kutuphane-turkiye%e2%80%99ye-ornek-oluyor","title":{"rendered":"Nil\u00fcfer K\u00fct\u00fcphane T\u00fcrkiye\u2019ye \u00f6rnek oluyor"},"content":{"rendered":"<div style=\"text-align: justify;\">\n<p><a href=\"http:\/\/www.olay.com.tr\/resimler\/158000\/159715_1.jpg\"><img loading=\"lazy\" decoding=\"async\" class=\"alignleft\" src=\"http:\/\/www.olay.com.tr\/resimler\/158000\/159715_1.jpg\" alt=\"\" width=\"178\" height=\"116\" \/><\/a>Nil\u00fcfer\u2019de \u00f6zellikle son d\u00f6nemde yo\u011funlu\u011fu artan kitap okuma kampanyalar\u0131, yazar s\u00f6yle\u015fileri ve at\u00f6lye \u00e7al\u0131\u015fmalar\u0131 ile \u00e7ocuklar ve geni\u015f okur kitleleri i\u00e7in k\u00fct\u00fcphaneleri yeniden bir bulu\u015fma, payla\u015fma ve sosyalle\u015fme alan\u0131 haline getiren Nil\u00fcfer K\u00fct\u00fcphane, \u00e7al\u0131\u015fmalar\u0131n\u0131 Zeynep Terzio\u011flu koordinat\u00f6rl\u00fc\u011f\u00fcnde s\u00fcrd\u00fcr\u00fcyor. Yerel y\u00f6netimlerin de k\u00fct\u00fcphanecilik alan\u0131nda ba\u015far\u0131l\u0131 olabilece\u011fini g\u00f6stererek<!--more--> T\u00fcrkiye\u2019ye \u00f6rnek olan Nil\u00fcfer K\u00fct\u00fcphane, farkl\u0131 mekanlarda olu\u015fturdu\u011fu d\u00f6rt k\u00fct\u00fcphane ile sadece k\u00fclt\u00fcr-sanat \u00e7evrelerinin de\u011fil, e\u011fitim d\u00fcnyas\u0131 ve sivil toplum \u00f6rg\u00fctlerinin de takdirini kazan\u0131yor.<\/p>\n<p>K\u00fct\u00fcphane Koordinat\u00f6r\u00fc Zeynep Terzio\u011flu Ba\u015fkan Bozbey taraf\u0131ndan plaketle \u00f6d\u00fcllendirildi.Nil\u00fcfer Belediyesi\u2019nin k\u00fct\u00fcphanecili\u011fe verdi\u011fi \u00f6nem sayesinde Nil\u00fcfer K\u00fct\u00fcphane\u2019nin h\u0131zla geli\u015fti\u011fini ifade eden Terzio\u011flu \u2019Hedefimiz sadece raflar dolusu kitaplar ve d\u00f6rt duvarla \u00e7evreli mekanlar yapmak de\u011fil, k\u00fct\u00fcphaneleri bulu\u015fma mekanlar\u0131, d\u00fc\u015f\u00fcncelerin payla\u015f\u0131ld\u0131\u011f\u0131 sosyalle\u015fme mekanlar\u0131 olu\u015fturmak\u2019 dedi.<\/p>\n<p>Kaynak: www.olay.com.tr<\/p>\n<\/div>\n","protected":false},"excerpt":{"rendered":"<p>Nil\u00fcfer\u2019de \u00f6zellikle son d\u00f6nemde yo\u011funlu\u011fu artan kitap okuma kampanyalar\u0131, yazar s\u00f6yle\u015fileri ve at\u00f6lye \u00e7al\u0131\u015fmalar\u0131 ile \u00e7ocuklar ve geni\u015f okur kitleleri i\u00e7in k\u00fct\u00fcphaneleri yeniden bir bulu\u015fma, payla\u015fma ve sosyalle\u015fme alan\u0131 haline getiren Nil\u00fcfer K\u00fct\u00fcphane, \u00e7al\u0131\u015fmalar\u0131n\u0131 Zeynep Terzio\u011flu koordinat\u00f6rl\u00fc\u011f\u00fcnde s\u00fcrd\u00fcr\u00fcyor. Yerel y\u00f6netimlerin de k\u00fct\u00fcphanecilik alan\u0131nda ba\u015far\u0131l\u0131 olabilece\u011fini g\u00f6stererek<\/p>\n","protected":false},"author":1,"featured_media":0,"comment_status":"open","ping_status":"open","sticky":false,"template":"","format":"standard","meta":{"footnotes":""},"categories":[1],"tags":[],"class_list":["post-9477","post","type-post","status-publish","format-standard","hentry","category-genel"],"_links":{"self":[{"href":"https:\/\/www.bbyhaber.com\/bby\/wp-json\/wp\/v2\/posts\/9477"}],"collection":[{"href":"https:\/\/www.bbyhaber.com\/bby\/wp-json\/wp\/v2\/posts"}],"about":[{"href":"https:\/\/www.bbyhaber.com\/bby\/wp-json\/wp\/v2\/types\/post"}],"author":[{"embeddable":true,"href":"https:\/\/www.bbyhaber.com\/bby\/wp-json\/wp\/v2\/users\/1"}],"replies":[{"embeddable":true,"href":"https:\/\/www.bbyhaber.com\/bby\/wp-json\/wp\/v2\/comments?post=9477"}],"version-history":[{"count":0,"href":"https:\/\/www.bbyhaber.com\/bby\/wp-json\/wp\/v2\/posts\/9477\/revisions"}],"wp:attachment":[{"href":"https:\/\/www.bbyhaber.com\/bby\/wp-json\/wp\/v2\/media?parent=9477"}],"wp:term":[{"taxonomy":"category","embeddable":true,"href":"https:\/\/www.bbyhaber.com\/bby\/wp-json\/wp\/v2\/categories?post=9477"},{"taxonomy":"post_tag","embeddable":true,"href":"https:\/\/www.bbyhaber.com\/bby\/wp-json\/wp\/v2\/tags?post=9477"}],"curies":[{"name":"wp","href":"https:\/\/api.w.org\/{rel}","templated":true}]}}