{"id":9465,"date":"2013-02-11T15:00:32","date_gmt":"2013-02-11T13:00:32","guid":{"rendered":"http:\/\/www.bbyhaber.com\/bby\/?p=9465"},"modified":"2013-02-11T15:02:40","modified_gmt":"2013-02-11T13:02:40","slug":"gorme-engelliler-icin-e-kitap","status":"publish","type":"post","link":"https:\/\/www.bbyhaber.com\/bby\/2013\/02\/11\/gorme-engelliler-icin-e-kitap","title":{"rendered":"G\u00f6rme engelliler i\u00e7in e-kitap"},"content":{"rendered":"<p style=\"text-align: justify;\"><a href=\"http:\/\/www.bbyhaber.com\/bby\/wp-content\/uploads\/2013\/02\/braille-e-book.jpg\"><img loading=\"lazy\" decoding=\"async\" class=\"alignleft size-thumbnail wp-image-9466\" title=\"braille-e-book\" src=\"http:\/\/www.bbyhaber.com\/bby\/wp-content\/uploads\/2013\/02\/braille-e-book.jpg\" alt=\"\" width=\"200\" height=\"150\" \/><\/a>G\u00f6rme engellilerin kitap okuyabilmesi i\u00e7in geli\u015ftirilen Braille alfabesinin e-kitap okuyucu cihazlara uyumlu hale getirilebildi\u011fi bir tasar\u0131m yap\u0131ld\u0131. Bir metnin Braille alfabesine \u00e7evrilmesi yakla\u015f\u0131k iki kat\u0131 kadar sayfa kal\u0131nl\u0131\u011f\u0131 ve zaman gerektirdi\u011finden g\u00f6rme engelliler i\u00e7in yeterli say\u0131da kitap \u00e7evirisi bulunmuyor.\u00a0Bu yeni e-kitap okuyucu tasar\u0131m\u0131nda kullan\u0131lan elektromanyetik <!--more-->sinyal yoluyla y\u00fczeyde alfabe belirebilecek ve \u00a0g\u00f6rme engelliler Braille alfabesini e-kitap okuyucu cihazlarda kullanman\u0131n pek\u00e7ok avantaj\u0131n\u0131 ya\u015fayabilecek. Cihaz hen\u00fcz ar-ge a\u015famas\u0131nda, yeterli yat\u0131r\u0131m yap\u0131l\u0131rsa hayata ge\u00e7ebilece\u011fi s\u00f6yleniyor.<\/p>\n<p style=\"text-align: justify;\">Kaynak: http:\/\/www.edebiyathaber.net\/<\/p>\n","protected":false},"excerpt":{"rendered":"<p>G\u00f6rme engellilerin kitap okuyabilmesi i\u00e7in geli\u015ftirilen Braille alfabesinin e-kitap okuyucu cihazlara uyumlu hale getirilebildi\u011fi bir tasar\u0131m yap\u0131ld\u0131. Bir metnin Braille alfabesine \u00e7evrilmesi yakla\u015f\u0131k iki kat\u0131 kadar sayfa kal\u0131nl\u0131\u011f\u0131 ve zaman gerektirdi\u011finden g\u00f6rme engelliler i\u00e7in yeterli say\u0131da kitap \u00e7evirisi bulunmuyor.\u00a0Bu yeni e-kitap okuyucu tasar\u0131m\u0131nda kullan\u0131lan elektromanyetik<\/p>\n","protected":false},"author":1,"featured_media":0,"comment_status":"open","ping_status":"open","sticky":false,"template":"","format":"standard","meta":{"footnotes":""},"categories":[1],"tags":[464,465],"class_list":["post-9465","post","type-post","status-publish","format-standard","hentry","category-genel","tag-braille-e-kitap","tag-gorme-engelli-e-kitap"],"_links":{"self":[{"href":"https:\/\/www.bbyhaber.com\/bby\/wp-json\/wp\/v2\/posts\/9465"}],"collection":[{"href":"https:\/\/www.bbyhaber.com\/bby\/wp-json\/wp\/v2\/posts"}],"about":[{"href":"https:\/\/www.bbyhaber.com\/bby\/wp-json\/wp\/v2\/types\/post"}],"author":[{"embeddable":true,"href":"https:\/\/www.bbyhaber.com\/bby\/wp-json\/wp\/v2\/users\/1"}],"replies":[{"embeddable":true,"href":"https:\/\/www.bbyhaber.com\/bby\/wp-json\/wp\/v2\/comments?post=9465"}],"version-history":[{"count":0,"href":"https:\/\/www.bbyhaber.com\/bby\/wp-json\/wp\/v2\/posts\/9465\/revisions"}],"wp:attachment":[{"href":"https:\/\/www.bbyhaber.com\/bby\/wp-json\/wp\/v2\/media?parent=9465"}],"wp:term":[{"taxonomy":"category","embeddable":true,"href":"https:\/\/www.bbyhaber.com\/bby\/wp-json\/wp\/v2\/categories?post=9465"},{"taxonomy":"post_tag","embeddable":true,"href":"https:\/\/www.bbyhaber.com\/bby\/wp-json\/wp\/v2\/tags?post=9465"}],"curies":[{"name":"wp","href":"https:\/\/api.w.org\/{rel}","templated":true}]}}