{"id":9454,"date":"2013-02-11T10:31:57","date_gmt":"2013-02-11T08:31:57","guid":{"rendered":"http:\/\/www.bbyhaber.com\/bby\/?p=9454"},"modified":"2013-02-11T10:40:45","modified_gmt":"2013-02-11T08:40:45","slug":"koy-okullarina-kutuphane-kurma-kampanyasi-mus","status":"publish","type":"post","link":"https:\/\/www.bbyhaber.com\/bby\/2013\/02\/11\/koy-okullarina-kutuphane-kurma-kampanyasi-mus","title":{"rendered":"K\u00f6y Okullar\u0131na K\u00fct\u00fcphane Kurma Kampanyas\u0131-Mu\u015f"},"content":{"rendered":"<p style=\"text-align: justify;\">Mu\u015f, K\u00f6y ve K\u00f6y Okullar\u0131n\u0131 Geli\u015ftirme G\u00fczelle\u015ftirme ve Kalk\u0131nd\u0131rma Derne\u011fi (K\u00d6Y-GEL-DER), her k\u00f6ye bir k\u00fct\u00fcphane kurulmas\u0131 i\u00e7in kampanya ba\u015flatt\u0131.K\u00d6Y-GEL-DER Mu\u015f\u2019ta k\u00fct\u00fcphanesi bulunmayan en az 10 k\u00f6y okuluna k\u00fct\u00fcphane yapt\u0131rmak i\u00e7in kollar\u0131 s\u0131vad\u0131. K\u00f6y okullar\u0131na k\u00fct\u00fcphane kurmak i\u00e7in \u2018K\u00fct\u00fcphaneleri Kurmak Bizden, Raflar\u0131 Doldurmak Sizden\u2019 slogan\u0131 ile kampanya ba\u015flatan dernek, 4 b\u00fcy\u00fck tak\u0131m\u0131n renkleri ile ayr\u0131 ayr\u0131 haz\u0131rlanan kampanyan\u0131n g\u00f6rsel dok\u00fcmanlar\u0131 ile taraftarlardan destek bulmay\u0131 ama\u00e7l\u0131yor.<!--more--> K\u00d6Y-GEL-DER Ba\u015fkan\u0131 Murat \u00c7ald\u0131r, T\u00fcrkiye geneli ba\u015flatt\u0131klar\u0131 kampanyaya daha \u015fimdiden ilginin b\u00fcy\u00fck oldu\u011funu s\u00f6yledi. \u00c7ald\u0131r, yaz\u0131l\u0131 ve g\u00f6rsel bas\u0131nda da destek beklediklerini hat\u0131rlatarak, \u201cMu\u015f\u2019ta \u00e7ok k\u0131sa bir ge\u00e7mi\u015fe sahip olan derne\u011fimiz bu s\u00fcre\u00e7 i\u00e7erisinde bir\u00e7ok hizmete imza atm\u0131\u015ft\u0131r. \u0130lk olarak i\u015fsiz gen\u00e7leri k\u00f6t\u00fc al\u0131\u015fkanl\u0131klardan uzak tutmak i\u00e7in kurdu\u011fumuz dernekle bak\u0131m ve onar\u0131ma ihtiya\u00e7 duyan okullarda tadilatlar ba\u015flatt\u0131k. Sonras\u0131nda g\u00f6rd\u00fck ki bu i\u015f sadece bak\u0131m ve onar\u0131mla olmuyor. Ard\u0131ndan yard\u0131m kampanyalar\u0131 ba\u015flatarak ihtiya\u00e7 sahibi \u00f6\u011frencilerin ihtiya\u00e7lar\u0131n\u0131 giderdik. \u015eimdi de hi\u00e7 k\u00fct\u00fcphanesi olmayan okullar\u0131m\u0131za k\u00fct\u00fcphane kurmak i\u00e7in kollar\u0131m\u0131z\u0131 s\u0131vad\u0131k. Kampanya ile ilk etapta en az 10 k\u00f6y okulumuza k\u00fct\u00fcphane kuraca\u011f\u0131z. Bu konuda gerek yerel gerekse ulusal bas\u0131ndan destek bekledi\u011fimizi hat\u0131rlatmak isterim\u201d dedi.<\/p>\n<p style=\"text-align: justify;\">4 b\u00fcy\u00fck tak\u0131m\u0131n renkleri ile ayr\u0131 ayr\u0131 kampanya g\u00f6rselleri haz\u0131rlad\u0131klar\u0131n\u0131 vurgulayan \u00c7ald\u0131r, \u201cGalatasaray, Trabzonspor, Be\u015fikta\u015f ve Fenerbah\u00e7e spor kul\u00fcplerinin renkleri ile ayr\u0131 ayr\u0131 kampanya tan\u0131t\u0131m afi\u015f ve bro\u015f\u00fcrleri haz\u0131rlad\u0131k. Bununla da taraftarlar\u0131n dikkatini \u00e7ekmek istiyoruz. Asl\u0131nda k\u00fct\u00fcphaneleri de bu renkler \u00fczerine kuraca\u011f\u0131z. K\u00fct\u00fcphanelerde her tak\u0131m\u0131n kendine ait b\u00f6l\u00fcm\u00fc olacak. Bu b\u00f6l\u00fcmlerde taraftarlar taraf\u0131ndan g\u00f6nderilen kitaplar yer alacak. B\u00f6ylelikle hangi tak\u0131m\u0131n kampanyaya daha \u00e7ok destek verdi\u011fi de ortaya \u00e7\u0131km\u0131\u015f olacak\u201d dedi.<\/p>\n<p style=\"text-align: justify;\">Dernek olarak Mu\u015f i\u00e7in faydal\u0131 olan her \u015feye el uzatmak istediklerini belirten Ba\u015fkan \u00c7ald\u0131r, uyu\u015fturucu madde kullan\u0131m oran\u0131n\u0131n azalt\u0131lmas\u0131 i\u00e7in \u00e7al\u0131\u015fma yap\u0131lmas\u0131 gerekti\u011fini hat\u0131rlatt\u0131. \u00c7ald\u0131r, \u201cUyu\u015fturucu madde ba\u011f\u0131ml\u0131\u011f\u0131nda oran k\u00fc\u00e7\u00fck ya\u015flara kadar d\u00fc\u015ft\u00fc\u011f\u00fc g\u00f6zlenmektedir. Bu durum bizleri endi\u015felendiriyor. Devletin bir an evvel kal\u0131c\u0131 \u00e7\u00f6z\u00fcmlerle bu i\u015fin \u00fczerine gitmesi gerekmektedir. Yetkililerimiz bu alanda faaliyet y\u00fcr\u00fcten STK\u2019lar\u0131 da desteklemelidir. Fikir al\u0131\u015fveri\u015flerinde bulunmal\u0131d\u0131r. Korkulan bir gelecek, korku sa\u00e7an bir gen\u00e7lik istemiyoruz. Bu gen\u00e7li\u011fin gidi\u015fat\u0131ndan endi\u015fe eden bir dernek temsilcisi olarak biz ge\u00e7mi\u015fimizde yapt\u0131\u011f\u0131m\u0131z gibi bundan sonraki d\u00f6nemlerde de her zaman \u00fczerimize d\u00fc\u015feni yapmaya haz\u0131r\u0131z\u201d \u015feklinde konu\u015ftu.<\/p>\n<p style=\"text-align: justify;\">Kaynak: http:\/\/www.haberciniz.biz<\/p>\n","protected":false},"excerpt":{"rendered":"<p>Mu\u015f, K\u00f6y ve K\u00f6y Okullar\u0131n\u0131 Geli\u015ftirme G\u00fczelle\u015ftirme ve Kalk\u0131nd\u0131rma Derne\u011fi (K\u00d6Y-GEL-DER), her k\u00f6ye bir k\u00fct\u00fcphane kurulmas\u0131 i\u00e7in kampanya ba\u015flatt\u0131.K\u00d6Y-GEL-DER Mu\u015f\u2019ta k\u00fct\u00fcphanesi bulunmayan en az 10 k\u00f6y okuluna k\u00fct\u00fcphane yapt\u0131rmak i\u00e7in kollar\u0131 s\u0131vad\u0131. K\u00f6y okullar\u0131na k\u00fct\u00fcphane kurmak i\u00e7in \u2018K\u00fct\u00fcphaneleri Kurmak Bizden, Raflar\u0131 Doldurmak Sizden\u2019 slogan\u0131 ile kampanya ba\u015flatan dernek, 4 b\u00fcy\u00fck tak\u0131m\u0131n renkleri ile ayr\u0131 ayr\u0131 [&hellip;]<\/p>\n","protected":false},"author":1,"featured_media":0,"comment_status":"open","ping_status":"open","sticky":false,"template":"","format":"standard","meta":{"footnotes":""},"categories":[1,1498],"tags":[845],"class_list":["post-9454","post","type-post","status-publish","format-standard","hentry","category-genel","category-koy-kutuphaneleri","tag-okul-kutuphaneleri"],"_links":{"self":[{"href":"https:\/\/www.bbyhaber.com\/bby\/wp-json\/wp\/v2\/posts\/9454"}],"collection":[{"href":"https:\/\/www.bbyhaber.com\/bby\/wp-json\/wp\/v2\/posts"}],"about":[{"href":"https:\/\/www.bbyhaber.com\/bby\/wp-json\/wp\/v2\/types\/post"}],"author":[{"embeddable":true,"href":"https:\/\/www.bbyhaber.com\/bby\/wp-json\/wp\/v2\/users\/1"}],"replies":[{"embeddable":true,"href":"https:\/\/www.bbyhaber.com\/bby\/wp-json\/wp\/v2\/comments?post=9454"}],"version-history":[{"count":0,"href":"https:\/\/www.bbyhaber.com\/bby\/wp-json\/wp\/v2\/posts\/9454\/revisions"}],"wp:attachment":[{"href":"https:\/\/www.bbyhaber.com\/bby\/wp-json\/wp\/v2\/media?parent=9454"}],"wp:term":[{"taxonomy":"category","embeddable":true,"href":"https:\/\/www.bbyhaber.com\/bby\/wp-json\/wp\/v2\/categories?post=9454"},{"taxonomy":"post_tag","embeddable":true,"href":"https:\/\/www.bbyhaber.com\/bby\/wp-json\/wp\/v2\/tags?post=9454"}],"curies":[{"name":"wp","href":"https:\/\/api.w.org\/{rel}","templated":true}]}}