{"id":9451,"date":"2013-02-09T11:42:32","date_gmt":"2013-02-09T09:42:32","guid":{"rendered":"http:\/\/www.bbyhaber.com\/bby\/?p=9451"},"modified":"2013-02-14T09:33:19","modified_gmt":"2013-02-14T07:33:19","slug":"nadide-kitaplar-dijital-koruma-altina-aliniyor-istanbul-buyuksehir-belediyesi","status":"publish","type":"post","link":"https:\/\/www.bbyhaber.com\/bby\/2013\/02\/09\/nadide-kitaplar-dijital-koruma-altina-aliniyor-istanbul-buyuksehir-belediyesi","title":{"rendered":"Nadide kitaplar dijital koruma alt\u0131na al\u0131n\u0131yor-\u0130stanbul B\u00fcy\u00fck\u015fehir Belediyesi"},"content":{"rendered":"<p style=\"text-align: justify;\"><a href=\"http:\/\/www.ibb.gov.tr\/tr-TR\/HaberResim\/20953\/_t\/IMG_5135_JPG.JPG\"><img loading=\"lazy\" decoding=\"async\" class=\"alignleft\" src=\"http:\/\/www.ibb.gov.tr\/tr-TR\/HaberResim\/20953\/_t\/IMG_5135_JPG.JPG\" alt=\"\" width=\"150\" height=\"150\" \/><\/a>\u0130stanbul B\u00fcy\u00fck\u015fehir Belediyesi (\u0130BB) K\u00fct\u00fcphane ve M\u00fczeler M\u00fcd\u00fcrl\u00fc\u011f\u00fc\u2019nde Bulunan &#8220;<a title=\"Proje Tan\u0131t\u0131m Toplant\u0131s\u0131-Osmanl\u0131 D\u00f6nemi Nadir Eserlerinin Say\u0131salla\u015ft\u0131r\u0131lmas\u0131-07 \u015eubat 2013\" href=\"http:\/\/www.bbyhaber.com\/bby\/2013\/01\/29\/osmanli-donemi-nadir-eserlerinin-sayisallastirilmasi\/\">Osmanl\u0131 D\u00f6nemi Nadir Eserlerin Kataloglanmas\u0131, Dijital Ortama Aktar\u0131lmas\u0131 ve Elektronik Ortamda Kullan\u0131ma Sunulmas\u0131<\/a>\u201d projesi tan\u0131t\u0131m toplant\u0131s\u0131 \u0130BB K\u00fct\u00fcphane ve M\u00fczeler M\u00fcd\u00fcrl\u00fc\u011f\u00fc Atat\u00fcrk Kitapl\u0131\u011f\u0131 Konferans Salonunda ger\u00e7ekle\u015ftirildi. <!--more-->Toplant\u0131ya \u0130BB Genel Sekreter Yard\u0131mc\u0131 Ali Alt\u0131nta\u015f, K\u00fclt\u00fcr ve Sosyal \u0130\u015fler Daire Ba\u015fkan\u0131 Abdurrahman \u015een, K\u00fct\u00fcphane ve M\u00fczeler M\u00fcd\u00fcr\u00fc Ramazan Minder ile \u00fcniversite \u00f6\u011fretim \u00fcyeleri, k\u00fct\u00fcphaneciler, ara\u015ft\u0131rmac\u0131lar ve \u00e7ok say\u0131da davetli kat\u0131ld\u0131. Projeyle; \u0130BB K\u00fct\u00fcphane ve M\u00fczeler M\u00fcd\u00fcrl\u00fc\u011f\u00fc Atat\u00fcrk Kitapl\u0131\u011f\u0131\u2019nda bulunan Arap\u00e7a, Fars\u00e7a ve Osmanl\u0131 T\u00fcrk\u00e7esi ile bas\u0131lm\u0131\u015f <strong>40 bin adet nadir eserin<\/strong> kataloglama ve niteleme i\u015flemleri uluslararas\u0131 k\u00fct\u00fcphanecilik standartlar\u0131na uygun hale getirilecek.<\/p>\n<p style=\"text-align: justify;\">Eserlerin taranarak say\u0131sal ortama aktar\u0131lmas\u0131, depolanmas\u0131 ve web \u00fczerinden \u00fccretsiz olarak hizmete sunulmas\u0131 amac\u0131yla yap\u0131lan proje sonunda Atat\u00fcrk Kitapl\u0131\u011f\u0131\u2019nda bulunan bas\u0131l\u0131 k\u00fclt\u00fcrel miras\u0131n korunmas\u0131, g\u00f6r\u00fcn\u00fcrl\u00fc\u011f\u00fcn\u00fcn artt\u0131r\u0131lmas\u0131 ve bilgiye eri\u015fiminin daha etkin ve yayg\u0131n bir hale getirilmesi ama\u00e7lan\u0131yor.<\/p>\n<p style=\"text-align: justify;\">Kaynak:http:\/\/www.ibb.gov.tr<\/p>\n","protected":false},"excerpt":{"rendered":"<p>\u0130stanbul B\u00fcy\u00fck\u015fehir Belediyesi (\u0130BB) K\u00fct\u00fcphane ve M\u00fczeler M\u00fcd\u00fcrl\u00fc\u011f\u00fc\u2019nde Bulunan &#8220;Osmanl\u0131 D\u00f6nemi Nadir Eserlerin Kataloglanmas\u0131, Dijital Ortama Aktar\u0131lmas\u0131 ve Elektronik Ortamda Kullan\u0131ma Sunulmas\u0131\u201d projesi tan\u0131t\u0131m toplant\u0131s\u0131 \u0130BB K\u00fct\u00fcphane ve M\u00fczeler M\u00fcd\u00fcrl\u00fc\u011f\u00fc Atat\u00fcrk Kitapl\u0131\u011f\u0131 Konferans Salonunda ger\u00e7ekle\u015ftirildi.<\/p>\n","protected":false},"author":1,"featured_media":0,"comment_status":"open","ping_status":"open","sticky":false,"template":"","format":"standard","meta":{"footnotes":""},"categories":[1479,1,1500,1509],"tags":[438,1441],"class_list":["post-9451","post","type-post","status-publish","format-standard","hentry","category-dijital-kopyalama","category-genel","category-nadir-eserler","category-yazma-eserler","tag-el-yazmalari","tag-yazma-eser-kutuphaneleri"],"_links":{"self":[{"href":"https:\/\/www.bbyhaber.com\/bby\/wp-json\/wp\/v2\/posts\/9451"}],"collection":[{"href":"https:\/\/www.bbyhaber.com\/bby\/wp-json\/wp\/v2\/posts"}],"about":[{"href":"https:\/\/www.bbyhaber.com\/bby\/wp-json\/wp\/v2\/types\/post"}],"author":[{"embeddable":true,"href":"https:\/\/www.bbyhaber.com\/bby\/wp-json\/wp\/v2\/users\/1"}],"replies":[{"embeddable":true,"href":"https:\/\/www.bbyhaber.com\/bby\/wp-json\/wp\/v2\/comments?post=9451"}],"version-history":[{"count":0,"href":"https:\/\/www.bbyhaber.com\/bby\/wp-json\/wp\/v2\/posts\/9451\/revisions"}],"wp:attachment":[{"href":"https:\/\/www.bbyhaber.com\/bby\/wp-json\/wp\/v2\/media?parent=9451"}],"wp:term":[{"taxonomy":"category","embeddable":true,"href":"https:\/\/www.bbyhaber.com\/bby\/wp-json\/wp\/v2\/categories?post=9451"},{"taxonomy":"post_tag","embeddable":true,"href":"https:\/\/www.bbyhaber.com\/bby\/wp-json\/wp\/v2\/tags?post=9451"}],"curies":[{"name":"wp","href":"https:\/\/api.w.org\/{rel}","templated":true}]}}