{"id":944,"date":"2011-05-09T21:37:35","date_gmt":"2011-05-09T21:37:35","guid":{"rendered":"http:\/\/www.bbyhaber.com\/bby\/?p=944"},"modified":"2012-09-05T23:55:46","modified_gmt":"2012-09-05T20:55:46","slug":"10-yilda-bir-kitap-okuyoruz","status":"publish","type":"post","link":"https:\/\/www.bbyhaber.com\/bby\/2011\/05\/09\/10-yilda-bir-kitap-okuyoruz","title":{"rendered":"10 Y\u0131lda Bir Kitap Okuyoruz"},"content":{"rendered":"<p style=\"text-align: justify;\" align=\"justify\">Demokrat E\u011fitimciler Sendikas\u0131 (DES) Genel Ba\u015fkan\u0131 G\u00fcrkan Avc\u0131, &#8220;T\u00fcrk halk\u0131 ortalama 10 y\u0131lda bir kitap okuyor. Ki\u015fi ba\u015f\u0131 y\u0131ll\u0131k kitap harcamas\u0131 ise dolar\u0131 bile bulmuyor&#8221; dedi. DES&#8217;in Ar-Ge kurulu\u015fu DESAM&#8217;\u0131n &#8216;D\u00fcnya Kitap Haftas\u0131&#8217; dolay\u0131s\u0131yla haz\u0131rlad\u0131\u011f\u0131 ara\u015ft\u0131rma raporu ile ilgili a\u00e7\u0131klamalarda bulunan Avc\u0131, T\u00fcrkiye&#8217;de kitap okunmamas\u0131n\u0131n yap\u0131sal nedenleri oldu\u011funu belirterek, okul \u00f6ncesi d\u00f6nemden \u00fcniversite e\u011fitiminin sonras\u0131na kadar kitap okuman\u0131n stratejik bir konu olarak ele al\u0131nmad\u0131\u011f\u0131n\u0131 s\u00f6yledi.<!--more--><\/p>\n<p style=\"text-align: justify;\" align=\"justify\">Ge\u00e7en y\u0131lki rakamlara g\u00f6re T\u00fcrkiye&#8217;de toplam 45 \u00e7ocuk k\u00fct\u00fcphanesi, 14 yazma eser k\u00fct\u00fcphanesi ve 55 gezici k\u00fct\u00fcphane olmak \u00fczere toplam bin 152 k\u00fct\u00fcphane olmas\u0131na kar\u015f\u0131l\u0131k Almanya&#8217;da 10 bin 531, \u0130ngiltere&#8217;de 4 bin 620, \u0130spanya&#8217;da 5 bin 209 k\u00fct\u00fcphane bulundu\u011funu belirten Avc\u0131, &#8220;T\u00fcrkiye&#8217;de ise 52 k\u00fct\u00fcphane \u00e7e\u015fitli nedenlerle kapal\u0131d\u0131r. T\u00fcrkiye&#8217;deki k\u00fct\u00fcphanelerde 13 milyon kitap olmas\u0131na kar\u015f\u0131l\u0131k, Bulgaristan&#8217;da 46 milyon, Rusya&#8217;da 739 milyon, Almanya&#8217;daki k\u00fct\u00fcphanelerde 104 milyon kitap mevcut. T\u00fcrkiye&#8217;de k\u00fct\u00fcphanelere kay\u0131tl\u0131 \u00fcye say\u0131s\u0131 493 bin 500 iken, \u0130ran&#8217;da 7 milyon, Fransa&#8217;da 16 milyon, \u0130ngiltere&#8217;de 35 milyon k\u00fct\u00fcphane \u00fcyesi bulunuyor. Almanya&#8217;da 7 bin 500 ki\u015fiye bir k\u00fct\u00fcphane d\u00fc\u015ferken, T\u00fcrkiye&#8217;de 68 bin 500 ki\u015fiye bir halk k\u00fct\u00fcphanesi d\u00fc\u015fmektedir. Almanya&#8217;da halk k\u00fct\u00fcphanelerinde \u00e7al\u0131\u015fan k\u00fct\u00fcphaneci say\u0131s\u0131 8 bin 337, Fransa&#8217;da 7 bin 88, \u0130ngiltere&#8217;de 6 bin 978, \u0130spanya&#8217;da 3 bin 794, T\u00fcrkiye&#8217;de sadece 333 ki\u015fidir. Japonya&#8217;da toplumun y\u00fczde 14&#8217;\u00fc, Amerika&#8217;da y\u00fczde 12&#8217;si, \u0130ngiltere ve Fransa&#8217;da y\u00fczde 21&#8217;i d\u00fczenli kitap okurken, T\u00fcrkiye&#8217;de yaln\u0131zca binde 1 ki\u015fi kitap okuyor. Bir Japon y\u0131lda ortalama 25, bir \u0130svi\u00e7reli y\u0131lda ortalama 10, bir Frans\u0131z y\u0131lda ortalama 7, bir T\u00fcrk ise 10 y\u0131lda ancak 1 kitap okuyor&#8221; dedi. T\u00fcrkiye&#8217;nin kitap okuma konusunda \u00e7o\u011fu Afrika \u00fclkesinin gerisinde kald\u0131\u011f\u0131n\u0131 ve Birle\u015fmi\u015f Milletler \u0130nsani Geli\u015fim Raporu&#8217;na g\u00f6re T\u00fcrkiye&#8217;nin okuma al\u0131\u015fkanl\u0131\u011f\u0131nda Uganda, Tanzanya gibi \u00fclkelerin de bulundu\u011fu 173 \u00fclke aras\u0131nda 86&#8217;nc\u0131 s\u0131rada yer ald\u0131\u011f\u0131n\u0131 ifade eden Avc\u0131, bir y\u0131lda ders kitaplar\u0131 hari\u00e7 Amerika&#8217;da 72 bin, Almanya&#8217;da 65 bin, Brezilya&#8217;da 13 bin, T\u00fcrkiye&#8217;de ise 6 bin 31 kitap yay\u0131mland\u0131\u011f\u0131n\u0131 kaydetti.<\/p>\n<p style=\"text-align: justify;\" align=\"justify\">Avc\u0131, AB \u00fclkelerinde y\u0131ll\u0131k kitap harcamas\u0131 500 dolarken T\u00fcrkiye&#8217;de 2 dolar oldu\u011funa dikkat \u00e7ekti. \u00d6\u011frencilerin ders kitaplar\u0131ndan ba\u015fka kitap okumad\u0131klar\u0131, hatta ders kitab\u0131 bile okumad\u0131klar\u0131n\u0131 ifade eden Avc\u0131, &#8220;Gen\u00e7lik kitap okumuyor ama ne kadar \u015fa\u015f\u0131rt\u0131c\u0131d\u0131r ki her konuda iddias\u0131 ve bilgisi var.<\/p>\n<p style=\"text-align: justify;\" align=\"justify\">Halk\u0131m\u0131z televizyon seyretmeyi, birka\u00e7 \u015fark\u0131c\u0131n\u0131n \u00f6zel hayat\u0131n\u0131, dedikodular\u0131n\u0131 \u00f6\u011frenmeyi o kadar abartm\u0131\u015f ki, de\u011fil kitap okumay\u0131, ciddi televizyon programlar\u0131n\u0131 bile izlemiyor. Futbolcular\u0131n k\u00fcnyesini, sevgililerini ezbere bilen ama gazeteleri, kitaplar\u0131 &#8216;yalan makinesi&#8217; diye ifade eden halk\u0131m\u0131z var. \u00c7ocuklar\u0131n ve gen\u00e7lerin kitap okumamas\u0131n\u0131n en \u00f6nemli nedeni ailede kitap okuma gelene\u011finin olu\u015fmamas\u0131. \u0130\u015fte bunun i\u00e7in \u00fclkemiz y\u0131llard\u0131r yang\u0131n yeri gibi. Okumad\u0131\u011f\u0131m\u0131z i\u00e7in d\u00fcr\u00fcst ve yetenekli politikac\u0131lar\u0131, donan\u0131ml\u0131 ve liyakatl\u0131 y\u00f6neticileri se\u00e7emiyoruz. Okumad\u0131\u011f\u0131m\u0131z i\u00e7in hakk\u0131m\u0131z\u0131 aram\u0131yor, yanl\u0131\u015fl\u0131klara kar\u015f\u0131 hesap sormaya, sorgulamaya yetecek bilgi ve cesareti kendimizde bulam\u0131yor, her \u015feyi kaba kuvvetle halletmeye \u00e7al\u0131\u015f\u0131yoruz. Okumad\u0131\u011f\u0131m\u0131z i\u00e7in trafikte ya\u015fanan kavgalar, kazalar ve can kay\u0131plar\u0131 eksik olmuyor. Okumad\u0131\u011f\u0131m\u0131z i\u00e7in yolsuzluklara, haks\u0131zl\u0131klara sessiz kal\u0131yor, g\u00f6rmezden geliyor ve kimi zaman hak veriyoruz. Okumad\u0131\u011f\u0131m\u0131z i\u00e7in demokrasiyi, insan haklar\u0131n\u0131, \u00f6zg\u00fcrl\u00fc\u011f\u00fc, \u015feffafl\u0131\u011f\u0131, sayg\u0131y\u0131, erdemi ve insan olmay\u0131 yeterince ba\u015faram\u0131yoruz&#8221; diye konu\u015ftu.\u00a0<strong><\/strong><\/p>\n<p style=\"text-align: justify;\">Kaynak: http:\/\/www.haberx.com<\/p>\n","protected":false},"excerpt":{"rendered":"<p>Demokrat E\u011fitimciler Sendikas\u0131 (DES) Genel Ba\u015fkan\u0131 G\u00fcrkan Avc\u0131, &#8220;T\u00fcrk halk\u0131 ortalama 10 y\u0131lda bir kitap okuyor. Ki\u015fi ba\u015f\u0131 y\u0131ll\u0131k kitap harcamas\u0131 ise dolar\u0131 bile bulmuyor&#8221; dedi. DES&#8217;in Ar-Ge kurulu\u015fu DESAM&#8217;\u0131n &#8216;D\u00fcnya Kitap Haftas\u0131&#8217; dolay\u0131s\u0131yla haz\u0131rlad\u0131\u011f\u0131 ara\u015ft\u0131rma raporu ile ilgili a\u00e7\u0131klamalarda bulunan Avc\u0131, T\u00fcrkiye&#8217;de kitap okunmamas\u0131n\u0131n yap\u0131sal nedenleri oldu\u011funu belirterek, okul \u00f6ncesi d\u00f6nemden \u00fcniversite e\u011fitiminin sonras\u0131na [&hellip;]<\/p>\n","protected":false},"author":1,"featured_media":0,"comment_status":"open","ping_status":"open","sticky":false,"template":"","format":"standard","meta":{"footnotes":""},"categories":[1],"tags":[],"class_list":["post-944","post","type-post","status-publish","format-standard","hentry","category-genel"],"_links":{"self":[{"href":"https:\/\/www.bbyhaber.com\/bby\/wp-json\/wp\/v2\/posts\/944"}],"collection":[{"href":"https:\/\/www.bbyhaber.com\/bby\/wp-json\/wp\/v2\/posts"}],"about":[{"href":"https:\/\/www.bbyhaber.com\/bby\/wp-json\/wp\/v2\/types\/post"}],"author":[{"embeddable":true,"href":"https:\/\/www.bbyhaber.com\/bby\/wp-json\/wp\/v2\/users\/1"}],"replies":[{"embeddable":true,"href":"https:\/\/www.bbyhaber.com\/bby\/wp-json\/wp\/v2\/comments?post=944"}],"version-history":[{"count":0,"href":"https:\/\/www.bbyhaber.com\/bby\/wp-json\/wp\/v2\/posts\/944\/revisions"}],"wp:attachment":[{"href":"https:\/\/www.bbyhaber.com\/bby\/wp-json\/wp\/v2\/media?parent=944"}],"wp:term":[{"taxonomy":"category","embeddable":true,"href":"https:\/\/www.bbyhaber.com\/bby\/wp-json\/wp\/v2\/categories?post=944"},{"taxonomy":"post_tag","embeddable":true,"href":"https:\/\/www.bbyhaber.com\/bby\/wp-json\/wp\/v2\/tags?post=944"}],"curies":[{"name":"wp","href":"https:\/\/api.w.org\/{rel}","templated":true}]}}