{"id":9408,"date":"2013-02-08T14:06:06","date_gmt":"2013-02-08T12:06:06","guid":{"rendered":"http:\/\/www.bbyhaber.com\/bby\/?p=9408"},"modified":"2016-03-23T15:35:16","modified_gmt":"2016-03-23T13:35:16","slug":"yrd-doc-dr-isil-ilknur-sert-2013-kutuphane-haftasi-okuma-etkinligi-mesaji","status":"publish","type":"post","link":"https:\/\/www.bbyhaber.com\/bby\/2013\/02\/08\/yrd-doc-dr-isil-ilknur-sert-2013-kutuphane-haftasi-okuma-etkinligi-mesaji","title":{"rendered":"Yrd.Do\u00e7.Dr.I\u015f\u0131l \u0130lknur SERT&#8217;den 2013 K\u00fct\u00fcphane Haftas\u0131 Okuma Etkinli\u011fi Mesaj\u0131"},"content":{"rendered":"<p style=\"text-align: justify;\">\u0130stanbul \u00dcniversitesi BBY B\u00f6l\u00fcm\u00fc&#8217;nden Hocam\u0131z <a href=\"http:\/\/www.bbyhaber.com\/bby\/tag\/isil-ilknur-sert\/\">Yrd.Do\u00e7.Dr.I\u015f\u0131l \u0130lknur SERT<\/a>, K\u00fct\u00fcphane Haftas\u0131&#8217;nda yap\u0131lacak olan Okuma Etkinli\u011fi&#8217;ne y\u00f6nelik mesaj yay\u0131nlad\u0131:<\/p>\n<p style=\"text-align: justify;\">&#8220;Hangi meydanlarda, nas\u0131l toplanaca\u011f\u0131z \u015fu an belli de\u011fil ama sizden ricam belirtilen g\u00fcn ve saatte \u201ckimselere randevu vermemeniz\u201d. K\u00fct\u00fcphane haftas\u0131 programlar\u0131n\u0131 da bu etkinlikle \u201c\u00e7ak\u0131\u015fma olmayacak \u015fekilde\u201d ayarlarsak do\u011fru bir i\u015f yapar\u0131z gibi geliyor bana. <!--more-->Ge\u00e7en y\u0131l \u0130stanbul\u2019da \u00e7ok keyifle yapt\u0131\u011f\u0131m\u0131z bu \u00e7al\u0131\u015fmada, Galatasaray Lisesi \u00f6n\u00fcnde bir avu\u00e7 insand\u0131k. Bir avu\u00e7 insan da \u00dcsk\u00fcdar\u2019da, \u015eemsipa\u015fa Halk K\u00fct\u00fcphanesi \u00f6n\u00fcndeydi. \u0130stanbul d\u0131\u015f\u0131nda da pek \u00e7ok merkezde bu etkinlik yap\u0131ld\u0131. Eme\u011fi ge\u00e7en herkese tekrar te\u015fekk\u00fcr ederiz. \u015eimdi bu i\u015fin, B\u00f6l\u00fcm\u00fcm\u00fcz \u00f6\u011frencileri taraf\u0131ndan ba\u015flat\u0131lm\u0131\u015f \u201c K\u00fct\u00fcphane Haftas\u0131 Y\u00fcr\u00fcy\u00fc\u015f\u00fc\u201d etkinli\u011finin b\u00fcy\u00fcmesi gibi, \u00e7\u0131\u011f gibi, b\u00fcy\u00fcmesini diliyoruz. \u0130lk y\u00fcr\u00fcy\u00fc\u015fte bir avu\u00e7 \u00f6\u011frenci ve birka\u00e7 k\u00fct\u00fcphaneci idik. Sevgili mezunumuz M\u00fcsl\u00fcm Yurtseven, bu fikri ortaya atan arkada\u015f\u0131m\u0131zd\u0131. B\u00f6l\u00fcm\u00fcm\u00fczden \u00f6\u011frencilerimiz de Dernek ile bu i\u015fe sahip \u00e7\u0131kt\u0131lar. \u015eimdi ise her y\u00fcr\u00fcy\u00fc\u015fte daha da \u00e7o\u011fal\u0131yoruz. Ne g\u00fczel. &#8220;Kitab\u0131n\u0131 alan meydana gelsin!&#8221; de b\u00f6yle olmal\u0131. Biz b\u00fcy\u00fck bir g\u00fcc\u00fcz. \u00d6zellikle ge\u00e7en y\u0131l bu etkinlikte yer almam\u0131\u015f her \u00f6\u011frencimizi, il\u00e7e il\u00e7e bu i\u015fin planlanmas\u0131nda \u00e7al\u0131\u015fmak \u00fczere g\u00f6reve davet ediyorum. Hocam\u0131z\u0131n dedi\u011fi gibi \u201cfarkl\u0131 ya\u015f ve gruplardan kat\u0131l\u0131m sa\u011flamaya \u00e7al\u0131\u015fal\u0131m\u201d. Annenizle, baban\u0131zla, kom\u015funuzla, k\u00fc\u00e7\u00fck ye\u011fenlerinizle, halkla beraber bu etkinli\u011fi yapal\u0131m. Kendimiz \u00e7al\u0131p kendimiz oynamayal\u0131m art\u0131k. Planlama i\u00e7in bana nas\u0131l ula\u015faca\u011f\u0131n\u0131z\u0131 biliyorsunuz. B\u00fclent Hoca \u201cba\u015flay\u0131n!\u201d dedi. Art\u0131k harekete ge\u00e7elim. (<em>bu mesaj hocam\u0131n\u0131z\u0131n facebook adresinden al\u0131nm\u0131\u015ft\u0131r<\/em>)&#8221;<\/p>\n<p><span style=\"color: #0000ff;\"><strong>NOT:<\/strong><\/span><\/p>\n<p style=\"text-align: justify;\">Kitap okuma etkinli\u011fi; TKD Genel Merkezi, TKD Gen\u00e7lik \u00c7al\u0131\u015fma Grubu- TKD Kamp\u00fcs, TKD Halkla \u0130li\u015fkiler \u00c7al\u0131\u015fma Grubu-TKD H\u0130G, Payda\u015f STKlar, K\u00fct\u00fcphanaler ve Yay\u0131mlar Genel M\u00fcd\u00fcrl\u00fc\u011f\u00fc, 81 \u0130l Valilikleri, \u0130l K\u00fclt\u00fcr Turizm M\u00fcd\u00fcrl\u00fckleri, \u0130l Halk K\u00fct\u00fcphanesi M\u00fcd\u00fcrl\u00fckleri, \u0130l\u00e7e Halk K\u00fct\u00fcphanesi M\u00fcd\u00fcrl\u00fckleri deste\u011fiyle <strong>27 Mart \u00c7ar\u015famba G\u00fcn\u00fc 81 <\/strong>\u0130lde ve il\u00e7elerde <strong>12.30-13.00<\/strong> saatleri aras\u0131nda meydanlarda ger\u00e7ekle\u015fecek. <strong>Etkinli\u011fin koordinasyonu T\u00fcrk K\u00fct\u00fcphaneciler Derne\u011fi Genel Merkezi ad\u0131na <span style=\"color: #ff0000;\">Ayd\u0131n \u0130LER\u0130<\/span> taraf\u0131ndan y\u00fcr\u00fct\u00fclecektir<\/strong>. Konu hakk\u0131nda ayr\u0131nt\u0131l\u0131 bilgiler ilgili listelerle ve kurumlara T\u00fcrk K\u00fct\u00fcphaneciler Derne\u011fi Genel Merkezi taraf\u0131ndan en k\u0131sa zamanda payla\u015f\u0131lacakt\u0131r.<\/p>\n<p><iframe loading=\"lazy\" src=\"http:\/\/www.dailymotion.com\/embed\/video\/xhuy9c\" frameborder=\"0\" width=\"396\" height=\"324\"><\/iframe><br \/>\n<a href=\"http:\/\/www.dailymotion.com\/video\/xhuy9c_kutuphanecilerden-korsana-hayyr-yuruyuyu-tkd-ystanbul-yubesi_news\" target=\"_blank\">K\u00fct\u00fcphanecilerden Korsana Hay\u0131r Y\u00fcr\u00fcy\u00fc\u015f\u00fc-TKD&#8230;<\/a> <em> <a href=\"http:\/\/www.dailymotion.com\/bbyhaber\" target=\"_blank\">bbyhaber<\/a><\/em><\/p>\n","protected":false},"excerpt":{"rendered":"<p>\u0130stanbul \u00dcniversitesi BBY B\u00f6l\u00fcm\u00fc&#8217;nden Hocam\u0131z Yrd.Do\u00e7.Dr.I\u015f\u0131l \u0130lknur SERT, K\u00fct\u00fcphane Haftas\u0131&#8217;nda yap\u0131lacak olan Okuma Etkinli\u011fi&#8217;ne y\u00f6nelik mesaj yay\u0131nlad\u0131: &#8220;Hangi meydanlarda, nas\u0131l toplanaca\u011f\u0131z \u015fu an belli de\u011fil ama sizden ricam belirtilen g\u00fcn ve saatte \u201ckimselere randevu vermemeniz\u201d. K\u00fct\u00fcphane haftas\u0131 programlar\u0131n\u0131 da bu etkinlikle \u201c\u00e7ak\u0131\u015fma olmayacak \u015fekilde\u201d ayarlarsak do\u011fru bir i\u015f yapar\u0131z gibi geliyor bana.<\/p>\n","protected":false},"author":1,"featured_media":0,"comment_status":"open","ping_status":"open","sticky":false,"template":"","format":"standard","meta":{"footnotes":""},"categories":[1470,1562,1496],"tags":[1461],"class_list":["post-9408","post","type-post","status-publish","format-standard","hentry","category-49-kutuphane-haftasi","category-doc-dr-isil-ilknur-selvi-sert","category-kitap-okuma-etkinligi","tag-kutuphane-haftasi"],"_links":{"self":[{"href":"https:\/\/www.bbyhaber.com\/bby\/wp-json\/wp\/v2\/posts\/9408"}],"collection":[{"href":"https:\/\/www.bbyhaber.com\/bby\/wp-json\/wp\/v2\/posts"}],"about":[{"href":"https:\/\/www.bbyhaber.com\/bby\/wp-json\/wp\/v2\/types\/post"}],"author":[{"embeddable":true,"href":"https:\/\/www.bbyhaber.com\/bby\/wp-json\/wp\/v2\/users\/1"}],"replies":[{"embeddable":true,"href":"https:\/\/www.bbyhaber.com\/bby\/wp-json\/wp\/v2\/comments?post=9408"}],"version-history":[{"count":0,"href":"https:\/\/www.bbyhaber.com\/bby\/wp-json\/wp\/v2\/posts\/9408\/revisions"}],"wp:attachment":[{"href":"https:\/\/www.bbyhaber.com\/bby\/wp-json\/wp\/v2\/media?parent=9408"}],"wp:term":[{"taxonomy":"category","embeddable":true,"href":"https:\/\/www.bbyhaber.com\/bby\/wp-json\/wp\/v2\/categories?post=9408"},{"taxonomy":"post_tag","embeddable":true,"href":"https:\/\/www.bbyhaber.com\/bby\/wp-json\/wp\/v2\/tags?post=9408"}],"curies":[{"name":"wp","href":"https:\/\/api.w.org\/{rel}","templated":true}]}}