{"id":9402,"date":"2013-02-08T10:44:17","date_gmt":"2013-02-08T08:44:17","guid":{"rendered":"http:\/\/www.bbyhaber.com\/bby\/?p=9402"},"modified":"2013-02-08T10:44:49","modified_gmt":"2013-02-08T08:44:49","slug":"kent-muzesi-olmayan-baskent-feridun-buyukyildiz","status":"publish","type":"post","link":"https:\/\/www.bbyhaber.com\/bby\/2013\/02\/08\/kent-muzesi-olmayan-baskent-feridun-buyukyildiz","title":{"rendered":"Kent M\u00fczesi Olmayan Ba\u015fkent-Feridun B\u00fcy\u00fcky\u0131ld\u0131z"},"content":{"rendered":"<p style=\"text-align: justify;\"><a href=\"http:\/\/www.bbyhaber.com\/bby\/wp-content\/uploads\/2013\/02\/feridunbuyukyildiz.jpg\"><img loading=\"lazy\" decoding=\"async\" class=\"alignleft size-full wp-image-9403\" title=\"feridunbuyukyildiz\" src=\"http:\/\/www.bbyhaber.com\/bby\/wp-content\/uploads\/2013\/02\/feridunbuyukyildiz.jpg\" alt=\"\" width=\"112\" height=\"149\" \/><\/a>Google\u2019da Kent M\u00fczesi kelimeleri ile arama yapt\u0131n\u0131z zaman kar\u015f\u0131n\u0131za 440.000 sonu\u00e7 \u00e7\u0131k\u0131yor. Durum onu g\u00f6steriyor ki \u201cKent M\u00fczesi\u201d kavram\u0131 \u00fclkemize yabanc\u0131 de\u011fil ancak Ankara\u2019y\u0131 y\u00f6netenler i\u00e7in \u00e7ok yabanc\u0131 bir kavram. Elaz\u0131\u011f Kent M\u00fczesi, Mardin Kent M\u00fczesi, Bursa\u2019n\u0131n \u0130neg\u00f6l il\u00e7esinin Kent M\u00fczesi ve hatta Gaziantep Mutfak M\u00fczesi kent hayat\u0131nda \u00e7oktan yerini alm\u0131\u015f durumda. Ankara da ise f\u0131skiyeler, \u015felaleler, hatta atnal\u0131 \u00fcst ge\u00e7itler, balkonumuzdan i\u00e7eri girecek kadar hayat\u0131m\u0131z\u0131n i\u00e7inde iken, \u201cKent M\u00fczesi\u201d kavram\u0131 hayat\u0131n d\u0131\u015f\u0131ndad\u0131r. <strong>\u201cKent M\u00fczesi Y\u00f6nergesi\u201d<\/strong> vard\u0131r, kendisi yoktur.<!--more--><\/p>\n<p style=\"text-align: justify;\">Y\u00f6nerge: <em>\u201c\u00a0Kent m\u00fczeleri, binlerce y\u0131ll\u0131k ge\u00e7mi\u015fleri ve \u00fczerinde ya\u015fad\u0131\u011f\u0131m\u0131z topraklar\u0131n ev sahipli\u011fi yapm\u0131\u015f oldu\u011fu uygarl\u0131klar\u0131n yaratm\u0131\u015f oldu\u011fu k\u00fclt\u00fcrel birikimin ta\u015f\u0131y\u0131c\u0131s\u0131 olan kentlerimizin, bu uygarl\u0131klardan kendi pay\u0131na d\u00fc\u015fen miras\u0131, modern m\u00fczecilik anlay\u0131\u015flar\u0131 do\u011frultusunda, bug\u00fcnk\u00fc ku\u015faklara ta\u015f\u0131yabilmektir.\u201d <\/em>Der demesine ancak, Ankara\u2019n\u0131n gelece\u011fe ta\u015f\u0131yaca\u011f\u0131 miras yokmu\u015f gibi davran\u0131l\u0131r.<\/p>\n<p style=\"text-align: justify;\"><strong>Ankara Kalk\u0131nma Ajans\u0131<\/strong> \u201c\u00c7ubuk Kent M\u00fczesi\u201dnin a\u00e7\u0131lmas\u0131 i\u00e7in 1 milyon 300 bin TL \u00f6denek ay\u0131r\u0131rken ba\u015fkentin kent m\u00fczesi ise Ankara Valili\u011fi taraf\u0131ndan 2009 y\u0131l\u0131ndan bu yana bir \u201ckomisyona havale\u201d vaziyetinde beklemektedir. Komisyonun \u00fcyeleri bellidir, yeri bellidir, yurdu bellidir ancak aradan y\u0131llar ge\u00e7mesine ra\u011fmen <strong>Ankara Kent M\u00fczesi<\/strong> ortada yoktur.<\/p>\n<p style=\"text-align: justify;\">Bu kentin an\u0131lar\u0131 ortal\u0131\u011fa sa\u00e7\u0131lm\u0131\u015f durumdad\u0131r. Antika pazarlar\u0131nda, tezg\u00e2hta sat\u0131lan siyah beyaz resimlerin pe\u015fine d\u00fc\u015fmezseniz o an\u0131lar\u0131 bulamazs\u0131n\u0131z.\u00a0 Akla gelmeyecek kurumlar\u0131n ar\u015fivlerine, tozlu raflar\u0131na girmezseniz g\u00fcn y\u00fcz\u00fcne \u00e7\u0131karamazs\u0131n\u0131z. \u015eehrin orta yerindeki koskoca kay\u0131p antika havuzu y\u0131llarca arad\u0131k da, EGO\u2019nun hurdal\u0131\u011f\u0131nda bulmad\u0131k m\u0131? Arada bir siyah beyaz Ankara resimlerini al\u0131\u015fveri\u015f merkezlerinin orta yerinde g\u00f6r\u00fcr ge\u00e7eriz.\u00a0 Bu \u015fehrin an\u0131lar\u0131, ge\u00e7mi\u015fi, birka\u00e7 siyah beyaz foto\u011fraftan ibaret de\u011fildir.<\/p>\n<p style=\"text-align: justify;\">Ankara kartpostallar\u0131, Ankara pullar\u0131n\u0131, Ankara takvimleri, hatta Ankara belediye otob\u00fcs\u00fc biletlerini en son nerede toplu halde g\u00f6rebildiniz, keyifle g\u00f6zden ge\u00e7irdiniz? Ad\u0131 Ankara olan makarnalardan, viskilere kadar de\u011fi\u015fik \u00fcr\u00fcnleri yan yana g\u00f6rmek bir kentin haf\u0131zas\u0131n\u0131 canl\u0131 tutmak de\u011fil midir? Bursa\u2019n\u0131n ana caddelerinde <strong>\u201cKent M\u00fczesine gider\u201d<\/strong> tabelalar dururken, Ankaral\u0131n\u0131n gezece\u011fi, gezerken an\u0131lar\u0131n\u0131 bulabilece\u011fi bir kent m\u00fczesi maalesef yoktur. Komisyona havale edilmi\u015f vaziyette beklemektedir.<\/p>\n<p style=\"text-align: justify;\"><strong>ODT\u00dc, Mimarl\u0131k Fak\u00fcltesi<\/strong> 50 y\u0131ll\u0131k birikiminin de\u011ferlendirilmesi i\u00e7in kendi imk\u00e2nlar\u0131 ile <strong>\u201cAnkara Ara\u015ft\u0131rma Birimi\u201d<\/strong> kurdu. \u201cKent Tarihi Sergisi\u201d gibi sergiler, \u201cAnkara Kenti Rehberi\u201d gibi Kitaplar yay\u0131nlad\u0131. Ankara Kent M\u00fczesi i\u00e7in alt yap\u0131 olu\u015fturma \u00e7abas\u0131nda. Ba\u015fka bir \u00dcniversite, <strong>At\u0131l\u0131m \u00dcniversitesi<\/strong> ise kent ar\u015fivinin eksikli\u011fini g\u00f6rerek <strong>\u201cAnkara Dijital Ar\u015fivi\u201d<\/strong> olu\u015fturmak i\u00e7in imk\u00e2nlar\u0131n\u0131 seferber etti. \u00a0<strong>\u201cTar\u0131m M\u00fczesi\u201d<\/strong>ni kuran, Bart\u0131n\u2019da <strong>\u201cKemal Samanc\u0131o\u011fl\u0131 Etnografya M\u00fczesi\u201d<\/strong>ni kuran, \u201cDemir Yollar\u0131 M\u00fczesi\u201dne y\u0131llar\u0131n\u0131 veren, en son <strong>\u201cS\u00fczge\u00e7 Su\u00a0 M\u00fczesi\u201d<\/strong> kurmak i\u00e7in u\u011fra\u015fan <strong>M\u00fczeci Servet Sar\u0131aslan<\/strong> Ankara\u2019da ya\u015f\u0131yor.<\/p>\n<p style=\"text-align: justify;\">\u00a0Ankara\u2019n\u0131n \u201cKent M\u00fczesi\u201d kuracak de\u011ferleri de, \u00fcniversiteleri de, iste\u011fi de vard\u0131r.<\/p>\n<p style=\"text-align: justify;\"><strong><\/strong>Bir kentin haf\u0131zas\u0131n\u0131 canl\u0131 tutmak o kentin ge\u00e7mi\u015fine olan sayg\u0131 kadar kendimize olan sayg\u0131m\u0131z ile de ili\u015fkilidir.\u00a0 \u015eehirle b\u00fct\u00fcnle\u015fmi\u015f, ge\u00e7mi\u015f t\u00fcm an\u0131lar\u0131 \u00fczerinde bar\u0131nd\u0131ran her t\u00fcrl\u00fc objenin sergilenece\u011fi bir Kent M\u00fczesi\u201dnde gezmek, Ankara\u2019da ya\u015fayan herkesi heyecanland\u0131racakt\u0131r. Ba\u015fkentin an\u0131lar\u0131n\u0131n yok olmas\u0131 demek, giderek kimliksiz bir h\u00e2l almas\u0131 anlam\u0131na gelir. An\u0131lar\u0131 i\u015fporta tezg\u00e2hlar\u0131na d\u00fc\u015fm\u00fc\u015f bir kent yerine, de\u011ferlerini korumas\u0131n\u0131 bilen bir ba\u015fkentte ya\u015famak hepimizin hakk\u0131d\u0131r.<\/p>\n<p style=\"text-align: justify;\">Kaynak: <a href=\"http:\/\/www.bbyhaber.com\/bby\/tag\/feridun-buyukyildiz\/\">Feridun B\u00fcy\u00fcky\u0131ld\u0131z<\/a><\/p>\n","protected":false},"excerpt":{"rendered":"<p>Google\u2019da Kent M\u00fczesi kelimeleri ile arama yapt\u0131n\u0131z zaman kar\u015f\u0131n\u0131za 440.000 sonu\u00e7 \u00e7\u0131k\u0131yor. Durum onu g\u00f6steriyor ki \u201cKent M\u00fczesi\u201d kavram\u0131 \u00fclkemize yabanc\u0131 de\u011fil ancak Ankara\u2019y\u0131 y\u00f6netenler i\u00e7in \u00e7ok yabanc\u0131 bir kavram. Elaz\u0131\u011f Kent M\u00fczesi, Mardin Kent M\u00fczesi, Bursa\u2019n\u0131n \u0130neg\u00f6l il\u00e7esinin Kent M\u00fczesi ve hatta Gaziantep Mutfak M\u00fczesi kent hayat\u0131nda \u00e7oktan yerini alm\u0131\u015f durumda. Ankara da ise [&hellip;]<\/p>\n","protected":false},"author":1,"featured_media":0,"comment_status":"open","ping_status":"open","sticky":false,"template":"","format":"standard","meta":{"footnotes":""},"categories":[1],"tags":[435],"class_list":["post-9402","post","type-post","status-publish","format-standard","hentry","category-genel","tag-feridun-buyukyildiz"],"_links":{"self":[{"href":"https:\/\/www.bbyhaber.com\/bby\/wp-json\/wp\/v2\/posts\/9402"}],"collection":[{"href":"https:\/\/www.bbyhaber.com\/bby\/wp-json\/wp\/v2\/posts"}],"about":[{"href":"https:\/\/www.bbyhaber.com\/bby\/wp-json\/wp\/v2\/types\/post"}],"author":[{"embeddable":true,"href":"https:\/\/www.bbyhaber.com\/bby\/wp-json\/wp\/v2\/users\/1"}],"replies":[{"embeddable":true,"href":"https:\/\/www.bbyhaber.com\/bby\/wp-json\/wp\/v2\/comments?post=9402"}],"version-history":[{"count":0,"href":"https:\/\/www.bbyhaber.com\/bby\/wp-json\/wp\/v2\/posts\/9402\/revisions"}],"wp:attachment":[{"href":"https:\/\/www.bbyhaber.com\/bby\/wp-json\/wp\/v2\/media?parent=9402"}],"wp:term":[{"taxonomy":"category","embeddable":true,"href":"https:\/\/www.bbyhaber.com\/bby\/wp-json\/wp\/v2\/categories?post=9402"},{"taxonomy":"post_tag","embeddable":true,"href":"https:\/\/www.bbyhaber.com\/bby\/wp-json\/wp\/v2\/tags?post=9402"}],"curies":[{"name":"wp","href":"https:\/\/api.w.org\/{rel}","templated":true}]}}